{"id":6788,"date":"2025-08-01T11:16:26","date_gmt":"2025-08-01T14:16:26","guid":{"rendered":"https:\/\/www.guiaglbts.com.br\/blog\/?p=6788"},"modified":"2025-08-06T20:36:42","modified_gmt":"2025-08-06T23:36:42","slug":"sebastian-vega-reforca-visibilidade-lgbtqia-cinco-anos-apos-se-declarar-publicamente-homossexual","status":"publish","type":"post","link":"https:\/\/www.guiaglbts.com.br\/blog\/sebastian-vega-reforca-visibilidade-lgbtqia-cinco-anos-apos-se-declarar-publicamente-homossexual\/","title":{"rendered":"Sebasti\u00e1n Vega refor\u00e7a visibilidade LGBTQIA+ cinco anos ap\u00f3s se declarar publicamente homossexual."},"content":{"rendered":"<p><span style=\"font-weight: 400;\">\ud83c\udff3\ufe0f\u200d\ud83c\udf08 Com a bandeira do orgulho nas m\u00e3os e o cora\u00e7\u00e3o cheio de emo\u00e7\u00e3o, Sebasti\u00e1n Vega fez hist\u00f3ria mais uma vez!<\/span><\/p>\n<p><span style=\"font-weight: 400;\">\ud83c\udfc0 Ap\u00f3s conquistar o t\u00edtulo da Liga Nacional de Basquete com o Boca Juniors, o jogador argentino e primeiro atleta da liga a se declarar publicamente homossexual, celebrou erguendo a bandeira LGBTQIA+ no centro da quadra, diante de um gin\u00e1sio lotado.<\/span><\/p>\n<p><span style=\"font-weight: 400;\">Aos 37 anos, Vega \u00e9 s\u00edmbolo de resist\u00eancia, visibilidade e supera\u00e7\u00e3o. &#8220;Nunca pensei que inspiraria tantas pessoas&#8221;, afirmou ele, emocionado.<\/span><\/p>\n<p><span style=\"font-weight: 400;\">Entre cestas e coragem, ele mostra que ningu\u00e9m precisa esconder quem \u00e9 para vencer.<\/span><\/p>\n<p><span style=\"font-weight: 400;\">Fonte: GayBlog<\/span><\/p>\n<p><span style=\"font-weight: 400;\">\ud83c\udf08 Siga nosso perfil para ficar por dentro de todas as not\u00edcias da comunidade LGBTQIA+.<\/span><\/p>\n<p><span style=\"font-weight: 400;\">#SebastianVega #BocaJuniors #OrgulhoLGBT #LGBTnoEsporte #not\u00edcias #GuiaLGBTS #LGBT #LGBTQIA #Not\u00edciasLGBTQIA #OrgulhoLGBTQIA #OrgulhoLGBT #Not\u00edciasLGBTQIA #VisibilidadeLGBTQIA\u00a0 #RepresentatividadeLGBTQIA\u00a0<\/span><\/p>\n<p><a href=\"https:\/\/www.guiaglbts.com.br\/blog\/wp-content\/uploads\/2025\/08\/Guia-LGBT-1080-x-1350-px-9.png\"><img fetchpriority=\"high\" decoding=\"async\" class=\"alignleft size-medium wp-image-6789\" src=\"https:\/\/www.guiaglbts.com.br\/blog\/wp-content\/uploads\/2025\/08\/Guia-LGBT-1080-x-1350-px-9-240x300.png\" alt=\"\" width=\"240\" height=\"300\" srcset=\"https:\/\/www.guiaglbts.com.br\/blog\/wp-content\/uploads\/2025\/08\/Guia-LGBT-1080-x-1350-px-9-240x300.png 240w, https:\/\/www.guiaglbts.com.br\/blog\/wp-content\/uploads\/2025\/08\/Guia-LGBT-1080-x-1350-px-9-600x750.png 600w, https:\/\/www.guiaglbts.com.br\/blog\/wp-content\/uploads\/2025\/08\/Guia-LGBT-1080-x-1350-px-9-819x1024.png 819w, https:\/\/www.guiaglbts.com.br\/blog\/wp-content\/uploads\/2025\/08\/Guia-LGBT-1080-x-1350-px-9-768x960.png 768w, https:\/\/www.guiaglbts.com.br\/blog\/wp-content\/uploads\/2025\/08\/Guia-LGBT-1080-x-1350-px-9.png 1080w\" sizes=\"(max-width: 240px) 100vw, 240px\" \/><\/a><\/p>\n","protected":false},"excerpt":{"rendered":"<p>\ud83c\udff3\ufe0f\u200d\ud83c\udf08 Com a bandeira do orgulho nas m\u00e3os e o cora\u00e7\u00e3o cheio de emo\u00e7\u00e3o, Sebasti\u00e1n Vega fez hist\u00f3ria mais uma vez! \ud83c\udfc0 Ap\u00f3s conquistar o t\u00edtulo da Liga Nacional de Basquete com o Boca Juniors, o jogador argentino e primeiro atleta da liga a se declarar publicamente homossexual, celebrou erguendo a bandeira LGBTQIA+ no centro [&hellip;]<\/p>\n","protected":false},"author":2,"featured_media":6789,"comment_status":"open","ping_status":"open","sticky":false,"template":"","format":"standard","meta":{"footnotes":""},"categories":[67],"tags":[],"class_list":["post-6788","post","type-post","status-publish","format-standard","has-post-thumbnail","hentry","category-celebridades"],"yoast_head":"<!-- This site is optimized with the Yoast SEO plugin v27.2 - https:\/\/yoast.com\/product\/yoast-seo-wordpress\/ -->\n<title>Sebasti\u00e1n Vega refor\u00e7a visibilidade LGBTQIA+ cinco anos ap\u00f3s se declarar publicamente homossexual. - Guia GLBTS<\/title>\n<meta name=\"robots\" content=\"index, follow, max-snippet:-1, max-image-preview:large, max-video-preview:-1\" \/>\n<link rel=\"canonical\" href=\"https:\/\/www.guiaglbts.com.br\/blog\/sebastian-vega-reforca-visibilidade-lgbtqia-cinco-anos-apos-se-declarar-publicamente-homossexual\/\" \/>\n<meta property=\"og:locale\" content=\"pt_BR\" \/>\n<meta property=\"og:type\" content=\"article\" \/>\n<meta property=\"og:title\" content=\"Sebasti\u00e1n Vega refor\u00e7a visibilidade LGBTQIA+ cinco anos ap\u00f3s se declarar publicamente homossexual. - Guia GLBTS\" \/>\n<meta property=\"og:description\" content=\"\ud83c\udff3\ufe0f\u200d\ud83c\udf08 Com a bandeira do orgulho nas m\u00e3os e o cora\u00e7\u00e3o cheio de emo\u00e7\u00e3o, Sebasti\u00e1n Vega fez hist\u00f3ria mais uma vez! \ud83c\udfc0 Ap\u00f3s conquistar o t\u00edtulo da Liga Nacional de Basquete com o Boca Juniors, o jogador argentino e primeiro atleta da liga a se declarar publicamente homossexual, celebrou erguendo a bandeira LGBTQIA+ no centro [&hellip;]\" \/>\n<meta property=\"og:url\" content=\"https:\/\/www.guiaglbts.com.br\/blog\/sebastian-vega-reforca-visibilidade-lgbtqia-cinco-anos-apos-se-declarar-publicamente-homossexual\/\" \/>\n<meta property=\"og:site_name\" content=\"Guia GLBTS\" \/>\n<meta property=\"article:publisher\" content=\"https:\/\/www.facebook.com\/guialgbtsclassificados\" \/>\n<meta property=\"article:published_time\" content=\"2025-08-01T14:16:26+00:00\" \/>\n<meta property=\"article:modified_time\" content=\"2025-08-06T23:36:42+00:00\" \/>\n<meta property=\"og:image\" content=\"https:\/\/www.guiaglbts.com.br\/blog\/wp-content\/uploads\/2025\/08\/Guia-LGBT-1080-x-1350-px-9-819x1024.png\" \/>\n\t<meta property=\"og:image:width\" content=\"819\" \/>\n\t<meta property=\"og:image:height\" content=\"1024\" \/>\n\t<meta property=\"og:image:type\" content=\"image\/png\" \/>\n<meta name=\"author\" content=\"Ellos Design\" \/>\n<meta name=\"twitter:card\" content=\"summary_large_image\" \/>\n<meta name=\"twitter:creator\" content=\"@GuiaLGBTS\" \/>\n<meta name=\"twitter:site\" content=\"@GuiaLGBTS\" \/>\n<meta name=\"twitter:label1\" content=\"Escrito por\" \/>\n\t<meta name=\"twitter:data1\" content=\"Ellos Design\" \/>\n\t<meta name=\"twitter:label2\" content=\"Est. tempo de leitura\" \/>\n\t<meta name=\"twitter:data2\" content=\"1 minuto\" \/>\n<script type=\"application\/ld+json\" class=\"yoast-schema-graph\">{\"@context\":\"https:\/\/schema.org\",\"@graph\":[{\"@type\":\"Article\",\"@id\":\"https:\/\/www.guiaglbts.com.br\/blog\/sebastian-vega-reforca-visibilidade-lgbtqia-cinco-anos-apos-se-declarar-publicamente-homossexual\/#article\",\"isPartOf\":{\"@id\":\"https:\/\/www.guiaglbts.com.br\/blog\/sebastian-vega-reforca-visibilidade-lgbtqia-cinco-anos-apos-se-declarar-publicamente-homossexual\/\"},\"author\":{\"name\":\"Ellos Design\",\"@id\":\"https:\/\/www.guiaglbts.com.br\/blog\/#\/schema\/person\/26d0c7f8b7991962d310475ce84fcd3e\"},\"headline\":\"Sebasti\u00e1n Vega refor\u00e7a visibilidade LGBTQIA+ cinco anos ap\u00f3s se declarar publicamente homossexual.\",\"datePublished\":\"2025-08-01T14:16:26+00:00\",\"dateModified\":\"2025-08-06T23:36:42+00:00\",\"mainEntityOfPage\":{\"@id\":\"https:\/\/www.guiaglbts.com.br\/blog\/sebastian-vega-reforca-visibilidade-lgbtqia-cinco-anos-apos-se-declarar-publicamente-homossexual\/\"},\"wordCount\":152,\"commentCount\":0,\"publisher\":{\"@id\":\"https:\/\/www.guiaglbts.com.br\/blog\/#organization\"},\"image\":{\"@id\":\"https:\/\/www.guiaglbts.com.br\/blog\/sebastian-vega-reforca-visibilidade-lgbtqia-cinco-anos-apos-se-declarar-publicamente-homossexual\/#primaryimage\"},\"thumbnailUrl\":\"https:\/\/www.guiaglbts.com.br\/blog\/wp-content\/uploads\/2025\/08\/Guia-LGBT-1080-x-1350-px-9.png\",\"articleSection\":[\"Celebridades\"],\"inLanguage\":\"pt-BR\",\"potentialAction\":[{\"@type\":\"CommentAction\",\"name\":\"Comment\",\"target\":[\"https:\/\/www.guiaglbts.com.br\/blog\/sebastian-vega-reforca-visibilidade-lgbtqia-cinco-anos-apos-se-declarar-publicamente-homossexual\/#respond\"]}]},{\"@type\":\"WebPage\",\"@id\":\"https:\/\/www.guiaglbts.com.br\/blog\/sebastian-vega-reforca-visibilidade-lgbtqia-cinco-anos-apos-se-declarar-publicamente-homossexual\/\",\"url\":\"https:\/\/www.guiaglbts.com.br\/blog\/sebastian-vega-reforca-visibilidade-lgbtqia-cinco-anos-apos-se-declarar-publicamente-homossexual\/\",\"name\":\"Sebasti\u00e1n Vega refor\u00e7a visibilidade LGBTQIA+ cinco anos ap\u00f3s se declarar publicamente homossexual. - Guia GLBTS\",\"isPartOf\":{\"@id\":\"https:\/\/www.guiaglbts.com.br\/blog\/#website\"},\"primaryImageOfPage\":{\"@id\":\"https:\/\/www.guiaglbts.com.br\/blog\/sebastian-vega-reforca-visibilidade-lgbtqia-cinco-anos-apos-se-declarar-publicamente-homossexual\/#primaryimage\"},\"image\":{\"@id\":\"https:\/\/www.guiaglbts.com.br\/blog\/sebastian-vega-reforca-visibilidade-lgbtqia-cinco-anos-apos-se-declarar-publicamente-homossexual\/#primaryimage\"},\"thumbnailUrl\":\"https:\/\/www.guiaglbts.com.br\/blog\/wp-content\/uploads\/2025\/08\/Guia-LGBT-1080-x-1350-px-9.png\",\"datePublished\":\"2025-08-01T14:16:26+00:00\",\"dateModified\":\"2025-08-06T23:36:42+00:00\",\"breadcrumb\":{\"@id\":\"https:\/\/www.guiaglbts.com.br\/blog\/sebastian-vega-reforca-visibilidade-lgbtqia-cinco-anos-apos-se-declarar-publicamente-homossexual\/#breadcrumb\"},\"inLanguage\":\"pt-BR\",\"potentialAction\":[{\"@type\":\"ReadAction\",\"target\":[\"https:\/\/www.guiaglbts.com.br\/blog\/sebastian-vega-reforca-visibilidade-lgbtqia-cinco-anos-apos-se-declarar-publicamente-homossexual\/\"]}]},{\"@type\":\"ImageObject\",\"inLanguage\":\"pt-BR\",\"@id\":\"https:\/\/www.guiaglbts.com.br\/blog\/sebastian-vega-reforca-visibilidade-lgbtqia-cinco-anos-apos-se-declarar-publicamente-homossexual\/#primaryimage\",\"url\":\"https:\/\/www.guiaglbts.com.br\/blog\/wp-content\/uploads\/2025\/08\/Guia-LGBT-1080-x-1350-px-9.png\",\"contentUrl\":\"https:\/\/www.guiaglbts.com.br\/blog\/wp-content\/uploads\/2025\/08\/Guia-LGBT-1080-x-1350-px-9.png\",\"width\":1080,\"height\":1350},{\"@type\":\"BreadcrumbList\",\"@id\":\"https:\/\/www.guiaglbts.com.br\/blog\/sebastian-vega-reforca-visibilidade-lgbtqia-cinco-anos-apos-se-declarar-publicamente-homossexual\/#breadcrumb\",\"itemListElement\":[{\"@type\":\"ListItem\",\"position\":1,\"name\":\"In\u00edcio\",\"item\":\"https:\/\/www.guiaglbts.com.br\/blog\/\"},{\"@type\":\"ListItem\",\"position\":2,\"name\":\"Sebasti\u00e1n Vega refor\u00e7a visibilidade LGBTQIA+ cinco anos ap\u00f3s se declarar publicamente homossexual.\"}]},{\"@type\":\"WebSite\",\"@id\":\"https:\/\/www.guiaglbts.com.br\/blog\/#website\",\"url\":\"https:\/\/www.guiaglbts.com.br\/blog\/\",\"name\":\"Guia GLBTS\",\"description\":\"Guia da Nany People\",\"publisher\":{\"@id\":\"https:\/\/www.guiaglbts.com.br\/blog\/#organization\"},\"potentialAction\":[{\"@type\":\"SearchAction\",\"target\":{\"@type\":\"EntryPoint\",\"urlTemplate\":\"https:\/\/www.guiaglbts.com.br\/blog\/?s={search_term_string}\"},\"query-input\":{\"@type\":\"PropertyValueSpecification\",\"valueRequired\":true,\"valueName\":\"search_term_string\"}}],\"inLanguage\":\"pt-BR\"},{\"@type\":\"Organization\",\"@id\":\"https:\/\/www.guiaglbts.com.br\/blog\/#organization\",\"name\":\"Guia GLBTS\",\"url\":\"https:\/\/www.guiaglbts.com.br\/blog\/\",\"logo\":{\"@type\":\"ImageObject\",\"inLanguage\":\"pt-BR\",\"@id\":\"https:\/\/www.guiaglbts.com.br\/blog\/#\/schema\/logo\/image\/\",\"url\":\"https:\/\/www.guiaglbts.com.br\/blog\/wp-content\/uploads\/2025\/08\/logo_guia.png\",\"contentUrl\":\"https:\/\/www.guiaglbts.com.br\/blog\/wp-content\/uploads\/2025\/08\/logo_guia.png\",\"width\":310,\"height\":78,\"caption\":\"Guia GLBTS\"},\"image\":{\"@id\":\"https:\/\/www.guiaglbts.com.br\/blog\/#\/schema\/logo\/image\/\"},\"sameAs\":[\"https:\/\/www.facebook.com\/guialgbtsclassificados\",\"https:\/\/x.com\/GuiaLGBTS\",\"https:\/\/www.instagram.com\/guiadananypeople\/\",\"https:\/\/www.youtube.com\/user\/GuiaLGBTS\"]},{\"@type\":\"Person\",\"@id\":\"https:\/\/www.guiaglbts.com.br\/blog\/#\/schema\/person\/26d0c7f8b7991962d310475ce84fcd3e\",\"name\":\"Ellos Design\",\"image\":{\"@type\":\"ImageObject\",\"inLanguage\":\"pt-BR\",\"@id\":\"https:\/\/secure.gravatar.com\/avatar\/34b58000c3a22ae0b540f58577ea8359e60439a7b722b361769d039ac0bbf649?s=96&d=mm&r=g\",\"url\":\"https:\/\/secure.gravatar.com\/avatar\/34b58000c3a22ae0b540f58577ea8359e60439a7b722b361769d039ac0bbf649?s=96&d=mm&r=g\",\"contentUrl\":\"https:\/\/secure.gravatar.com\/avatar\/34b58000c3a22ae0b540f58577ea8359e60439a7b722b361769d039ac0bbf649?s=96&d=mm&r=g\",\"caption\":\"Ellos Design\"},\"sameAs\":[\"https:\/\/www.guiaglbts.com.br\"],\"url\":\"https:\/\/www.guiaglbts.com.br\/blog\/author\/ellos\/\"}]}<\/script>\n<!-- \/ Yoast SEO plugin. -->","yoast_head_json":{"title":"Sebasti\u00e1n Vega refor\u00e7a visibilidade LGBTQIA+ cinco anos ap\u00f3s se declarar publicamente homossexual. - Guia GLBTS","robots":{"index":"index","follow":"follow","max-snippet":"max-snippet:-1","max-image-preview":"max-image-preview:large","max-video-preview":"max-video-preview:-1"},"canonical":"https:\/\/www.guiaglbts.com.br\/blog\/sebastian-vega-reforca-visibilidade-lgbtqia-cinco-anos-apos-se-declarar-publicamente-homossexual\/","og_locale":"pt_BR","og_type":"article","og_title":"Sebasti\u00e1n Vega refor\u00e7a visibilidade LGBTQIA+ cinco anos ap\u00f3s se declarar publicamente homossexual. - Guia GLBTS","og_description":"\ud83c\udff3\ufe0f\u200d\ud83c\udf08 Com a bandeira do orgulho nas m\u00e3os e o cora\u00e7\u00e3o cheio de emo\u00e7\u00e3o, Sebasti\u00e1n Vega fez hist\u00f3ria mais uma vez! \ud83c\udfc0 Ap\u00f3s conquistar o t\u00edtulo da Liga Nacional de Basquete com o Boca Juniors, o jogador argentino e primeiro atleta da liga a se declarar publicamente homossexual, celebrou erguendo a bandeira LGBTQIA+ no centro [&hellip;]","og_url":"https:\/\/www.guiaglbts.com.br\/blog\/sebastian-vega-reforca-visibilidade-lgbtqia-cinco-anos-apos-se-declarar-publicamente-homossexual\/","og_site_name":"Guia GLBTS","article_publisher":"https:\/\/www.facebook.com\/guialgbtsclassificados","article_published_time":"2025-08-01T14:16:26+00:00","article_modified_time":"2025-08-06T23:36:42+00:00","og_image":[{"width":819,"height":1024,"url":"https:\/\/www.guiaglbts.com.br\/blog\/wp-content\/uploads\/2025\/08\/Guia-LGBT-1080-x-1350-px-9-819x1024.png","type":"image\/png"}],"author":"Ellos Design","twitter_card":"summary_large_image","twitter_creator":"@GuiaLGBTS","twitter_site":"@GuiaLGBTS","twitter_misc":{"Escrito por":"Ellos Design","Est. tempo de leitura":"1 minuto"},"schema":{"@context":"https:\/\/schema.org","@graph":[{"@type":"Article","@id":"https:\/\/www.guiaglbts.com.br\/blog\/sebastian-vega-reforca-visibilidade-lgbtqia-cinco-anos-apos-se-declarar-publicamente-homossexual\/#article","isPartOf":{"@id":"https:\/\/www.guiaglbts.com.br\/blog\/sebastian-vega-reforca-visibilidade-lgbtqia-cinco-anos-apos-se-declarar-publicamente-homossexual\/"},"author":{"name":"Ellos Design","@id":"https:\/\/www.guiaglbts.com.br\/blog\/#\/schema\/person\/26d0c7f8b7991962d310475ce84fcd3e"},"headline":"Sebasti\u00e1n Vega refor\u00e7a visibilidade LGBTQIA+ cinco anos ap\u00f3s se declarar publicamente homossexual.","datePublished":"2025-08-01T14:16:26+00:00","dateModified":"2025-08-06T23:36:42+00:00","mainEntityOfPage":{"@id":"https:\/\/www.guiaglbts.com.br\/blog\/sebastian-vega-reforca-visibilidade-lgbtqia-cinco-anos-apos-se-declarar-publicamente-homossexual\/"},"wordCount":152,"commentCount":0,"publisher":{"@id":"https:\/\/www.guiaglbts.com.br\/blog\/#organization"},"image":{"@id":"https:\/\/www.guiaglbts.com.br\/blog\/sebastian-vega-reforca-visibilidade-lgbtqia-cinco-anos-apos-se-declarar-publicamente-homossexual\/#primaryimage"},"thumbnailUrl":"https:\/\/www.guiaglbts.com.br\/blog\/wp-content\/uploads\/2025\/08\/Guia-LGBT-1080-x-1350-px-9.png","articleSection":["Celebridades"],"inLanguage":"pt-BR","potentialAction":[{"@type":"CommentAction","name":"Comment","target":["https:\/\/www.guiaglbts.com.br\/blog\/sebastian-vega-reforca-visibilidade-lgbtqia-cinco-anos-apos-se-declarar-publicamente-homossexual\/#respond"]}]},{"@type":"WebPage","@id":"https:\/\/www.guiaglbts.com.br\/blog\/sebastian-vega-reforca-visibilidade-lgbtqia-cinco-anos-apos-se-declarar-publicamente-homossexual\/","url":"https:\/\/www.guiaglbts.com.br\/blog\/sebastian-vega-reforca-visibilidade-lgbtqia-cinco-anos-apos-se-declarar-publicamente-homossexual\/","name":"Sebasti\u00e1n Vega refor\u00e7a visibilidade LGBTQIA+ cinco anos ap\u00f3s se declarar publicamente homossexual. - Guia GLBTS","isPartOf":{"@id":"https:\/\/www.guiaglbts.com.br\/blog\/#website"},"primaryImageOfPage":{"@id":"https:\/\/www.guiaglbts.com.br\/blog\/sebastian-vega-reforca-visibilidade-lgbtqia-cinco-anos-apos-se-declarar-publicamente-homossexual\/#primaryimage"},"image":{"@id":"https:\/\/www.guiaglbts.com.br\/blog\/sebastian-vega-reforca-visibilidade-lgbtqia-cinco-anos-apos-se-declarar-publicamente-homossexual\/#primaryimage"},"thumbnailUrl":"https:\/\/www.guiaglbts.com.br\/blog\/wp-content\/uploads\/2025\/08\/Guia-LGBT-1080-x-1350-px-9.png","datePublished":"2025-08-01T14:16:26+00:00","dateModified":"2025-08-06T23:36:42+00:00","breadcrumb":{"@id":"https:\/\/www.guiaglbts.com.br\/blog\/sebastian-vega-reforca-visibilidade-lgbtqia-cinco-anos-apos-se-declarar-publicamente-homossexual\/#breadcrumb"},"inLanguage":"pt-BR","potentialAction":[{"@type":"ReadAction","target":["https:\/\/www.guiaglbts.com.br\/blog\/sebastian-vega-reforca-visibilidade-lgbtqia-cinco-anos-apos-se-declarar-publicamente-homossexual\/"]}]},{"@type":"ImageObject","inLanguage":"pt-BR","@id":"https:\/\/www.guiaglbts.com.br\/blog\/sebastian-vega-reforca-visibilidade-lgbtqia-cinco-anos-apos-se-declarar-publicamente-homossexual\/#primaryimage","url":"https:\/\/www.guiaglbts.com.br\/blog\/wp-content\/uploads\/2025\/08\/Guia-LGBT-1080-x-1350-px-9.png","contentUrl":"https:\/\/www.guiaglbts.com.br\/blog\/wp-content\/uploads\/2025\/08\/Guia-LGBT-1080-x-1350-px-9.png","width":1080,"height":1350},{"@type":"BreadcrumbList","@id":"https:\/\/www.guiaglbts.com.br\/blog\/sebastian-vega-reforca-visibilidade-lgbtqia-cinco-anos-apos-se-declarar-publicamente-homossexual\/#breadcrumb","itemListElement":[{"@type":"ListItem","position":1,"name":"In\u00edcio","item":"https:\/\/www.guiaglbts.com.br\/blog\/"},{"@type":"ListItem","position":2,"name":"Sebasti\u00e1n Vega refor\u00e7a visibilidade LGBTQIA+ cinco anos ap\u00f3s se declarar publicamente homossexual."}]},{"@type":"WebSite","@id":"https:\/\/www.guiaglbts.com.br\/blog\/#website","url":"https:\/\/www.guiaglbts.com.br\/blog\/","name":"Guia GLBTS","description":"Guia da Nany People","publisher":{"@id":"https:\/\/www.guiaglbts.com.br\/blog\/#organization"},"potentialAction":[{"@type":"SearchAction","target":{"@type":"EntryPoint","urlTemplate":"https:\/\/www.guiaglbts.com.br\/blog\/?s={search_term_string}"},"query-input":{"@type":"PropertyValueSpecification","valueRequired":true,"valueName":"search_term_string"}}],"inLanguage":"pt-BR"},{"@type":"Organization","@id":"https:\/\/www.guiaglbts.com.br\/blog\/#organization","name":"Guia GLBTS","url":"https:\/\/www.guiaglbts.com.br\/blog\/","logo":{"@type":"ImageObject","inLanguage":"pt-BR","@id":"https:\/\/www.guiaglbts.com.br\/blog\/#\/schema\/logo\/image\/","url":"https:\/\/www.guiaglbts.com.br\/blog\/wp-content\/uploads\/2025\/08\/logo_guia.png","contentUrl":"https:\/\/www.guiaglbts.com.br\/blog\/wp-content\/uploads\/2025\/08\/logo_guia.png","width":310,"height":78,"caption":"Guia GLBTS"},"image":{"@id":"https:\/\/www.guiaglbts.com.br\/blog\/#\/schema\/logo\/image\/"},"sameAs":["https:\/\/www.facebook.com\/guialgbtsclassificados","https:\/\/x.com\/GuiaLGBTS","https:\/\/www.instagram.com\/guiadananypeople\/","https:\/\/www.youtube.com\/user\/GuiaLGBTS"]},{"@type":"Person","@id":"https:\/\/www.guiaglbts.com.br\/blog\/#\/schema\/person\/26d0c7f8b7991962d310475ce84fcd3e","name":"Ellos Design","image":{"@type":"ImageObject","inLanguage":"pt-BR","@id":"https:\/\/secure.gravatar.com\/avatar\/34b58000c3a22ae0b540f58577ea8359e60439a7b722b361769d039ac0bbf649?s=96&d=mm&r=g","url":"https:\/\/secure.gravatar.com\/avatar\/34b58000c3a22ae0b540f58577ea8359e60439a7b722b361769d039ac0bbf649?s=96&d=mm&r=g","contentUrl":"https:\/\/secure.gravatar.com\/avatar\/34b58000c3a22ae0b540f58577ea8359e60439a7b722b361769d039ac0bbf649?s=96&d=mm&r=g","caption":"Ellos Design"},"sameAs":["https:\/\/www.guiaglbts.com.br"],"url":"https:\/\/www.guiaglbts.com.br\/blog\/author\/ellos\/"}]}},"_links":{"self":[{"href":"https:\/\/www.guiaglbts.com.br\/blog\/wp-json\/wp\/v2\/posts\/6788","targetHints":{"allow":["GET"]}}],"collection":[{"href":"https:\/\/www.guiaglbts.com.br\/blog\/wp-json\/wp\/v2\/posts"}],"about":[{"href":"https:\/\/www.guiaglbts.com.br\/blog\/wp-json\/wp\/v2\/types\/post"}],"author":[{"embeddable":true,"href":"https:\/\/www.guiaglbts.com.br\/blog\/wp-json\/wp\/v2\/users\/2"}],"replies":[{"embeddable":true,"href":"https:\/\/www.guiaglbts.com.br\/blog\/wp-json\/wp\/v2\/comments?post=6788"}],"version-history":[{"count":1,"href":"https:\/\/www.guiaglbts.com.br\/blog\/wp-json\/wp\/v2\/posts\/6788\/revisions"}],"predecessor-version":[{"id":6790,"href":"https:\/\/www.guiaglbts.com.br\/blog\/wp-json\/wp\/v2\/posts\/6788\/revisions\/6790"}],"wp:featuredmedia":[{"embeddable":true,"href":"https:\/\/www.guiaglbts.com.br\/blog\/wp-json\/wp\/v2\/media\/6789"}],"wp:attachment":[{"href":"https:\/\/www.guiaglbts.com.br\/blog\/wp-json\/wp\/v2\/media?parent=6788"}],"wp:term":[{"taxonomy":"category","embeddable":true,"href":"https:\/\/www.guiaglbts.com.br\/blog\/wp-json\/wp\/v2\/categories?post=6788"},{"taxonomy":"post_tag","embeddable":true,"href":"https:\/\/www.guiaglbts.com.br\/blog\/wp-json\/wp\/v2\/tags?post=6788"}],"curies":[{"name":"wp","href":"https:\/\/api.w.org\/{rel}","templated":true}]}}