{"id":6666,"date":"2025-03-26T16:17:06","date_gmt":"2025-03-26T19:17:06","guid":{"rendered":"https:\/\/www.guiaglbts.com.br\/blog\/?p=6666"},"modified":"2025-03-26T16:17:06","modified_gmt":"2025-03-26T19:17:06","slug":"a-escritora-e-pesquisadora-amanda-julieta-estreou-no-dia-15-de-marco-na-ficcao-em-prosa-com-no-rastro-de-estela-uma-narrativa-que-mistura-poesia-historia-e-resistencia-para-contar","status":"publish","type":"post","link":"https:\/\/www.guiaglbts.com.br\/blog\/a-escritora-e-pesquisadora-amanda-julieta-estreou-no-dia-15-de-marco-na-ficcao-em-prosa-com-no-rastro-de-estela-uma-narrativa-que-mistura-poesia-historia-e-resistencia-para-contar\/","title":{"rendered":"A escritora e pesquisadora Amanda Julieta estreou no dia 15 de mar\u00e7o na fic\u00e7\u00e3o em prosa com \u201cNo rastro de Estela\u201d, uma narrativa que mistura poesia, hist\u00f3ria e resist\u00eancia para contar a trajet\u00f3ria de Estela, uma mulher negra e l\u00e9sbica internada em um hospital psiqui\u00e1trico na Salvador do s\u00e9culo 20."},"content":{"rendered":"<p>\ud83d\udcd6 O livro, publicado pela editora ParaLeLo13S, parte de uma conversa ouvida na inf\u00e2ncia da autora e de registros hist\u00f3ricos que revelam pistas sobre sua tia-av\u00f3, dando vida a uma hist\u00f3ria que foi silenciada pelo racismo e pela lesbofobia.<\/p>\n<p>\u270a\ud83c\udffe A obra \u00e9 um tributo \u00e0 pot\u00eancia, ao amor e \u00e0 resist\u00eancia das vidas que tentaram apagar. Quantas Estelas existiram no Brasil sem que suas hist\u00f3rias fossem contadas?<\/p>\n<p>A programa\u00e7\u00e3o inclui um bate-papo sobre literatura e mem\u00f3ria de mulheres negras, com participa\u00e7\u00e3o da cr\u00edtica textual Rosin\u00eas Duarte e acessibilidade em Libras.<\/p>\n<p>N\u00e3o perca essa oportunidade de conhecer uma obra que d\u00e1 voz ao que a hist\u00f3ria oficial tentou silenciar!<\/p>\n<p>Fonte: Alma Preta<\/p>\n<p>\ud83c\udf08 Siga o nosso perfil para ficar por dentro de todas as not\u00edcias da comunidade LGBTQIA+.<\/p>\n<p><a href=\"https:\/\/www.guiaglbts.com.br\/blog\/wp-content\/uploads\/2025\/03\/Snapins.ai_484933494_954629673515917_3577277356086548353_n_1080.jpg\"><img fetchpriority=\"high\" decoding=\"async\" class=\"alignleft size-medium wp-image-6667\" src=\"https:\/\/www.guiaglbts.com.br\/blog\/wp-content\/uploads\/2025\/03\/Snapins.ai_484933494_954629673515917_3577277356086548353_n_1080-240x300.jpg\" alt=\"\" width=\"240\" height=\"300\" srcset=\"https:\/\/www.guiaglbts.com.br\/blog\/wp-content\/uploads\/2025\/03\/Snapins.ai_484933494_954629673515917_3577277356086548353_n_1080-240x300.jpg 240w, https:\/\/www.guiaglbts.com.br\/blog\/wp-content\/uploads\/2025\/03\/Snapins.ai_484933494_954629673515917_3577277356086548353_n_1080-600x750.jpg 600w, https:\/\/www.guiaglbts.com.br\/blog\/wp-content\/uploads\/2025\/03\/Snapins.ai_484933494_954629673515917_3577277356086548353_n_1080-819x1024.jpg 819w, https:\/\/www.guiaglbts.com.br\/blog\/wp-content\/uploads\/2025\/03\/Snapins.ai_484933494_954629673515917_3577277356086548353_n_1080-768x960.jpg 768w, https:\/\/www.guiaglbts.com.br\/blog\/wp-content\/uploads\/2025\/03\/Snapins.ai_484933494_954629673515917_3577277356086548353_n_1080.jpg 1080w\" sizes=\"(max-width: 240px) 100vw, 240px\" \/><\/a><\/p>\n","protected":false},"excerpt":{"rendered":"<p>\ud83d\udcd6 O livro, publicado pela editora ParaLeLo13S, parte de uma conversa ouvida na inf\u00e2ncia da autora e de registros hist\u00f3ricos que revelam pistas sobre sua tia-av\u00f3, dando vida a uma hist\u00f3ria que foi silenciada pelo racismo e pela lesbofobia. \u270a\ud83c\udffe A obra \u00e9 um tributo \u00e0 pot\u00eancia, ao amor e \u00e0 resist\u00eancia das vidas que [&hellip;]<\/p>\n","protected":false},"author":2,"featured_media":0,"comment_status":"open","ping_status":"open","sticky":false,"template":"","format":"standard","meta":{"footnotes":""},"categories":[1],"tags":[],"class_list":["post-6666","post","type-post","status-publish","format-standard","hentry","category-sem-categoria"],"yoast_head":"<!-- This site is optimized with the Yoast SEO plugin v27.2 - https:\/\/yoast.com\/product\/yoast-seo-wordpress\/ -->\n<title>A escritora e pesquisadora Amanda Julieta estreou no dia 15 de mar\u00e7o na fic\u00e7\u00e3o em prosa com \u201cNo rastro de Estela\u201d, uma narrativa que mistura poesia, hist\u00f3ria e resist\u00eancia para contar a trajet\u00f3ria de Estela, uma mulher negra e l\u00e9sbica internada em um hospital psiqui\u00e1trico na Salvador do s\u00e9culo 20. - Guia GLBTS<\/title>\n<meta name=\"robots\" content=\"index, follow, max-snippet:-1, max-image-preview:large, max-video-preview:-1\" \/>\n<link rel=\"canonical\" href=\"https:\/\/www.guiaglbts.com.br\/blog\/a-escritora-e-pesquisadora-amanda-julieta-estreou-no-dia-15-de-marco-na-ficcao-em-prosa-com-no-rastro-de-estela-uma-narrativa-que-mistura-poesia-historia-e-resistencia-para-contar\/\" \/>\n<meta property=\"og:locale\" content=\"pt_BR\" \/>\n<meta property=\"og:type\" content=\"article\" \/>\n<meta property=\"og:title\" content=\"A escritora e pesquisadora Amanda Julieta estreou no dia 15 de mar\u00e7o na fic\u00e7\u00e3o em prosa com \u201cNo rastro de Estela\u201d, uma narrativa que mistura poesia, hist\u00f3ria e resist\u00eancia para contar a trajet\u00f3ria de Estela, uma mulher negra e l\u00e9sbica internada em um hospital psiqui\u00e1trico na Salvador do s\u00e9culo 20. - Guia GLBTS\" \/>\n<meta property=\"og:description\" content=\"\ud83d\udcd6 O livro, publicado pela editora ParaLeLo13S, parte de uma conversa ouvida na inf\u00e2ncia da autora e de registros hist\u00f3ricos que revelam pistas sobre sua tia-av\u00f3, dando vida a uma hist\u00f3ria que foi silenciada pelo racismo e pela lesbofobia. \u270a\ud83c\udffe A obra \u00e9 um tributo \u00e0 pot\u00eancia, ao amor e \u00e0 resist\u00eancia das vidas que [&hellip;]\" \/>\n<meta property=\"og:url\" content=\"https:\/\/www.guiaglbts.com.br\/blog\/a-escritora-e-pesquisadora-amanda-julieta-estreou-no-dia-15-de-marco-na-ficcao-em-prosa-com-no-rastro-de-estela-uma-narrativa-que-mistura-poesia-historia-e-resistencia-para-contar\/\" \/>\n<meta property=\"og:site_name\" content=\"Guia GLBTS\" \/>\n<meta property=\"article:publisher\" content=\"https:\/\/www.facebook.com\/guialgbtsclassificados\" \/>\n<meta property=\"article:published_time\" content=\"2025-03-26T19:17:06+00:00\" \/>\n<meta property=\"og:image\" content=\"https:\/\/www.guiaglbts.com.br\/blog\/wp-content\/uploads\/2025\/03\/Snapins.ai_484933494_954629673515917_3577277356086548353_n_1080.jpg\" \/>\n\t<meta property=\"og:image:width\" content=\"1080\" \/>\n\t<meta property=\"og:image:height\" content=\"1350\" \/>\n\t<meta property=\"og:image:type\" content=\"image\/jpeg\" \/>\n<meta name=\"author\" content=\"Ellos Design\" \/>\n<meta name=\"twitter:card\" content=\"summary_large_image\" \/>\n<meta name=\"twitter:creator\" content=\"@GuiaLGBTS\" \/>\n<meta name=\"twitter:site\" content=\"@GuiaLGBTS\" \/>\n<meta name=\"twitter:label1\" content=\"Escrito por\" \/>\n\t<meta name=\"twitter:data1\" content=\"Ellos Design\" \/>\n\t<meta name=\"twitter:label2\" content=\"Est. tempo de leitura\" \/>\n\t<meta name=\"twitter:data2\" content=\"1 minuto\" \/>\n<script type=\"application\/ld+json\" class=\"yoast-schema-graph\">{\"@context\":\"https:\/\/schema.org\",\"@graph\":[{\"@type\":\"Article\",\"@id\":\"https:\/\/www.guiaglbts.com.br\/blog\/a-escritora-e-pesquisadora-amanda-julieta-estreou-no-dia-15-de-marco-na-ficcao-em-prosa-com-no-rastro-de-estela-uma-narrativa-que-mistura-poesia-historia-e-resistencia-para-contar\/#article\",\"isPartOf\":{\"@id\":\"https:\/\/www.guiaglbts.com.br\/blog\/a-escritora-e-pesquisadora-amanda-julieta-estreou-no-dia-15-de-marco-na-ficcao-em-prosa-com-no-rastro-de-estela-uma-narrativa-que-mistura-poesia-historia-e-resistencia-para-contar\/\"},\"author\":{\"name\":\"Ellos Design\",\"@id\":\"https:\/\/www.guiaglbts.com.br\/blog\/#\/schema\/person\/26d0c7f8b7991962d310475ce84fcd3e\"},\"headline\":\"A escritora e pesquisadora Amanda Julieta estreou no dia 15 de mar\u00e7o na fic\u00e7\u00e3o em prosa com \u201cNo rastro de Estela\u201d, uma narrativa que mistura poesia, hist\u00f3ria e resist\u00eancia para contar a trajet\u00f3ria de Estela, uma mulher negra e l\u00e9sbica internada em um hospital psiqui\u00e1trico na Salvador do s\u00e9culo 20.\",\"datePublished\":\"2025-03-26T19:17:06+00:00\",\"mainEntityOfPage\":{\"@id\":\"https:\/\/www.guiaglbts.com.br\/blog\/a-escritora-e-pesquisadora-amanda-julieta-estreou-no-dia-15-de-marco-na-ficcao-em-prosa-com-no-rastro-de-estela-uma-narrativa-que-mistura-poesia-historia-e-resistencia-para-contar\/\"},\"wordCount\":193,\"commentCount\":0,\"publisher\":{\"@id\":\"https:\/\/www.guiaglbts.com.br\/blog\/#organization\"},\"image\":{\"@id\":\"https:\/\/www.guiaglbts.com.br\/blog\/a-escritora-e-pesquisadora-amanda-julieta-estreou-no-dia-15-de-marco-na-ficcao-em-prosa-com-no-rastro-de-estela-uma-narrativa-que-mistura-poesia-historia-e-resistencia-para-contar\/#primaryimage\"},\"thumbnailUrl\":\"https:\/\/www.guiaglbts.com.br\/blog\/wp-content\/uploads\/2025\/03\/Snapins.ai_484933494_954629673515917_3577277356086548353_n_1080-240x300.jpg\",\"inLanguage\":\"pt-BR\",\"potentialAction\":[{\"@type\":\"CommentAction\",\"name\":\"Comment\",\"target\":[\"https:\/\/www.guiaglbts.com.br\/blog\/a-escritora-e-pesquisadora-amanda-julieta-estreou-no-dia-15-de-marco-na-ficcao-em-prosa-com-no-rastro-de-estela-uma-narrativa-que-mistura-poesia-historia-e-resistencia-para-contar\/#respond\"]}]},{\"@type\":\"WebPage\",\"@id\":\"https:\/\/www.guiaglbts.com.br\/blog\/a-escritora-e-pesquisadora-amanda-julieta-estreou-no-dia-15-de-marco-na-ficcao-em-prosa-com-no-rastro-de-estela-uma-narrativa-que-mistura-poesia-historia-e-resistencia-para-contar\/\",\"url\":\"https:\/\/www.guiaglbts.com.br\/blog\/a-escritora-e-pesquisadora-amanda-julieta-estreou-no-dia-15-de-marco-na-ficcao-em-prosa-com-no-rastro-de-estela-uma-narrativa-que-mistura-poesia-historia-e-resistencia-para-contar\/\",\"name\":\"A escritora e pesquisadora Amanda Julieta estreou no dia 15 de mar\u00e7o na fic\u00e7\u00e3o em prosa com \u201cNo rastro de Estela\u201d, uma narrativa que mistura poesia, hist\u00f3ria e resist\u00eancia para contar a trajet\u00f3ria de Estela, uma mulher negra e l\u00e9sbica internada em um hospital psiqui\u00e1trico na Salvador do s\u00e9culo 20. - Guia GLBTS\",\"isPartOf\":{\"@id\":\"https:\/\/www.guiaglbts.com.br\/blog\/#website\"},\"primaryImageOfPage\":{\"@id\":\"https:\/\/www.guiaglbts.com.br\/blog\/a-escritora-e-pesquisadora-amanda-julieta-estreou-no-dia-15-de-marco-na-ficcao-em-prosa-com-no-rastro-de-estela-uma-narrativa-que-mistura-poesia-historia-e-resistencia-para-contar\/#primaryimage\"},\"image\":{\"@id\":\"https:\/\/www.guiaglbts.com.br\/blog\/a-escritora-e-pesquisadora-amanda-julieta-estreou-no-dia-15-de-marco-na-ficcao-em-prosa-com-no-rastro-de-estela-uma-narrativa-que-mistura-poesia-historia-e-resistencia-para-contar\/#primaryimage\"},\"thumbnailUrl\":\"https:\/\/www.guiaglbts.com.br\/blog\/wp-content\/uploads\/2025\/03\/Snapins.ai_484933494_954629673515917_3577277356086548353_n_1080-240x300.jpg\",\"datePublished\":\"2025-03-26T19:17:06+00:00\",\"breadcrumb\":{\"@id\":\"https:\/\/www.guiaglbts.com.br\/blog\/a-escritora-e-pesquisadora-amanda-julieta-estreou-no-dia-15-de-marco-na-ficcao-em-prosa-com-no-rastro-de-estela-uma-narrativa-que-mistura-poesia-historia-e-resistencia-para-contar\/#breadcrumb\"},\"inLanguage\":\"pt-BR\",\"potentialAction\":[{\"@type\":\"ReadAction\",\"target\":[\"https:\/\/www.guiaglbts.com.br\/blog\/a-escritora-e-pesquisadora-amanda-julieta-estreou-no-dia-15-de-marco-na-ficcao-em-prosa-com-no-rastro-de-estela-uma-narrativa-que-mistura-poesia-historia-e-resistencia-para-contar\/\"]}]},{\"@type\":\"ImageObject\",\"inLanguage\":\"pt-BR\",\"@id\":\"https:\/\/www.guiaglbts.com.br\/blog\/a-escritora-e-pesquisadora-amanda-julieta-estreou-no-dia-15-de-marco-na-ficcao-em-prosa-com-no-rastro-de-estela-uma-narrativa-que-mistura-poesia-historia-e-resistencia-para-contar\/#primaryimage\",\"url\":\"https:\/\/www.guiaglbts.com.br\/blog\/wp-content\/uploads\/2025\/03\/Snapins.ai_484933494_954629673515917_3577277356086548353_n_1080.jpg\",\"contentUrl\":\"https:\/\/www.guiaglbts.com.br\/blog\/wp-content\/uploads\/2025\/03\/Snapins.ai_484933494_954629673515917_3577277356086548353_n_1080.jpg\",\"width\":1080,\"height\":1350},{\"@type\":\"BreadcrumbList\",\"@id\":\"https:\/\/www.guiaglbts.com.br\/blog\/a-escritora-e-pesquisadora-amanda-julieta-estreou-no-dia-15-de-marco-na-ficcao-em-prosa-com-no-rastro-de-estela-uma-narrativa-que-mistura-poesia-historia-e-resistencia-para-contar\/#breadcrumb\",\"itemListElement\":[{\"@type\":\"ListItem\",\"position\":1,\"name\":\"In\u00edcio\",\"item\":\"https:\/\/www.guiaglbts.com.br\/blog\/\"},{\"@type\":\"ListItem\",\"position\":2,\"name\":\"A escritora e pesquisadora Amanda Julieta estreou no dia 15 de mar\u00e7o na fic\u00e7\u00e3o em prosa com \u201cNo rastro de Estela\u201d, uma narrativa que mistura poesia, hist\u00f3ria e resist\u00eancia para contar a trajet\u00f3ria de Estela, uma mulher negra e l\u00e9sbica internada em um hospital psiqui\u00e1trico na Salvador do s\u00e9culo 20.\"}]},{\"@type\":\"WebSite\",\"@id\":\"https:\/\/www.guiaglbts.com.br\/blog\/#website\",\"url\":\"https:\/\/www.guiaglbts.com.br\/blog\/\",\"name\":\"Guia GLBTS\",\"description\":\"Guia da Nany People\",\"publisher\":{\"@id\":\"https:\/\/www.guiaglbts.com.br\/blog\/#organization\"},\"potentialAction\":[{\"@type\":\"SearchAction\",\"target\":{\"@type\":\"EntryPoint\",\"urlTemplate\":\"https:\/\/www.guiaglbts.com.br\/blog\/?s={search_term_string}\"},\"query-input\":{\"@type\":\"PropertyValueSpecification\",\"valueRequired\":true,\"valueName\":\"search_term_string\"}}],\"inLanguage\":\"pt-BR\"},{\"@type\":\"Organization\",\"@id\":\"https:\/\/www.guiaglbts.com.br\/blog\/#organization\",\"name\":\"Guia GLBTS\",\"url\":\"https:\/\/www.guiaglbts.com.br\/blog\/\",\"logo\":{\"@type\":\"ImageObject\",\"inLanguage\":\"pt-BR\",\"@id\":\"https:\/\/www.guiaglbts.com.br\/blog\/#\/schema\/logo\/image\/\",\"url\":\"https:\/\/www.guiaglbts.com.br\/blog\/wp-content\/uploads\/2025\/08\/logo_guia.png\",\"contentUrl\":\"https:\/\/www.guiaglbts.com.br\/blog\/wp-content\/uploads\/2025\/08\/logo_guia.png\",\"width\":310,\"height\":78,\"caption\":\"Guia GLBTS\"},\"image\":{\"@id\":\"https:\/\/www.guiaglbts.com.br\/blog\/#\/schema\/logo\/image\/\"},\"sameAs\":[\"https:\/\/www.facebook.com\/guialgbtsclassificados\",\"https:\/\/x.com\/GuiaLGBTS\",\"https:\/\/www.instagram.com\/guiadananypeople\/\",\"https:\/\/www.youtube.com\/user\/GuiaLGBTS\"]},{\"@type\":\"Person\",\"@id\":\"https:\/\/www.guiaglbts.com.br\/blog\/#\/schema\/person\/26d0c7f8b7991962d310475ce84fcd3e\",\"name\":\"Ellos Design\",\"image\":{\"@type\":\"ImageObject\",\"inLanguage\":\"pt-BR\",\"@id\":\"https:\/\/secure.gravatar.com\/avatar\/34b58000c3a22ae0b540f58577ea8359e60439a7b722b361769d039ac0bbf649?s=96&d=mm&r=g\",\"url\":\"https:\/\/secure.gravatar.com\/avatar\/34b58000c3a22ae0b540f58577ea8359e60439a7b722b361769d039ac0bbf649?s=96&d=mm&r=g\",\"contentUrl\":\"https:\/\/secure.gravatar.com\/avatar\/34b58000c3a22ae0b540f58577ea8359e60439a7b722b361769d039ac0bbf649?s=96&d=mm&r=g\",\"caption\":\"Ellos Design\"},\"sameAs\":[\"https:\/\/www.guiaglbts.com.br\"],\"url\":\"https:\/\/www.guiaglbts.com.br\/blog\/author\/ellos\/\"}]}<\/script>\n<!-- \/ Yoast SEO plugin. -->","yoast_head_json":{"title":"A escritora e pesquisadora Amanda Julieta estreou no dia 15 de mar\u00e7o na fic\u00e7\u00e3o em prosa com \u201cNo rastro de Estela\u201d, uma narrativa que mistura poesia, hist\u00f3ria e resist\u00eancia para contar a trajet\u00f3ria de Estela, uma mulher negra e l\u00e9sbica internada em um hospital psiqui\u00e1trico na Salvador do s\u00e9culo 20. - Guia GLBTS","robots":{"index":"index","follow":"follow","max-snippet":"max-snippet:-1","max-image-preview":"max-image-preview:large","max-video-preview":"max-video-preview:-1"},"canonical":"https:\/\/www.guiaglbts.com.br\/blog\/a-escritora-e-pesquisadora-amanda-julieta-estreou-no-dia-15-de-marco-na-ficcao-em-prosa-com-no-rastro-de-estela-uma-narrativa-que-mistura-poesia-historia-e-resistencia-para-contar\/","og_locale":"pt_BR","og_type":"article","og_title":"A escritora e pesquisadora Amanda Julieta estreou no dia 15 de mar\u00e7o na fic\u00e7\u00e3o em prosa com \u201cNo rastro de Estela\u201d, uma narrativa que mistura poesia, hist\u00f3ria e resist\u00eancia para contar a trajet\u00f3ria de Estela, uma mulher negra e l\u00e9sbica internada em um hospital psiqui\u00e1trico na Salvador do s\u00e9culo 20. - Guia GLBTS","og_description":"\ud83d\udcd6 O livro, publicado pela editora ParaLeLo13S, parte de uma conversa ouvida na inf\u00e2ncia da autora e de registros hist\u00f3ricos que revelam pistas sobre sua tia-av\u00f3, dando vida a uma hist\u00f3ria que foi silenciada pelo racismo e pela lesbofobia. \u270a\ud83c\udffe A obra \u00e9 um tributo \u00e0 pot\u00eancia, ao amor e \u00e0 resist\u00eancia das vidas que [&hellip;]","og_url":"https:\/\/www.guiaglbts.com.br\/blog\/a-escritora-e-pesquisadora-amanda-julieta-estreou-no-dia-15-de-marco-na-ficcao-em-prosa-com-no-rastro-de-estela-uma-narrativa-que-mistura-poesia-historia-e-resistencia-para-contar\/","og_site_name":"Guia GLBTS","article_publisher":"https:\/\/www.facebook.com\/guialgbtsclassificados","article_published_time":"2025-03-26T19:17:06+00:00","og_image":[{"width":1080,"height":1350,"url":"https:\/\/www.guiaglbts.com.br\/blog\/wp-content\/uploads\/2025\/03\/Snapins.ai_484933494_954629673515917_3577277356086548353_n_1080.jpg","type":"image\/jpeg"}],"author":"Ellos Design","twitter_card":"summary_large_image","twitter_creator":"@GuiaLGBTS","twitter_site":"@GuiaLGBTS","twitter_misc":{"Escrito por":"Ellos Design","Est. tempo de leitura":"1 minuto"},"schema":{"@context":"https:\/\/schema.org","@graph":[{"@type":"Article","@id":"https:\/\/www.guiaglbts.com.br\/blog\/a-escritora-e-pesquisadora-amanda-julieta-estreou-no-dia-15-de-marco-na-ficcao-em-prosa-com-no-rastro-de-estela-uma-narrativa-que-mistura-poesia-historia-e-resistencia-para-contar\/#article","isPartOf":{"@id":"https:\/\/www.guiaglbts.com.br\/blog\/a-escritora-e-pesquisadora-amanda-julieta-estreou-no-dia-15-de-marco-na-ficcao-em-prosa-com-no-rastro-de-estela-uma-narrativa-que-mistura-poesia-historia-e-resistencia-para-contar\/"},"author":{"name":"Ellos Design","@id":"https:\/\/www.guiaglbts.com.br\/blog\/#\/schema\/person\/26d0c7f8b7991962d310475ce84fcd3e"},"headline":"A escritora e pesquisadora Amanda Julieta estreou no dia 15 de mar\u00e7o na fic\u00e7\u00e3o em prosa com \u201cNo rastro de Estela\u201d, uma narrativa que mistura poesia, hist\u00f3ria e resist\u00eancia para contar a trajet\u00f3ria de Estela, uma mulher negra e l\u00e9sbica internada em um hospital psiqui\u00e1trico na Salvador do s\u00e9culo 20.","datePublished":"2025-03-26T19:17:06+00:00","mainEntityOfPage":{"@id":"https:\/\/www.guiaglbts.com.br\/blog\/a-escritora-e-pesquisadora-amanda-julieta-estreou-no-dia-15-de-marco-na-ficcao-em-prosa-com-no-rastro-de-estela-uma-narrativa-que-mistura-poesia-historia-e-resistencia-para-contar\/"},"wordCount":193,"commentCount":0,"publisher":{"@id":"https:\/\/www.guiaglbts.com.br\/blog\/#organization"},"image":{"@id":"https:\/\/www.guiaglbts.com.br\/blog\/a-escritora-e-pesquisadora-amanda-julieta-estreou-no-dia-15-de-marco-na-ficcao-em-prosa-com-no-rastro-de-estela-uma-narrativa-que-mistura-poesia-historia-e-resistencia-para-contar\/#primaryimage"},"thumbnailUrl":"https:\/\/www.guiaglbts.com.br\/blog\/wp-content\/uploads\/2025\/03\/Snapins.ai_484933494_954629673515917_3577277356086548353_n_1080-240x300.jpg","inLanguage":"pt-BR","potentialAction":[{"@type":"CommentAction","name":"Comment","target":["https:\/\/www.guiaglbts.com.br\/blog\/a-escritora-e-pesquisadora-amanda-julieta-estreou-no-dia-15-de-marco-na-ficcao-em-prosa-com-no-rastro-de-estela-uma-narrativa-que-mistura-poesia-historia-e-resistencia-para-contar\/#respond"]}]},{"@type":"WebPage","@id":"https:\/\/www.guiaglbts.com.br\/blog\/a-escritora-e-pesquisadora-amanda-julieta-estreou-no-dia-15-de-marco-na-ficcao-em-prosa-com-no-rastro-de-estela-uma-narrativa-que-mistura-poesia-historia-e-resistencia-para-contar\/","url":"https:\/\/www.guiaglbts.com.br\/blog\/a-escritora-e-pesquisadora-amanda-julieta-estreou-no-dia-15-de-marco-na-ficcao-em-prosa-com-no-rastro-de-estela-uma-narrativa-que-mistura-poesia-historia-e-resistencia-para-contar\/","name":"A escritora e pesquisadora Amanda Julieta estreou no dia 15 de mar\u00e7o na fic\u00e7\u00e3o em prosa com \u201cNo rastro de Estela\u201d, uma narrativa que mistura poesia, hist\u00f3ria e resist\u00eancia para contar a trajet\u00f3ria de Estela, uma mulher negra e l\u00e9sbica internada em um hospital psiqui\u00e1trico na Salvador do s\u00e9culo 20. - Guia GLBTS","isPartOf":{"@id":"https:\/\/www.guiaglbts.com.br\/blog\/#website"},"primaryImageOfPage":{"@id":"https:\/\/www.guiaglbts.com.br\/blog\/a-escritora-e-pesquisadora-amanda-julieta-estreou-no-dia-15-de-marco-na-ficcao-em-prosa-com-no-rastro-de-estela-uma-narrativa-que-mistura-poesia-historia-e-resistencia-para-contar\/#primaryimage"},"image":{"@id":"https:\/\/www.guiaglbts.com.br\/blog\/a-escritora-e-pesquisadora-amanda-julieta-estreou-no-dia-15-de-marco-na-ficcao-em-prosa-com-no-rastro-de-estela-uma-narrativa-que-mistura-poesia-historia-e-resistencia-para-contar\/#primaryimage"},"thumbnailUrl":"https:\/\/www.guiaglbts.com.br\/blog\/wp-content\/uploads\/2025\/03\/Snapins.ai_484933494_954629673515917_3577277356086548353_n_1080-240x300.jpg","datePublished":"2025-03-26T19:17:06+00:00","breadcrumb":{"@id":"https:\/\/www.guiaglbts.com.br\/blog\/a-escritora-e-pesquisadora-amanda-julieta-estreou-no-dia-15-de-marco-na-ficcao-em-prosa-com-no-rastro-de-estela-uma-narrativa-que-mistura-poesia-historia-e-resistencia-para-contar\/#breadcrumb"},"inLanguage":"pt-BR","potentialAction":[{"@type":"ReadAction","target":["https:\/\/www.guiaglbts.com.br\/blog\/a-escritora-e-pesquisadora-amanda-julieta-estreou-no-dia-15-de-marco-na-ficcao-em-prosa-com-no-rastro-de-estela-uma-narrativa-que-mistura-poesia-historia-e-resistencia-para-contar\/"]}]},{"@type":"ImageObject","inLanguage":"pt-BR","@id":"https:\/\/www.guiaglbts.com.br\/blog\/a-escritora-e-pesquisadora-amanda-julieta-estreou-no-dia-15-de-marco-na-ficcao-em-prosa-com-no-rastro-de-estela-uma-narrativa-que-mistura-poesia-historia-e-resistencia-para-contar\/#primaryimage","url":"https:\/\/www.guiaglbts.com.br\/blog\/wp-content\/uploads\/2025\/03\/Snapins.ai_484933494_954629673515917_3577277356086548353_n_1080.jpg","contentUrl":"https:\/\/www.guiaglbts.com.br\/blog\/wp-content\/uploads\/2025\/03\/Snapins.ai_484933494_954629673515917_3577277356086548353_n_1080.jpg","width":1080,"height":1350},{"@type":"BreadcrumbList","@id":"https:\/\/www.guiaglbts.com.br\/blog\/a-escritora-e-pesquisadora-amanda-julieta-estreou-no-dia-15-de-marco-na-ficcao-em-prosa-com-no-rastro-de-estela-uma-narrativa-que-mistura-poesia-historia-e-resistencia-para-contar\/#breadcrumb","itemListElement":[{"@type":"ListItem","position":1,"name":"In\u00edcio","item":"https:\/\/www.guiaglbts.com.br\/blog\/"},{"@type":"ListItem","position":2,"name":"A escritora e pesquisadora Amanda Julieta estreou no dia 15 de mar\u00e7o na fic\u00e7\u00e3o em prosa com \u201cNo rastro de Estela\u201d, uma narrativa que mistura poesia, hist\u00f3ria e resist\u00eancia para contar a trajet\u00f3ria de Estela, uma mulher negra e l\u00e9sbica internada em um hospital psiqui\u00e1trico na Salvador do s\u00e9culo 20."}]},{"@type":"WebSite","@id":"https:\/\/www.guiaglbts.com.br\/blog\/#website","url":"https:\/\/www.guiaglbts.com.br\/blog\/","name":"Guia GLBTS","description":"Guia da Nany People","publisher":{"@id":"https:\/\/www.guiaglbts.com.br\/blog\/#organization"},"potentialAction":[{"@type":"SearchAction","target":{"@type":"EntryPoint","urlTemplate":"https:\/\/www.guiaglbts.com.br\/blog\/?s={search_term_string}"},"query-input":{"@type":"PropertyValueSpecification","valueRequired":true,"valueName":"search_term_string"}}],"inLanguage":"pt-BR"},{"@type":"Organization","@id":"https:\/\/www.guiaglbts.com.br\/blog\/#organization","name":"Guia GLBTS","url":"https:\/\/www.guiaglbts.com.br\/blog\/","logo":{"@type":"ImageObject","inLanguage":"pt-BR","@id":"https:\/\/www.guiaglbts.com.br\/blog\/#\/schema\/logo\/image\/","url":"https:\/\/www.guiaglbts.com.br\/blog\/wp-content\/uploads\/2025\/08\/logo_guia.png","contentUrl":"https:\/\/www.guiaglbts.com.br\/blog\/wp-content\/uploads\/2025\/08\/logo_guia.png","width":310,"height":78,"caption":"Guia GLBTS"},"image":{"@id":"https:\/\/www.guiaglbts.com.br\/blog\/#\/schema\/logo\/image\/"},"sameAs":["https:\/\/www.facebook.com\/guialgbtsclassificados","https:\/\/x.com\/GuiaLGBTS","https:\/\/www.instagram.com\/guiadananypeople\/","https:\/\/www.youtube.com\/user\/GuiaLGBTS"]},{"@type":"Person","@id":"https:\/\/www.guiaglbts.com.br\/blog\/#\/schema\/person\/26d0c7f8b7991962d310475ce84fcd3e","name":"Ellos Design","image":{"@type":"ImageObject","inLanguage":"pt-BR","@id":"https:\/\/secure.gravatar.com\/avatar\/34b58000c3a22ae0b540f58577ea8359e60439a7b722b361769d039ac0bbf649?s=96&d=mm&r=g","url":"https:\/\/secure.gravatar.com\/avatar\/34b58000c3a22ae0b540f58577ea8359e60439a7b722b361769d039ac0bbf649?s=96&d=mm&r=g","contentUrl":"https:\/\/secure.gravatar.com\/avatar\/34b58000c3a22ae0b540f58577ea8359e60439a7b722b361769d039ac0bbf649?s=96&d=mm&r=g","caption":"Ellos Design"},"sameAs":["https:\/\/www.guiaglbts.com.br"],"url":"https:\/\/www.guiaglbts.com.br\/blog\/author\/ellos\/"}]}},"_links":{"self":[{"href":"https:\/\/www.guiaglbts.com.br\/blog\/wp-json\/wp\/v2\/posts\/6666","targetHints":{"allow":["GET"]}}],"collection":[{"href":"https:\/\/www.guiaglbts.com.br\/blog\/wp-json\/wp\/v2\/posts"}],"about":[{"href":"https:\/\/www.guiaglbts.com.br\/blog\/wp-json\/wp\/v2\/types\/post"}],"author":[{"embeddable":true,"href":"https:\/\/www.guiaglbts.com.br\/blog\/wp-json\/wp\/v2\/users\/2"}],"replies":[{"embeddable":true,"href":"https:\/\/www.guiaglbts.com.br\/blog\/wp-json\/wp\/v2\/comments?post=6666"}],"version-history":[{"count":1,"href":"https:\/\/www.guiaglbts.com.br\/blog\/wp-json\/wp\/v2\/posts\/6666\/revisions"}],"predecessor-version":[{"id":6668,"href":"https:\/\/www.guiaglbts.com.br\/blog\/wp-json\/wp\/v2\/posts\/6666\/revisions\/6668"}],"wp:attachment":[{"href":"https:\/\/www.guiaglbts.com.br\/blog\/wp-json\/wp\/v2\/media?parent=6666"}],"wp:term":[{"taxonomy":"category","embeddable":true,"href":"https:\/\/www.guiaglbts.com.br\/blog\/wp-json\/wp\/v2\/categories?post=6666"},{"taxonomy":"post_tag","embeddable":true,"href":"https:\/\/www.guiaglbts.com.br\/blog\/wp-json\/wp\/v2\/tags?post=6666"}],"curies":[{"name":"wp","href":"https:\/\/api.w.org\/{rel}","templated":true}]}}