{"id":6586,"date":"2024-05-23T14:23:29","date_gmt":"2024-05-23T17:23:29","guid":{"rendered":"https:\/\/www.guiaglbts.com.br\/blog\/?p=6586"},"modified":"2024-05-23T14:23:39","modified_gmt":"2024-05-23T17:23:39","slug":"6586","status":"publish","type":"post","link":"https:\/\/www.guiaglbts.com.br\/blog\/6586\/","title":{"rendered":"Confira a programa\u00e7\u00e3o cultural paralela \u00e0 28\u00aa Parada do Orgulho LGBT+ de S\u00e3o Paulo, que acontece durante todo o m\u00eas do orgulho"},"content":{"rendered":"<p><i><span style=\"font-weight: 400;\">A ParadaSP est\u00e1 estabelecendo parcerias estrat\u00e9gicas para 2025, focando em programa\u00e7\u00f5es culturais paralelas para fortalecer la\u00e7os e ampliar o apoio \u00e0 comunidade<\/span><\/i><\/p>\n<p><a href=\"https:\/\/www.guiaglbts.com.br\/blog\/wp-content\/uploads\/2024\/05\/Festival-Vo\u0301rtice.-Cre\u0301dito_-Divulgac\u0327a\u0303o.png\"><img fetchpriority=\"high\" decoding=\"async\" class=\"alignleft wp-image-6587\" src=\"https:\/\/www.guiaglbts.com.br\/blog\/wp-content\/uploads\/2024\/05\/Festival-Vo\u0301rtice.-Cre\u0301dito_-Divulgac\u0327a\u0303o-300x200.png\" alt=\"\" width=\"437\" height=\"291\" srcset=\"https:\/\/www.guiaglbts.com.br\/blog\/wp-content\/uploads\/2024\/05\/Festival-Vo\u0301rtice.-Cre\u0301dito_-Divulgac\u0327a\u0303o-300x200.png 300w, https:\/\/www.guiaglbts.com.br\/blog\/wp-content\/uploads\/2024\/05\/Festival-Vo\u0301rtice.-Cre\u0301dito_-Divulgac\u0327a\u0303o-1024x682.png 1024w, https:\/\/www.guiaglbts.com.br\/blog\/wp-content\/uploads\/2024\/05\/Festival-Vo\u0301rtice.-Cre\u0301dito_-Divulgac\u0327a\u0303o-768x512.png 768w, https:\/\/www.guiaglbts.com.br\/blog\/wp-content\/uploads\/2024\/05\/Festival-Vo\u0301rtice.-Cre\u0301dito_-Divulgac\u0327a\u0303o-1536x1024.png 1536w, https:\/\/www.guiaglbts.com.br\/blog\/wp-content\/uploads\/2024\/05\/Festival-Vo\u0301rtice.-Cre\u0301dito_-Divulgac\u0327a\u0303o.png 2045w\" sizes=\"(max-width: 437px) 100vw, 437px\" \/><\/a><\/p>\n<p>&nbsp;<\/p>\n<p>&nbsp;<\/p>\n<p>&nbsp;<\/p>\n<p>&nbsp;<\/p>\n<p>&nbsp;<\/p>\n<p>&nbsp;<\/p>\n<p>&nbsp;<\/p>\n<p><span style=\"font-weight: 400;\">No m\u00eas dedicado ao orgulho da diversidade, al\u00e9m da emblem\u00e1tica<\/span><b> 28\u00aa Parada do Orgulho LGBT+ de S\u00e3o Paulo<\/b><span style=\"font-weight: 400;\"> no dia <\/span><span style=\"font-weight: 400;\">2 de junho<\/span><span style=\"font-weight: 400;\">, com o tema<\/span><b> &#8220;Basta de Neglig\u00eancia e Retrocesso no Legislativo &#8211; Vote consciente por direitos da popula\u00e7\u00e3o LGBT+&#8221;<\/b><span style=\"font-weight: 400;\">, a cidade de S\u00e3o Paulo receber\u00e1 uma programa\u00e7\u00e3o cultural paralela organizada por diversas redes de apoio \u00e0 causa. <\/span><\/p>\n<p><span style=\"font-weight: 400;\">A iniciativa visa proporcionar uma s\u00e9rie de eventos e atividades adicionais para celebrar e promover a diversidade e os direitos da comunidade LGBT+.<\/span><span style=\"font-weight: 400;\">Para iniciar a programa\u00e7\u00e3o, a <\/span><b>Casa Queer<\/b><span style=\"font-weight: 400;\">, projeto multilinguagem idealizado por <\/span><b>Jean C\u00e2ndido<\/b><span style=\"font-weight: 400;\"> e <\/span><b>Th\u00e1ssio Ferreira,<\/b><span style=\"font-weight: 400;\"> ocupar\u00e1 a Casa Fluida com mesas de debates nos dias <\/span><span style=\"font-weight: 400;\">31 de maio<\/span><span style=\"font-weight: 400;\"> e <\/span><span style=\"font-weight: 400;\">01 de junho<\/span><span style=\"font-weight: 400;\">. <\/span><\/p>\n<p><span style=\"font-weight: 400;\">A programa\u00e7\u00e3o da <\/span><b>Casa Queer <\/b><span style=\"font-weight: 400;\">inclui rodas de conversa, apresenta\u00e7\u00f5es art\u00edsticas, exposi\u00e7\u00f5es e lan\u00e7amentos de livros, oferecendo um espa\u00e7o para celebrar a diversidade liter\u00e1ria e fortalecer a comunidade LGBT+.<\/span><span style=\"font-weight: 400;\"><br \/>\n<\/span><\/p>\n<p><span style=\"font-weight: 400;\">Outro destaque da programa\u00e7\u00e3o \u00e9 a <\/span><b>3\u00aa edi\u00e7\u00e3o<\/b><span style=\"font-weight: 400;\"> do <\/span><b>Festival V\u00f3rtice<\/b><span style=\"font-weight: 400;\">. Promovido por Leonardo Maciel e Paulo Cibella, \u00e9 reconhecido como o maior festival de sexualidade de arte contempor\u00e2nea. Em 2024, o evento acontecer\u00e1 de <\/span><span style=\"font-weight: 400;\">31 de maio a 30 de junho<\/span><span style=\"font-weight: 400;\">, no Edif\u00edcio Vera, localizado no cora\u00e7\u00e3o do centro hist\u00f3rico de S\u00e3o Paulo, e estar\u00e1 aberto ao p\u00fablico de <\/span><span style=\"font-weight: 400;\">segunda a s\u00e1bado, das 10h \u00e0s 19h<\/span><span style=\"font-weight: 400;\">, com entrada gratuita e classifica\u00e7\u00e3o et\u00e1ria de 18 anos.<\/span><\/p>\n<p><span style=\"font-weight: 400;\">A programa\u00e7\u00e3o cultural paralela promete agregar ainda mais diversidade e representatividade \u00e0 celebra\u00e7\u00e3o do orgulho LGBT+ na cidade de S\u00e3o Paulo e conta ainda com a <\/span><b>6\u00aa edi\u00e7\u00e3o<\/b><span style=\"font-weight: 400;\"> do <\/span><b>Cine na Pra\u00e7a<\/b><span style=\"font-weight: 400;\">, promovida pela <\/span><b>Rede Amalgamar<\/b><span style=\"font-weight: 400;\">, que integra o circuito de atividades da semana da Parada do Orgulho LGBT+ de S\u00e3o Paulo. Sob o tema <\/span><b>&#8220;Diversidade Contra o Fim do Mundo&#8221;<\/b><span style=\"font-weight: 400;\">, o evento acontecer\u00e1 no dia <\/span><span style=\"font-weight: 400;\">01 de junho<\/span><span style=\"font-weight: 400;\">, das 12h \u00e0s 21h, no Parque Augusta, oferecendo cinema gratuito para os moradores da regi\u00e3o central de S\u00e3o Paulo e os participantes da semana da Parada do Orgulho LGBT+.<\/span><\/p>\n<p><b>Servi\u00e7os<\/b><\/p>\n<p><b>Casa Queer na Casa Fluida\u00a0<\/b><\/p>\n<p><span style=\"font-weight: 400;\">Local: Rua Bela Cintra, 569 \u2013 Consola\u00e7\u00e3o\u00a0<\/span><\/p>\n<p><b>Programa\u00e7\u00e3o<\/b><span style=\"font-weight: 400;\">:\u00a0<\/span><\/p>\n<p><b>31 de maio, sexta-feira, \u00e0s 17h30<\/b><span style=\"font-weight: 400;\"> \u2013 Mate-me ou devoro-te: a utopia do aniquilamento <\/span><span style=\"font-weight: 400;\"><br \/>\n<\/span><span style=\"font-weight: 400;\">Com Celso Suaruna e Santiago Nazarian\u00a0<\/span><\/p>\n<p><b>01 de junho, s\u00e1bado, \u00e0s 16h<\/b><span style=\"font-weight: 400;\"> \u2013 Milit\u00e2ncia e sobreviv\u00eancia: estrat\u00e9gias em todos os campos <\/span><span style=\"font-weight: 400;\"><br \/>\n<\/span><span style=\"font-weight: 400;\">Com Jaqueline Gomes de Jesus,\u00a0 Marcos Mello e Mariana Serrano\u00a0<\/span><\/p>\n<p><b>01 de junho, s\u00e1bado, \u00e0s 17h30<\/b><span style=\"font-weight: 400;\"> \u2013 Quando o inferno somos n\u00f3s: Ecos da ditadura militar &#8211; Com Renan Quinalha e James Green.\u00a0<\/span><\/p>\n<p><span style=\"font-weight: 400;\">Encerramento com a drag queen Vera Ronzella, em homenagem a Miss Bi\u00e1.<\/span><\/p>\n<p><b>Cine na Pra\u00e7a: Diversidade Contra o Fim do Mundo!\u00a0<\/b><\/p>\n<p><span style=\"font-weight: 400;\">Data: 01 de junho, s\u00e1bado, das 12h \u00e0s 21h\u00a0<\/span><\/p>\n<p><span style=\"font-weight: 400;\">Local: Parque Augusta, S\u00e3o Paulo\u00a0\u00a0<\/span><\/p>\n<p><b>3\u00aa edi\u00e7\u00e3o do Festival V\u00f3rtice<\/b><\/p>\n<p><b>Per\u00edodo Expositivo: <\/b><span style=\"font-weight: 400;\">31 de maio a 30 de junho<\/span><\/p>\n<p><b>Local: <\/b><span style=\"font-weight: 400;\">Edif\u00edcio Vera | Rua \u00c1lvares Penteado, n\u00ba 47 &#8211; Centro Hist\u00f3rico de S\u00e3o Paulo<\/span><\/p>\n<p><b>Funcionamento: <\/b><span style=\"font-weight: 400;\">de segunda a s\u00e1bado,\u00a0 das 10h \u00e0s 19h<\/span><\/p>\n<p><b>Entrada: <\/b><span style=\"font-weight: 400;\">Gratuita, 18 anos<\/span><\/p>\n<p><span style=\"font-weight: 400;\">Informa\u00e7\u00f5es adicionais para Imprensa:<\/span><\/p>\n<p><b>Assessoria de Imprensa &#8211; Pevi 56<\/b><\/p>\n<p><span style=\"font-weight: 400;\">Diogo Locci &#8211; <\/span><a href=\"mailto:assessoria@pevi56.com\"><span style=\"font-weight: 400;\">assessoria@pevi56.com<\/span><\/a><span style=\"font-weight: 400;\"> | 11 9006 0642<\/span><\/p>\n<p><span style=\"font-weight: 400;\">Angelina Colicchio &#8211; <\/span><a href=\"mailto:angelina@pevi56.com\"><span style=\"font-weight: 400;\">angelina@pevi56.com<\/span><\/a><span style=\"font-weight: 400;\"> | 11 99299-2877<\/span><\/p>\n<p>&nbsp;<\/p>\n<p><a style=\"color: #ff4b33;\" href=\"https:\/\/www.guiaglbts.com.br\/blog\/wp-content\/uploads\/2024\/05\/CASA-QUEER-PARADA-GERAL-1.jpg\"><img decoding=\"async\" class=\"alignleft size-medium wp-image-6593\" src=\"https:\/\/www.guiaglbts.com.br\/blog\/wp-content\/uploads\/2024\/05\/CASA-QUEER-PARADA-GERAL-1-300x300.jpg\" alt=\"\" width=\"300\" height=\"300\" srcset=\"https:\/\/www.guiaglbts.com.br\/blog\/wp-content\/uploads\/2024\/05\/CASA-QUEER-PARADA-GERAL-1-300x300.jpg 300w, https:\/\/www.guiaglbts.com.br\/blog\/wp-content\/uploads\/2024\/05\/CASA-QUEER-PARADA-GERAL-1-100x100.jpg 100w, https:\/\/www.guiaglbts.com.br\/blog\/wp-content\/uploads\/2024\/05\/CASA-QUEER-PARADA-GERAL-1-600x600.jpg 600w, https:\/\/www.guiaglbts.com.br\/blog\/wp-content\/uploads\/2024\/05\/CASA-QUEER-PARADA-GERAL-1-150x150.jpg 150w, https:\/\/www.guiaglbts.com.br\/blog\/wp-content\/uploads\/2024\/05\/CASA-QUEER-PARADA-GERAL-1-768x768.jpg 768w, https:\/\/www.guiaglbts.com.br\/blog\/wp-content\/uploads\/2024\/05\/CASA-QUEER-PARADA-GERAL-1.jpg 945w\" sizes=\"(max-width: 300px) 100vw, 300px\" \/><\/a><img decoding=\"async\" class=\"alignleft size-medium wp-image-6592\" src=\"https:\/\/www.guiaglbts.com.br\/blog\/wp-content\/uploads\/2024\/05\/casa-queer-parada-programa-31-maio-300x300.jpg\" alt=\"\" width=\"300\" height=\"300\" srcset=\"https:\/\/www.guiaglbts.com.br\/blog\/wp-content\/uploads\/2024\/05\/casa-queer-parada-programa-31-maio-300x300.jpg 300w, https:\/\/www.guiaglbts.com.br\/blog\/wp-content\/uploads\/2024\/05\/casa-queer-parada-programa-31-maio-100x100.jpg 100w, https:\/\/www.guiaglbts.com.br\/blog\/wp-content\/uploads\/2024\/05\/casa-queer-parada-programa-31-maio-600x600.jpg 600w, https:\/\/www.guiaglbts.com.br\/blog\/wp-content\/uploads\/2024\/05\/casa-queer-parada-programa-31-maio-150x150.jpg 150w, https:\/\/www.guiaglbts.com.br\/blog\/wp-content\/uploads\/2024\/05\/casa-queer-parada-programa-31-maio-768x768.jpg 768w, https:\/\/www.guiaglbts.com.br\/blog\/wp-content\/uploads\/2024\/05\/casa-queer-parada-programa-31-maio.jpg 945w\" sizes=\"(max-width: 300px) 100vw, 300px\" \/><img loading=\"lazy\" decoding=\"async\" class=\"alignleft size-medium wp-image-6594\" src=\"https:\/\/www.guiaglbts.com.br\/blog\/wp-content\/uploads\/2024\/05\/casa-queer-parada-programa-01-junho-300x300.jpg\" alt=\"\" width=\"300\" height=\"300\" srcset=\"https:\/\/www.guiaglbts.com.br\/blog\/wp-content\/uploads\/2024\/05\/casa-queer-parada-programa-01-junho-300x300.jpg 300w, https:\/\/www.guiaglbts.com.br\/blog\/wp-content\/uploads\/2024\/05\/casa-queer-parada-programa-01-junho-100x100.jpg 100w, https:\/\/www.guiaglbts.com.br\/blog\/wp-content\/uploads\/2024\/05\/casa-queer-parada-programa-01-junho-600x600.jpg 600w, https:\/\/www.guiaglbts.com.br\/blog\/wp-content\/uploads\/2024\/05\/casa-queer-parada-programa-01-junho-150x150.jpg 150w, https:\/\/www.guiaglbts.com.br\/blog\/wp-content\/uploads\/2024\/05\/casa-queer-parada-programa-01-junho-768x768.jpg 768w, https:\/\/www.guiaglbts.com.br\/blog\/wp-content\/uploads\/2024\/05\/casa-queer-parada-programa-01-junho.jpg 945w\" sizes=\"(max-width: 300px) 100vw, 300px\" \/><img loading=\"lazy\" decoding=\"async\" class=\"alignleft size-medium wp-image-6591\" src=\"https:\/\/www.guiaglbts.com.br\/blog\/wp-content\/uploads\/2024\/05\/quem-somos-1-300x300.jpg\" alt=\"\" width=\"300\" height=\"300\" srcset=\"https:\/\/www.guiaglbts.com.br\/blog\/wp-content\/uploads\/2024\/05\/quem-somos-1-300x300.jpg 300w, https:\/\/www.guiaglbts.com.br\/blog\/wp-content\/uploads\/2024\/05\/quem-somos-1-100x100.jpg 100w, https:\/\/www.guiaglbts.com.br\/blog\/wp-content\/uploads\/2024\/05\/quem-somos-1-600x600.jpg 600w, https:\/\/www.guiaglbts.com.br\/blog\/wp-content\/uploads\/2024\/05\/quem-somos-1-150x150.jpg 150w, https:\/\/www.guiaglbts.com.br\/blog\/wp-content\/uploads\/2024\/05\/quem-somos-1-768x768.jpg 768w, https:\/\/www.guiaglbts.com.br\/blog\/wp-content\/uploads\/2024\/05\/quem-somos-1.jpg 945w\" sizes=\"(max-width: 300px) 100vw, 300px\" \/><img loading=\"lazy\" decoding=\"async\" class=\"alignleft size-medium wp-image-6590\" src=\"https:\/\/www.guiaglbts.com.br\/blog\/wp-content\/uploads\/2024\/05\/quem-somos-2-300x300.jpg\" alt=\"\" width=\"300\" height=\"300\" srcset=\"https:\/\/www.guiaglbts.com.br\/blog\/wp-content\/uploads\/2024\/05\/quem-somos-2-300x300.jpg 300w, https:\/\/www.guiaglbts.com.br\/blog\/wp-content\/uploads\/2024\/05\/quem-somos-2-100x100.jpg 100w, https:\/\/www.guiaglbts.com.br\/blog\/wp-content\/uploads\/2024\/05\/quem-somos-2-600x600.jpg 600w, https:\/\/www.guiaglbts.com.br\/blog\/wp-content\/uploads\/2024\/05\/quem-somos-2-150x150.jpg 150w, https:\/\/www.guiaglbts.com.br\/blog\/wp-content\/uploads\/2024\/05\/quem-somos-2-768x768.jpg 768w, https:\/\/www.guiaglbts.com.br\/blog\/wp-content\/uploads\/2024\/05\/quem-somos-2.jpg 945w\" sizes=\"(max-width: 300px) 100vw, 300px\" \/><img loading=\"lazy\" decoding=\"async\" class=\"alignleft size-medium wp-image-6589\" src=\"https:\/\/www.guiaglbts.com.br\/blog\/wp-content\/uploads\/2024\/05\/quem-somos-3-300x300.jpg\" alt=\"\" width=\"300\" height=\"300\" srcset=\"https:\/\/www.guiaglbts.com.br\/blog\/wp-content\/uploads\/2024\/05\/quem-somos-3-300x300.jpg 300w, https:\/\/www.guiaglbts.com.br\/blog\/wp-content\/uploads\/2024\/05\/quem-somos-3-100x100.jpg 100w, https:\/\/www.guiaglbts.com.br\/blog\/wp-content\/uploads\/2024\/05\/quem-somos-3-600x600.jpg 600w, https:\/\/www.guiaglbts.com.br\/blog\/wp-content\/uploads\/2024\/05\/quem-somos-3-150x150.jpg 150w, https:\/\/www.guiaglbts.com.br\/blog\/wp-content\/uploads\/2024\/05\/quem-somos-3-768x768.jpg 768w, https:\/\/www.guiaglbts.com.br\/blog\/wp-content\/uploads\/2024\/05\/quem-somos-3.jpg 945w\" sizes=\"(max-width: 300px) 100vw, 300px\" \/><img loading=\"lazy\" decoding=\"async\" class=\"alignleft size-medium wp-image-6588\" src=\"https:\/\/www.guiaglbts.com.br\/blog\/wp-content\/uploads\/2024\/05\/quem-somos-4-300x300.jpg\" alt=\"\" width=\"300\" height=\"300\" srcset=\"https:\/\/www.guiaglbts.com.br\/blog\/wp-content\/uploads\/2024\/05\/quem-somos-4-300x300.jpg 300w, https:\/\/www.guiaglbts.com.br\/blog\/wp-content\/uploads\/2024\/05\/quem-somos-4-100x100.jpg 100w, https:\/\/www.guiaglbts.com.br\/blog\/wp-content\/uploads\/2024\/05\/quem-somos-4-600x600.jpg 600w, https:\/\/www.guiaglbts.com.br\/blog\/wp-content\/uploads\/2024\/05\/quem-somos-4-150x150.jpg 150w, https:\/\/www.guiaglbts.com.br\/blog\/wp-content\/uploads\/2024\/05\/quem-somos-4-768x768.jpg 768w, https:\/\/www.guiaglbts.com.br\/blog\/wp-content\/uploads\/2024\/05\/quem-somos-4.jpg 945w\" sizes=\"(max-width: 300px) 100vw, 300px\" \/><\/p>\n<p>&nbsp;<\/p>\n<p>&nbsp;<\/p>\n","protected":false},"excerpt":{"rendered":"<p>A ParadaSP est\u00e1 estabelecendo parcerias estrat\u00e9gicas para 2025, focando em programa\u00e7\u00f5es culturais paralelas para fortalecer la\u00e7os e ampliar o apoio \u00e0 comunidade &nbsp; &nbsp; &nbsp; &nbsp; &nbsp; &nbsp; &nbsp; No m\u00eas dedicado ao orgulho da diversidade, al\u00e9m da emblem\u00e1tica 28\u00aa Parada do Orgulho LGBT+ de S\u00e3o Paulo no dia 2 de junho, com o tema [&hellip;]<\/p>\n","protected":false},"author":2,"featured_media":0,"comment_status":"open","ping_status":"open","sticky":false,"template":"","format":"standard","meta":{"footnotes":""},"categories":[1],"tags":[],"class_list":["post-6586","post","type-post","status-publish","format-standard","hentry","category-sem-categoria"],"yoast_head":"<!-- This site is optimized with the Yoast SEO plugin v27.2 - https:\/\/yoast.com\/product\/yoast-seo-wordpress\/ -->\n<title>Confira a programa\u00e7\u00e3o cultural paralela \u00e0 28\u00aa Parada do Orgulho LGBT+ de S\u00e3o Paulo, que acontece durante todo o m\u00eas do orgulho - Guia GLBTS<\/title>\n<meta name=\"robots\" content=\"index, follow, max-snippet:-1, max-image-preview:large, max-video-preview:-1\" \/>\n<link rel=\"canonical\" href=\"https:\/\/www.guiaglbts.com.br\/blog\/6586\/\" \/>\n<meta property=\"og:locale\" content=\"pt_BR\" \/>\n<meta property=\"og:type\" content=\"article\" \/>\n<meta property=\"og:title\" content=\"Confira a programa\u00e7\u00e3o cultural paralela \u00e0 28\u00aa Parada do Orgulho LGBT+ de S\u00e3o Paulo, que acontece durante todo o m\u00eas do orgulho - Guia GLBTS\" \/>\n<meta property=\"og:description\" content=\"A ParadaSP est\u00e1 estabelecendo parcerias estrat\u00e9gicas para 2025, focando em programa\u00e7\u00f5es culturais paralelas para fortalecer la\u00e7os e ampliar o apoio \u00e0 comunidade &nbsp; &nbsp; &nbsp; &nbsp; &nbsp; &nbsp; &nbsp; No m\u00eas dedicado ao orgulho da diversidade, al\u00e9m da emblem\u00e1tica 28\u00aa Parada do Orgulho LGBT+ de S\u00e3o Paulo no dia 2 de junho, com o tema [&hellip;]\" \/>\n<meta property=\"og:url\" content=\"https:\/\/www.guiaglbts.com.br\/blog\/6586\/\" \/>\n<meta property=\"og:site_name\" content=\"Guia GLBTS\" \/>\n<meta property=\"article:publisher\" content=\"https:\/\/www.facebook.com\/guialgbtsclassificados\" \/>\n<meta property=\"article:published_time\" content=\"2024-05-23T17:23:29+00:00\" \/>\n<meta property=\"article:modified_time\" content=\"2024-05-23T17:23:39+00:00\" \/>\n<meta property=\"og:image\" content=\"https:\/\/www.guiaglbts.com.br\/blog\/wp-content\/uploads\/2024\/05\/CASA-QUEER-PARADA-GERAL-1-300x300.jpg\" \/>\n<meta name=\"author\" content=\"Ellos Design\" \/>\n<meta name=\"twitter:card\" content=\"summary_large_image\" \/>\n<meta name=\"twitter:creator\" content=\"@GuiaLGBTS\" \/>\n<meta name=\"twitter:site\" content=\"@GuiaLGBTS\" \/>\n<meta name=\"twitter:label1\" content=\"Escrito por\" \/>\n\t<meta name=\"twitter:data1\" content=\"Ellos Design\" \/>\n\t<meta name=\"twitter:label2\" content=\"Est. tempo de leitura\" \/>\n\t<meta name=\"twitter:data2\" content=\"3 minutos\" \/>\n<script type=\"application\/ld+json\" class=\"yoast-schema-graph\">{\"@context\":\"https:\/\/schema.org\",\"@graph\":[{\"@type\":\"Article\",\"@id\":\"https:\/\/www.guiaglbts.com.br\/blog\/6586\/#article\",\"isPartOf\":{\"@id\":\"https:\/\/www.guiaglbts.com.br\/blog\/6586\/\"},\"author\":{\"name\":\"Ellos Design\",\"@id\":\"https:\/\/www.guiaglbts.com.br\/blog\/#\/schema\/person\/26d0c7f8b7991962d310475ce84fcd3e\"},\"headline\":\"Confira a programa\u00e7\u00e3o cultural paralela \u00e0 28\u00aa Parada do Orgulho LGBT+ de S\u00e3o Paulo, que acontece durante todo o m\u00eas do orgulho\",\"datePublished\":\"2024-05-23T17:23:29+00:00\",\"dateModified\":\"2024-05-23T17:23:39+00:00\",\"mainEntityOfPage\":{\"@id\":\"https:\/\/www.guiaglbts.com.br\/blog\/6586\/\"},\"wordCount\":584,\"commentCount\":0,\"publisher\":{\"@id\":\"https:\/\/www.guiaglbts.com.br\/blog\/#organization\"},\"image\":{\"@id\":\"https:\/\/www.guiaglbts.com.br\/blog\/6586\/#primaryimage\"},\"thumbnailUrl\":\"https:\/\/www.guiaglbts.com.br\/blog\/wp-content\/uploads\/2024\/05\/CASA-QUEER-PARADA-GERAL-1-300x300.jpg\",\"inLanguage\":\"pt-BR\",\"potentialAction\":[{\"@type\":\"CommentAction\",\"name\":\"Comment\",\"target\":[\"https:\/\/www.guiaglbts.com.br\/blog\/6586\/#respond\"]}]},{\"@type\":\"WebPage\",\"@id\":\"https:\/\/www.guiaglbts.com.br\/blog\/6586\/\",\"url\":\"https:\/\/www.guiaglbts.com.br\/blog\/6586\/\",\"name\":\"Confira a programa\u00e7\u00e3o cultural paralela \u00e0 28\u00aa Parada do Orgulho LGBT+ de S\u00e3o Paulo, que acontece durante todo o m\u00eas do orgulho - Guia GLBTS\",\"isPartOf\":{\"@id\":\"https:\/\/www.guiaglbts.com.br\/blog\/#website\"},\"primaryImageOfPage\":{\"@id\":\"https:\/\/www.guiaglbts.com.br\/blog\/6586\/#primaryimage\"},\"image\":{\"@id\":\"https:\/\/www.guiaglbts.com.br\/blog\/6586\/#primaryimage\"},\"thumbnailUrl\":\"https:\/\/www.guiaglbts.com.br\/blog\/wp-content\/uploads\/2024\/05\/CASA-QUEER-PARADA-GERAL-1-300x300.jpg\",\"datePublished\":\"2024-05-23T17:23:29+00:00\",\"dateModified\":\"2024-05-23T17:23:39+00:00\",\"breadcrumb\":{\"@id\":\"https:\/\/www.guiaglbts.com.br\/blog\/6586\/#breadcrumb\"},\"inLanguage\":\"pt-BR\",\"potentialAction\":[{\"@type\":\"ReadAction\",\"target\":[\"https:\/\/www.guiaglbts.com.br\/blog\/6586\/\"]}]},{\"@type\":\"ImageObject\",\"inLanguage\":\"pt-BR\",\"@id\":\"https:\/\/www.guiaglbts.com.br\/blog\/6586\/#primaryimage\",\"url\":\"https:\/\/www.guiaglbts.com.br\/blog\/wp-content\/uploads\/2024\/05\/CASA-QUEER-PARADA-GERAL-1.jpg\",\"contentUrl\":\"https:\/\/www.guiaglbts.com.br\/blog\/wp-content\/uploads\/2024\/05\/CASA-QUEER-PARADA-GERAL-1.jpg\",\"width\":945,\"height\":945},{\"@type\":\"BreadcrumbList\",\"@id\":\"https:\/\/www.guiaglbts.com.br\/blog\/6586\/#breadcrumb\",\"itemListElement\":[{\"@type\":\"ListItem\",\"position\":1,\"name\":\"In\u00edcio\",\"item\":\"https:\/\/www.guiaglbts.com.br\/blog\/\"},{\"@type\":\"ListItem\",\"position\":2,\"name\":\"Confira a programa\u00e7\u00e3o cultural paralela \u00e0 28\u00aa Parada do Orgulho LGBT+ de S\u00e3o Paulo, que acontece durante todo o m\u00eas do orgulho\"}]},{\"@type\":\"WebSite\",\"@id\":\"https:\/\/www.guiaglbts.com.br\/blog\/#website\",\"url\":\"https:\/\/www.guiaglbts.com.br\/blog\/\",\"name\":\"Guia GLBTS\",\"description\":\"Guia da Nany People\",\"publisher\":{\"@id\":\"https:\/\/www.guiaglbts.com.br\/blog\/#organization\"},\"potentialAction\":[{\"@type\":\"SearchAction\",\"target\":{\"@type\":\"EntryPoint\",\"urlTemplate\":\"https:\/\/www.guiaglbts.com.br\/blog\/?s={search_term_string}\"},\"query-input\":{\"@type\":\"PropertyValueSpecification\",\"valueRequired\":true,\"valueName\":\"search_term_string\"}}],\"inLanguage\":\"pt-BR\"},{\"@type\":\"Organization\",\"@id\":\"https:\/\/www.guiaglbts.com.br\/blog\/#organization\",\"name\":\"Guia GLBTS\",\"url\":\"https:\/\/www.guiaglbts.com.br\/blog\/\",\"logo\":{\"@type\":\"ImageObject\",\"inLanguage\":\"pt-BR\",\"@id\":\"https:\/\/www.guiaglbts.com.br\/blog\/#\/schema\/logo\/image\/\",\"url\":\"https:\/\/www.guiaglbts.com.br\/blog\/wp-content\/uploads\/2025\/08\/logo_guia.png\",\"contentUrl\":\"https:\/\/www.guiaglbts.com.br\/blog\/wp-content\/uploads\/2025\/08\/logo_guia.png\",\"width\":310,\"height\":78,\"caption\":\"Guia GLBTS\"},\"image\":{\"@id\":\"https:\/\/www.guiaglbts.com.br\/blog\/#\/schema\/logo\/image\/\"},\"sameAs\":[\"https:\/\/www.facebook.com\/guialgbtsclassificados\",\"https:\/\/x.com\/GuiaLGBTS\",\"https:\/\/www.instagram.com\/guiadananypeople\/\",\"https:\/\/www.youtube.com\/user\/GuiaLGBTS\"]},{\"@type\":\"Person\",\"@id\":\"https:\/\/www.guiaglbts.com.br\/blog\/#\/schema\/person\/26d0c7f8b7991962d310475ce84fcd3e\",\"name\":\"Ellos Design\",\"image\":{\"@type\":\"ImageObject\",\"inLanguage\":\"pt-BR\",\"@id\":\"https:\/\/secure.gravatar.com\/avatar\/34b58000c3a22ae0b540f58577ea8359e60439a7b722b361769d039ac0bbf649?s=96&d=mm&r=g\",\"url\":\"https:\/\/secure.gravatar.com\/avatar\/34b58000c3a22ae0b540f58577ea8359e60439a7b722b361769d039ac0bbf649?s=96&d=mm&r=g\",\"contentUrl\":\"https:\/\/secure.gravatar.com\/avatar\/34b58000c3a22ae0b540f58577ea8359e60439a7b722b361769d039ac0bbf649?s=96&d=mm&r=g\",\"caption\":\"Ellos Design\"},\"sameAs\":[\"https:\/\/www.guiaglbts.com.br\"],\"url\":\"https:\/\/www.guiaglbts.com.br\/blog\/author\/ellos\/\"}]}<\/script>\n<!-- \/ Yoast SEO plugin. -->","yoast_head_json":{"title":"Confira a programa\u00e7\u00e3o cultural paralela \u00e0 28\u00aa Parada do Orgulho LGBT+ de S\u00e3o Paulo, que acontece durante todo o m\u00eas do orgulho - Guia GLBTS","robots":{"index":"index","follow":"follow","max-snippet":"max-snippet:-1","max-image-preview":"max-image-preview:large","max-video-preview":"max-video-preview:-1"},"canonical":"https:\/\/www.guiaglbts.com.br\/blog\/6586\/","og_locale":"pt_BR","og_type":"article","og_title":"Confira a programa\u00e7\u00e3o cultural paralela \u00e0 28\u00aa Parada do Orgulho LGBT+ de S\u00e3o Paulo, que acontece durante todo o m\u00eas do orgulho - Guia GLBTS","og_description":"A ParadaSP est\u00e1 estabelecendo parcerias estrat\u00e9gicas para 2025, focando em programa\u00e7\u00f5es culturais paralelas para fortalecer la\u00e7os e ampliar o apoio \u00e0 comunidade &nbsp; &nbsp; &nbsp; &nbsp; &nbsp; &nbsp; &nbsp; No m\u00eas dedicado ao orgulho da diversidade, al\u00e9m da emblem\u00e1tica 28\u00aa Parada do Orgulho LGBT+ de S\u00e3o Paulo no dia 2 de junho, com o tema [&hellip;]","og_url":"https:\/\/www.guiaglbts.com.br\/blog\/6586\/","og_site_name":"Guia GLBTS","article_publisher":"https:\/\/www.facebook.com\/guialgbtsclassificados","article_published_time":"2024-05-23T17:23:29+00:00","article_modified_time":"2024-05-23T17:23:39+00:00","og_image":[{"url":"https:\/\/www.guiaglbts.com.br\/blog\/wp-content\/uploads\/2024\/05\/CASA-QUEER-PARADA-GERAL-1-300x300.jpg","type":"","width":"","height":""}],"author":"Ellos Design","twitter_card":"summary_large_image","twitter_creator":"@GuiaLGBTS","twitter_site":"@GuiaLGBTS","twitter_misc":{"Escrito por":"Ellos Design","Est. tempo de leitura":"3 minutos"},"schema":{"@context":"https:\/\/schema.org","@graph":[{"@type":"Article","@id":"https:\/\/www.guiaglbts.com.br\/blog\/6586\/#article","isPartOf":{"@id":"https:\/\/www.guiaglbts.com.br\/blog\/6586\/"},"author":{"name":"Ellos Design","@id":"https:\/\/www.guiaglbts.com.br\/blog\/#\/schema\/person\/26d0c7f8b7991962d310475ce84fcd3e"},"headline":"Confira a programa\u00e7\u00e3o cultural paralela \u00e0 28\u00aa Parada do Orgulho LGBT+ de S\u00e3o Paulo, que acontece durante todo o m\u00eas do orgulho","datePublished":"2024-05-23T17:23:29+00:00","dateModified":"2024-05-23T17:23:39+00:00","mainEntityOfPage":{"@id":"https:\/\/www.guiaglbts.com.br\/blog\/6586\/"},"wordCount":584,"commentCount":0,"publisher":{"@id":"https:\/\/www.guiaglbts.com.br\/blog\/#organization"},"image":{"@id":"https:\/\/www.guiaglbts.com.br\/blog\/6586\/#primaryimage"},"thumbnailUrl":"https:\/\/www.guiaglbts.com.br\/blog\/wp-content\/uploads\/2024\/05\/CASA-QUEER-PARADA-GERAL-1-300x300.jpg","inLanguage":"pt-BR","potentialAction":[{"@type":"CommentAction","name":"Comment","target":["https:\/\/www.guiaglbts.com.br\/blog\/6586\/#respond"]}]},{"@type":"WebPage","@id":"https:\/\/www.guiaglbts.com.br\/blog\/6586\/","url":"https:\/\/www.guiaglbts.com.br\/blog\/6586\/","name":"Confira a programa\u00e7\u00e3o cultural paralela \u00e0 28\u00aa Parada do Orgulho LGBT+ de S\u00e3o Paulo, que acontece durante todo o m\u00eas do orgulho - Guia GLBTS","isPartOf":{"@id":"https:\/\/www.guiaglbts.com.br\/blog\/#website"},"primaryImageOfPage":{"@id":"https:\/\/www.guiaglbts.com.br\/blog\/6586\/#primaryimage"},"image":{"@id":"https:\/\/www.guiaglbts.com.br\/blog\/6586\/#primaryimage"},"thumbnailUrl":"https:\/\/www.guiaglbts.com.br\/blog\/wp-content\/uploads\/2024\/05\/CASA-QUEER-PARADA-GERAL-1-300x300.jpg","datePublished":"2024-05-23T17:23:29+00:00","dateModified":"2024-05-23T17:23:39+00:00","breadcrumb":{"@id":"https:\/\/www.guiaglbts.com.br\/blog\/6586\/#breadcrumb"},"inLanguage":"pt-BR","potentialAction":[{"@type":"ReadAction","target":["https:\/\/www.guiaglbts.com.br\/blog\/6586\/"]}]},{"@type":"ImageObject","inLanguage":"pt-BR","@id":"https:\/\/www.guiaglbts.com.br\/blog\/6586\/#primaryimage","url":"https:\/\/www.guiaglbts.com.br\/blog\/wp-content\/uploads\/2024\/05\/CASA-QUEER-PARADA-GERAL-1.jpg","contentUrl":"https:\/\/www.guiaglbts.com.br\/blog\/wp-content\/uploads\/2024\/05\/CASA-QUEER-PARADA-GERAL-1.jpg","width":945,"height":945},{"@type":"BreadcrumbList","@id":"https:\/\/www.guiaglbts.com.br\/blog\/6586\/#breadcrumb","itemListElement":[{"@type":"ListItem","position":1,"name":"In\u00edcio","item":"https:\/\/www.guiaglbts.com.br\/blog\/"},{"@type":"ListItem","position":2,"name":"Confira a programa\u00e7\u00e3o cultural paralela \u00e0 28\u00aa Parada do Orgulho LGBT+ de S\u00e3o Paulo, que acontece durante todo o m\u00eas do orgulho"}]},{"@type":"WebSite","@id":"https:\/\/www.guiaglbts.com.br\/blog\/#website","url":"https:\/\/www.guiaglbts.com.br\/blog\/","name":"Guia GLBTS","description":"Guia da Nany People","publisher":{"@id":"https:\/\/www.guiaglbts.com.br\/blog\/#organization"},"potentialAction":[{"@type":"SearchAction","target":{"@type":"EntryPoint","urlTemplate":"https:\/\/www.guiaglbts.com.br\/blog\/?s={search_term_string}"},"query-input":{"@type":"PropertyValueSpecification","valueRequired":true,"valueName":"search_term_string"}}],"inLanguage":"pt-BR"},{"@type":"Organization","@id":"https:\/\/www.guiaglbts.com.br\/blog\/#organization","name":"Guia GLBTS","url":"https:\/\/www.guiaglbts.com.br\/blog\/","logo":{"@type":"ImageObject","inLanguage":"pt-BR","@id":"https:\/\/www.guiaglbts.com.br\/blog\/#\/schema\/logo\/image\/","url":"https:\/\/www.guiaglbts.com.br\/blog\/wp-content\/uploads\/2025\/08\/logo_guia.png","contentUrl":"https:\/\/www.guiaglbts.com.br\/blog\/wp-content\/uploads\/2025\/08\/logo_guia.png","width":310,"height":78,"caption":"Guia GLBTS"},"image":{"@id":"https:\/\/www.guiaglbts.com.br\/blog\/#\/schema\/logo\/image\/"},"sameAs":["https:\/\/www.facebook.com\/guialgbtsclassificados","https:\/\/x.com\/GuiaLGBTS","https:\/\/www.instagram.com\/guiadananypeople\/","https:\/\/www.youtube.com\/user\/GuiaLGBTS"]},{"@type":"Person","@id":"https:\/\/www.guiaglbts.com.br\/blog\/#\/schema\/person\/26d0c7f8b7991962d310475ce84fcd3e","name":"Ellos Design","image":{"@type":"ImageObject","inLanguage":"pt-BR","@id":"https:\/\/secure.gravatar.com\/avatar\/34b58000c3a22ae0b540f58577ea8359e60439a7b722b361769d039ac0bbf649?s=96&d=mm&r=g","url":"https:\/\/secure.gravatar.com\/avatar\/34b58000c3a22ae0b540f58577ea8359e60439a7b722b361769d039ac0bbf649?s=96&d=mm&r=g","contentUrl":"https:\/\/secure.gravatar.com\/avatar\/34b58000c3a22ae0b540f58577ea8359e60439a7b722b361769d039ac0bbf649?s=96&d=mm&r=g","caption":"Ellos Design"},"sameAs":["https:\/\/www.guiaglbts.com.br"],"url":"https:\/\/www.guiaglbts.com.br\/blog\/author\/ellos\/"}]}},"_links":{"self":[{"href":"https:\/\/www.guiaglbts.com.br\/blog\/wp-json\/wp\/v2\/posts\/6586","targetHints":{"allow":["GET"]}}],"collection":[{"href":"https:\/\/www.guiaglbts.com.br\/blog\/wp-json\/wp\/v2\/posts"}],"about":[{"href":"https:\/\/www.guiaglbts.com.br\/blog\/wp-json\/wp\/v2\/types\/post"}],"author":[{"embeddable":true,"href":"https:\/\/www.guiaglbts.com.br\/blog\/wp-json\/wp\/v2\/users\/2"}],"replies":[{"embeddable":true,"href":"https:\/\/www.guiaglbts.com.br\/blog\/wp-json\/wp\/v2\/comments?post=6586"}],"version-history":[{"count":2,"href":"https:\/\/www.guiaglbts.com.br\/blog\/wp-json\/wp\/v2\/posts\/6586\/revisions"}],"predecessor-version":[{"id":6596,"href":"https:\/\/www.guiaglbts.com.br\/blog\/wp-json\/wp\/v2\/posts\/6586\/revisions\/6596"}],"wp:attachment":[{"href":"https:\/\/www.guiaglbts.com.br\/blog\/wp-json\/wp\/v2\/media?parent=6586"}],"wp:term":[{"taxonomy":"category","embeddable":true,"href":"https:\/\/www.guiaglbts.com.br\/blog\/wp-json\/wp\/v2\/categories?post=6586"},{"taxonomy":"post_tag","embeddable":true,"href":"https:\/\/www.guiaglbts.com.br\/blog\/wp-json\/wp\/v2\/tags?post=6586"}],"curies":[{"name":"wp","href":"https:\/\/api.w.org\/{rel}","templated":true}]}}