{"id":6584,"date":"2024-05-23T14:12:25","date_gmt":"2024-05-23T17:12:25","guid":{"rendered":"https:\/\/www.guiaglbts.com.br\/blog\/?p=6584"},"modified":"2024-05-23T14:12:25","modified_gmt":"2024-05-23T17:12:25","slug":"confira-a-programacao-oficial-da-28a-parada-do-orgulho-lgbt-de-sao-paulo-que-acontece-dia-2-de-junho-na-avenida-paulista","status":"publish","type":"post","link":"https:\/\/www.guiaglbts.com.br\/blog\/confira-a-programacao-oficial-da-28a-parada-do-orgulho-lgbt-de-sao-paulo-que-acontece-dia-2-de-junho-na-avenida-paulista\/","title":{"rendered":"Confira a programa\u00e7\u00e3o oficial da 28\u00aa Parada do Orgulho LGBT+ de S\u00e3o Paulo, que acontece dia 2 de junho, na Avenida Paulista"},"content":{"rendered":"<p><i><span style=\"font-weight: 400;\">Pabllo Vittar, Sandra de S\u00e1, Gl\u00f3ria Groove e Banda U\u00d3 s\u00e3o algumas das a<\/span><\/i><i><span style=\"font-weight: 400;\">tra\u00e7\u00f5es art\u00edsticas confirmadas para a 28\u00aa Parada do Orgulho LGBT+ de S\u00e3o Paulo<\/span><\/i><\/p>\n<p><a href=\"https:\/\/www.guiaglbts.com.br\/blog\/wp-content\/uploads\/2024\/05\/Feira-da-Diversidade_PARADASP_page-0001-rotated.jpg\"><img fetchpriority=\"high\" decoding=\"async\" class=\"alignleft  wp-image-6563\" src=\"https:\/\/www.guiaglbts.com.br\/blog\/wp-content\/uploads\/2024\/05\/Feira-da-Diversidade_PARADASP_page-0001-300x212.jpg\" alt=\"\" width=\"437\" height=\"309\" srcset=\"https:\/\/www.guiaglbts.com.br\/blog\/wp-content\/uploads\/2024\/05\/Feira-da-Diversidade_PARADASP_page-0001-300x212.jpg 300w, https:\/\/www.guiaglbts.com.br\/blog\/wp-content\/uploads\/2024\/05\/Feira-da-Diversidade_PARADASP_page-0001-rotated-600x424.jpg 600w, https:\/\/www.guiaglbts.com.br\/blog\/wp-content\/uploads\/2024\/05\/Feira-da-Diversidade_PARADASP_page-0001-1024x724.jpg 1024w, https:\/\/www.guiaglbts.com.br\/blog\/wp-content\/uploads\/2024\/05\/Feira-da-Diversidade_PARADASP_page-0001-768x543.jpg 768w, https:\/\/www.guiaglbts.com.br\/blog\/wp-content\/uploads\/2024\/05\/Feira-da-Diversidade_PARADASP_page-0001-1536x1085.jpg 1536w, https:\/\/www.guiaglbts.com.br\/blog\/wp-content\/uploads\/2024\/05\/Feira-da-Diversidade_PARADASP_page-0001-rotated.jpg 1755w\" sizes=\"(max-width: 437px) 100vw, 437px\" \/><\/a><\/p>\n<p>&nbsp;<\/p>\n<p>&nbsp;<\/p>\n<p>&nbsp;<\/p>\n<p>&nbsp;<\/p>\n<p>&nbsp;<\/p>\n<p>&nbsp;<\/p>\n<p>&nbsp;<\/p>\n<p><span style=\"font-weight: 400;\">A esperada programa\u00e7\u00e3o dos trios da <\/span><b>28\u00aa Parada do Orgulho LGBT+ de S\u00e3o Paulo<\/b><span style=\"font-weight: 400;\">, realizada pela <\/span><b>Associa\u00e7\u00e3o da Parada do Orgulho LGBT de S\u00e3o Paulo (APOLGBT-SP)<\/b><span style=\"font-weight: 400;\">, est\u00e1 fechada. A celebra\u00e7\u00e3o acontece neste domingo, <\/span><span style=\"font-weight: 400;\">dia 2 de junho, domingo, a partir das 10h<\/span><span style=\"font-weight: 400;\">, na Avenida Paulista. Neste ano, a Parada vai \u00e0s ruas sob o tema <\/span><b>Basta de Neglig\u00eancia e Retrocesso no Legislativo &#8211; Vote consciente por direitos da popula\u00e7\u00e3o LGBT+<\/b><span style=\"font-weight: 400;\">, buscando mobilizar a comunidade para assumir um papel ativo na escolha de seus representantes, a fim de superar as barreiras existentes no Legislativo.<\/span><\/p>\n<p><span style=\"font-weight: 400;\">A proposta do tema, segundo seus organizadores, \u00e9 incentivar discuss\u00f5es sobre a necessidade de contar com representantes que compreendam e acolham as demandas da popula\u00e7\u00e3o LGBT+, comprometendo-se com leis inclusivas e comprometidas com a diversidade. Por isso, convoca toda a popula\u00e7\u00e3o para comparecer na Parada vestida de verde e amarelo e empunhando bandeiras do Brasil e do arco-\u00edris, para celebrar o tema e a retomada dos nossos s\u00edmbolos.<\/span><\/p>\n<p><span style=\"font-weight: 400;\">&#8220;Diante desse cen\u00e1rio, torna-se imperativo que o Congresso e as casas legislativas assumam uma postura mais inclusiva, progressista e enf\u00e1tica, garantindo a igualdade e a prote\u00e7\u00e3o dos direitos de todas as pessoas&#8221;, defende <\/span><b>Andr\u00e9 Fischer<\/b><span style=\"font-weight: 400;\">, Diretor de Comunica\u00e7\u00e3o da APOLGBT-SP, refor\u00e7ando tamb\u00e9m o quanto a conscientiza\u00e7\u00e3o e empatia social s\u00e3o fundamentais para que se estabele\u00e7a um debate qualificado e aprofundado para superar resist\u00eancias e avan\u00e7ar na legisla\u00e7\u00e3o espec\u00edfica que combata a LGBTfobia.<\/span><\/p>\n<p><b>Novidades na Parada<\/b><\/p>\n<p><span style=\"font-weight: 400;\">Pela primeira vez desde 1997, a Parada far\u00e1 um trajeto diferente: este ano, devido \u00e0s obras que acontecem na Avenida Paulista, os trios percorrer\u00e3o o lado \u00edmpar da avenida. O p\u00fablico ser\u00e1 orientado a entrar no evento pelas ruas Haddock Lobo e Bela Cintra.<\/span><\/p>\n<p><span style=\"font-weight: 400;\">A Parada tamb\u00e9m estabeleceu uma parceria in\u00e9dita com a prefeitura para a\u00e7\u00f5es de sustentabilidade mais efetivas. Ser\u00e3o instalados 100 ecopontos ao longo da Avenida Paulista e da Rua da Consola\u00e7\u00e3o para recolhimento de res\u00edduos. Haver\u00e1 tamb\u00e9m a presen\u00e7a de catadores para auxiliar na limpeza do trajeto e, ap\u00f3s o evento, ser\u00e3o plantadas \u00e1rvores para compensar as emiss\u00f5es de CO2.<\/span><\/p>\n<p><span style=\"font-weight: 400;\">Diversas a\u00e7\u00f5es buscam tornar a Parada ainda mais inclusiva em 2024, entre elas os casamentos de dois casais homoafetivos, dois novos palcos e rodas de conversa com temas como racismo e empoderamento feminino, al\u00e9m de testagem de ISTs, bloco de pessoas com defici\u00eancia e mais.<\/span><\/p>\n<p><b>Confira os destaques da programa\u00e7\u00e3o de alguns dos 16 trios el\u00e9tricos:<\/b><\/p>\n<p><span style=\"font-weight: 400;\">Trio Amstel \u2013 Artista: Gl\u00f3ria Groove\u00a0<\/span><\/p>\n<p><span style=\"font-weight: 400;\">Trio Burger King \u2013 Artista: Banda U\u00d3<\/span><\/p>\n<p><span style=\"font-weight: 400;\">Trio Loreal Brasil \u2013 Artistas: Sandra de S\u00e1 e Ludmillah Anjos<\/span><\/p>\n<p><span style=\"font-weight: 400;\">Trio Terra \u2013 Artistas: Tiago Abravanel, Filipe Catto e Minhoqueens<\/span><\/p>\n<p><span style=\"font-weight: 400;\">Trio Vivo \u2013 Artista: Pabllo Vittar<\/span><\/p>\n<p><b>Feira Cultural da Diversidade LGBT+<\/b><\/p>\n<p><span style=\"font-weight: 400;\">Antes da Parada, o p\u00fablico tamb\u00e9m vai poder participar da<\/span><b> 23\u00aa edi\u00e7\u00e3o da<\/b> <b>Feira Cultural da Diversidade LGBT+<\/b><span style=\"font-weight: 400;\">, que ser\u00e1 realizada no dia <\/span><span style=\"font-weight: 400;\">30 de maio de 2024<\/span><span style=\"font-weight: 400;\">, quinta-feira, feriado de Corpus Christi, no <\/span><b>Memorial da Am\u00e9rica Latina<\/b><span style=\"font-weight: 400;\">, <\/span><span style=\"font-weight: 400;\">das 10h \u00e0s 21h<\/span><span style=\"font-weight: 400;\">. A entrada \u00e9 gratuita com pr\u00e9-cadastro pelo site<\/span><a href=\"https:\/\/www.sympla.com.br\/evento\/23-feira-cultural-da-diversidade-lgbt\/2412027\"> <span style=\"font-weight: 400;\">Sympla<\/span><span style=\"font-weight: 400;\">.<\/span> <\/a><span style=\"font-weight: 400;\">Acompanhe os detalhes do evento e da programa\u00e7\u00e3o art\u00edstica no site www.paradasp.org.br e nas redes sociais @paradasp.<\/span><\/p>\n<p><b>Sobre a <\/b><b>ParadaSP<\/b><b><br \/>\n<\/b><span style=\"font-weight: 400;\">A <\/span><span style=\"font-weight: 400;\">ParadaSP<\/span><span style=\"font-weight: 400;\"> &#8211; Associa\u00e7\u00e3o da Parada do Orgulho LGBT de S\u00e3o Paulo (APOLGBT-SP) \u00e9 uma ONG, sem fins lucrativos, fundada em 1999. Det\u00e9m a marca <\/span><i><span style=\"font-weight: 400;\">Parada do Orgulho LGBT+ de S\u00e3o Paulo<\/span><\/i><span style=\"font-weight: 400;\">, que acontece desde 1997 na Avenida Paulista. Parte desses participantes fundou a <\/span><span style=\"font-weight: 400;\">ParadaSP<\/span><span style=\"font-weight: 400;\">, que, desde ent\u00e3o, cresceu com a ajuda de volunt\u00e1rios. A Parada do Orgulho LGBT+ de S\u00e3o Paulo tornou-se a maior do mundo, amplificando as vozes da comunidade LGBT+ e possibilitando que a <\/span><span style=\"font-weight: 400;\">ParadaSP <\/span><span style=\"font-weight: 400;\">realizasse outros eventos militantes.<\/span><\/p>\n<p><span style=\"font-weight: 400;\">Informa\u00e7\u00f5es adicionais para Imprensa:<\/span><\/p>\n<p><b>Assessoria de Imprensa &#8211; Pevi 56<\/b><\/p>\n<p><span style=\"font-weight: 400;\">Diogo Locci &#8211; <\/span><a href=\"mailto:assessoria@pevi56.com\"><span style=\"font-weight: 400;\">assessoria@pevi56.com<\/span><\/a><span style=\"font-weight: 400;\"> | 11 9006 0642<\/span><\/p>\n<p><span style=\"font-weight: 400;\">Angelina Colicchio &#8211; <\/span><a href=\"mailto:angelina@pevi56.com\"><span style=\"font-weight: 400;\">angelina@pevi56.com<\/span><\/a><span style=\"font-weight: 400;\"> | 11 99299-2877<\/span><\/p>\n<p>&nbsp;<\/p>\n<p>&nbsp;<\/p>\n","protected":false},"excerpt":{"rendered":"<p>Pabllo Vittar, Sandra de S\u00e1, Gl\u00f3ria Groove e Banda U\u00d3 s\u00e3o algumas das atra\u00e7\u00f5es art\u00edsticas confirmadas para a 28\u00aa Parada do Orgulho LGBT+ de S\u00e3o Paulo &nbsp; &nbsp; &nbsp; &nbsp; &nbsp; &nbsp; &nbsp; A esperada programa\u00e7\u00e3o dos trios da 28\u00aa Parada do Orgulho LGBT+ de S\u00e3o Paulo, realizada pela Associa\u00e7\u00e3o da Parada do Orgulho LGBT [&hellip;]<\/p>\n","protected":false},"author":2,"featured_media":0,"comment_status":"open","ping_status":"open","sticky":false,"template":"","format":"standard","meta":{"footnotes":""},"categories":[1],"tags":[],"class_list":["post-6584","post","type-post","status-publish","format-standard","hentry","category-sem-categoria"],"yoast_head":"<!-- This site is optimized with the Yoast SEO plugin v27.2 - https:\/\/yoast.com\/product\/yoast-seo-wordpress\/ -->\n<title>Confira a programa\u00e7\u00e3o oficial da 28\u00aa Parada do Orgulho LGBT+ de S\u00e3o Paulo, que acontece dia 2 de junho, na Avenida Paulista - Guia GLBTS<\/title>\n<meta name=\"robots\" content=\"index, follow, max-snippet:-1, max-image-preview:large, max-video-preview:-1\" \/>\n<link rel=\"canonical\" href=\"https:\/\/www.guiaglbts.com.br\/blog\/confira-a-programacao-oficial-da-28a-parada-do-orgulho-lgbt-de-sao-paulo-que-acontece-dia-2-de-junho-na-avenida-paulista\/\" \/>\n<meta property=\"og:locale\" content=\"pt_BR\" \/>\n<meta property=\"og:type\" content=\"article\" \/>\n<meta property=\"og:title\" content=\"Confira a programa\u00e7\u00e3o oficial da 28\u00aa Parada do Orgulho LGBT+ de S\u00e3o Paulo, que acontece dia 2 de junho, na Avenida Paulista - Guia GLBTS\" \/>\n<meta property=\"og:description\" content=\"Pabllo Vittar, Sandra de S\u00e1, Gl\u00f3ria Groove e Banda U\u00d3 s\u00e3o algumas das atra\u00e7\u00f5es art\u00edsticas confirmadas para a 28\u00aa Parada do Orgulho LGBT+ de S\u00e3o Paulo &nbsp; &nbsp; &nbsp; &nbsp; &nbsp; &nbsp; &nbsp; A esperada programa\u00e7\u00e3o dos trios da 28\u00aa Parada do Orgulho LGBT+ de S\u00e3o Paulo, realizada pela Associa\u00e7\u00e3o da Parada do Orgulho LGBT [&hellip;]\" \/>\n<meta property=\"og:url\" content=\"https:\/\/www.guiaglbts.com.br\/blog\/confira-a-programacao-oficial-da-28a-parada-do-orgulho-lgbt-de-sao-paulo-que-acontece-dia-2-de-junho-na-avenida-paulista\/\" \/>\n<meta property=\"og:site_name\" content=\"Guia GLBTS\" \/>\n<meta property=\"article:publisher\" content=\"https:\/\/www.facebook.com\/guialgbtsclassificados\" \/>\n<meta property=\"article:published_time\" content=\"2024-05-23T17:12:25+00:00\" \/>\n<meta property=\"og:image\" content=\"https:\/\/www.guiaglbts.com.br\/blog\/wp-content\/uploads\/2024\/05\/Feira-da-Diversidade_PARADASP_page-0001-rotated.jpg\" \/>\n\t<meta property=\"og:image:width\" content=\"1755\" \/>\n\t<meta property=\"og:image:height\" content=\"1240\" \/>\n\t<meta property=\"og:image:type\" content=\"image\/jpeg\" \/>\n<meta name=\"author\" content=\"Ellos Design\" \/>\n<meta name=\"twitter:card\" content=\"summary_large_image\" \/>\n<meta name=\"twitter:creator\" content=\"@GuiaLGBTS\" \/>\n<meta name=\"twitter:site\" content=\"@GuiaLGBTS\" \/>\n<meta name=\"twitter:label1\" content=\"Escrito por\" \/>\n\t<meta name=\"twitter:data1\" content=\"Ellos Design\" \/>\n\t<meta name=\"twitter:label2\" content=\"Est. tempo de leitura\" \/>\n\t<meta name=\"twitter:data2\" content=\"3 minutos\" \/>\n<script type=\"application\/ld+json\" class=\"yoast-schema-graph\">{\"@context\":\"https:\/\/schema.org\",\"@graph\":[{\"@type\":\"Article\",\"@id\":\"https:\/\/www.guiaglbts.com.br\/blog\/confira-a-programacao-oficial-da-28a-parada-do-orgulho-lgbt-de-sao-paulo-que-acontece-dia-2-de-junho-na-avenida-paulista\/#article\",\"isPartOf\":{\"@id\":\"https:\/\/www.guiaglbts.com.br\/blog\/confira-a-programacao-oficial-da-28a-parada-do-orgulho-lgbt-de-sao-paulo-que-acontece-dia-2-de-junho-na-avenida-paulista\/\"},\"author\":{\"name\":\"Ellos Design\",\"@id\":\"https:\/\/www.guiaglbts.com.br\/blog\/#\/schema\/person\/26d0c7f8b7991962d310475ce84fcd3e\"},\"headline\":\"Confira a programa\u00e7\u00e3o oficial da 28\u00aa Parada do Orgulho LGBT+ de S\u00e3o Paulo, que acontece dia 2 de junho, na Avenida Paulista\",\"datePublished\":\"2024-05-23T17:12:25+00:00\",\"mainEntityOfPage\":{\"@id\":\"https:\/\/www.guiaglbts.com.br\/blog\/confira-a-programacao-oficial-da-28a-parada-do-orgulho-lgbt-de-sao-paulo-que-acontece-dia-2-de-junho-na-avenida-paulista\/\"},\"wordCount\":720,\"commentCount\":0,\"publisher\":{\"@id\":\"https:\/\/www.guiaglbts.com.br\/blog\/#organization\"},\"image\":{\"@id\":\"https:\/\/www.guiaglbts.com.br\/blog\/confira-a-programacao-oficial-da-28a-parada-do-orgulho-lgbt-de-sao-paulo-que-acontece-dia-2-de-junho-na-avenida-paulista\/#primaryimage\"},\"thumbnailUrl\":\"https:\/\/www.guiaglbts.com.br\/blog\/wp-content\/uploads\/2024\/05\/Feira-da-Diversidade_PARADASP_page-0001-300x212.jpg\",\"inLanguage\":\"pt-BR\",\"potentialAction\":[{\"@type\":\"CommentAction\",\"name\":\"Comment\",\"target\":[\"https:\/\/www.guiaglbts.com.br\/blog\/confira-a-programacao-oficial-da-28a-parada-do-orgulho-lgbt-de-sao-paulo-que-acontece-dia-2-de-junho-na-avenida-paulista\/#respond\"]}]},{\"@type\":\"WebPage\",\"@id\":\"https:\/\/www.guiaglbts.com.br\/blog\/confira-a-programacao-oficial-da-28a-parada-do-orgulho-lgbt-de-sao-paulo-que-acontece-dia-2-de-junho-na-avenida-paulista\/\",\"url\":\"https:\/\/www.guiaglbts.com.br\/blog\/confira-a-programacao-oficial-da-28a-parada-do-orgulho-lgbt-de-sao-paulo-que-acontece-dia-2-de-junho-na-avenida-paulista\/\",\"name\":\"Confira a programa\u00e7\u00e3o oficial da 28\u00aa Parada do Orgulho LGBT+ de S\u00e3o Paulo, que acontece dia 2 de junho, na Avenida Paulista - Guia GLBTS\",\"isPartOf\":{\"@id\":\"https:\/\/www.guiaglbts.com.br\/blog\/#website\"},\"primaryImageOfPage\":{\"@id\":\"https:\/\/www.guiaglbts.com.br\/blog\/confira-a-programacao-oficial-da-28a-parada-do-orgulho-lgbt-de-sao-paulo-que-acontece-dia-2-de-junho-na-avenida-paulista\/#primaryimage\"},\"image\":{\"@id\":\"https:\/\/www.guiaglbts.com.br\/blog\/confira-a-programacao-oficial-da-28a-parada-do-orgulho-lgbt-de-sao-paulo-que-acontece-dia-2-de-junho-na-avenida-paulista\/#primaryimage\"},\"thumbnailUrl\":\"https:\/\/www.guiaglbts.com.br\/blog\/wp-content\/uploads\/2024\/05\/Feira-da-Diversidade_PARADASP_page-0001-300x212.jpg\",\"datePublished\":\"2024-05-23T17:12:25+00:00\",\"breadcrumb\":{\"@id\":\"https:\/\/www.guiaglbts.com.br\/blog\/confira-a-programacao-oficial-da-28a-parada-do-orgulho-lgbt-de-sao-paulo-que-acontece-dia-2-de-junho-na-avenida-paulista\/#breadcrumb\"},\"inLanguage\":\"pt-BR\",\"potentialAction\":[{\"@type\":\"ReadAction\",\"target\":[\"https:\/\/www.guiaglbts.com.br\/blog\/confira-a-programacao-oficial-da-28a-parada-do-orgulho-lgbt-de-sao-paulo-que-acontece-dia-2-de-junho-na-avenida-paulista\/\"]}]},{\"@type\":\"ImageObject\",\"inLanguage\":\"pt-BR\",\"@id\":\"https:\/\/www.guiaglbts.com.br\/blog\/confira-a-programacao-oficial-da-28a-parada-do-orgulho-lgbt-de-sao-paulo-que-acontece-dia-2-de-junho-na-avenida-paulista\/#primaryimage\",\"url\":\"https:\/\/www.guiaglbts.com.br\/blog\/wp-content\/uploads\/2024\/05\/Feira-da-Diversidade_PARADASP_page-0001-rotated.jpg\",\"contentUrl\":\"https:\/\/www.guiaglbts.com.br\/blog\/wp-content\/uploads\/2024\/05\/Feira-da-Diversidade_PARADASP_page-0001-rotated.jpg\",\"width\":1755,\"height\":1240},{\"@type\":\"BreadcrumbList\",\"@id\":\"https:\/\/www.guiaglbts.com.br\/blog\/confira-a-programacao-oficial-da-28a-parada-do-orgulho-lgbt-de-sao-paulo-que-acontece-dia-2-de-junho-na-avenida-paulista\/#breadcrumb\",\"itemListElement\":[{\"@type\":\"ListItem\",\"position\":1,\"name\":\"In\u00edcio\",\"item\":\"https:\/\/www.guiaglbts.com.br\/blog\/\"},{\"@type\":\"ListItem\",\"position\":2,\"name\":\"Confira a programa\u00e7\u00e3o oficial da 28\u00aa Parada do Orgulho LGBT+ de S\u00e3o Paulo, que acontece dia 2 de junho, na Avenida Paulista\"}]},{\"@type\":\"WebSite\",\"@id\":\"https:\/\/www.guiaglbts.com.br\/blog\/#website\",\"url\":\"https:\/\/www.guiaglbts.com.br\/blog\/\",\"name\":\"Guia GLBTS\",\"description\":\"Guia da Nany People\",\"publisher\":{\"@id\":\"https:\/\/www.guiaglbts.com.br\/blog\/#organization\"},\"potentialAction\":[{\"@type\":\"SearchAction\",\"target\":{\"@type\":\"EntryPoint\",\"urlTemplate\":\"https:\/\/www.guiaglbts.com.br\/blog\/?s={search_term_string}\"},\"query-input\":{\"@type\":\"PropertyValueSpecification\",\"valueRequired\":true,\"valueName\":\"search_term_string\"}}],\"inLanguage\":\"pt-BR\"},{\"@type\":\"Organization\",\"@id\":\"https:\/\/www.guiaglbts.com.br\/blog\/#organization\",\"name\":\"Guia GLBTS\",\"url\":\"https:\/\/www.guiaglbts.com.br\/blog\/\",\"logo\":{\"@type\":\"ImageObject\",\"inLanguage\":\"pt-BR\",\"@id\":\"https:\/\/www.guiaglbts.com.br\/blog\/#\/schema\/logo\/image\/\",\"url\":\"https:\/\/www.guiaglbts.com.br\/blog\/wp-content\/uploads\/2025\/08\/logo_guia.png\",\"contentUrl\":\"https:\/\/www.guiaglbts.com.br\/blog\/wp-content\/uploads\/2025\/08\/logo_guia.png\",\"width\":310,\"height\":78,\"caption\":\"Guia GLBTS\"},\"image\":{\"@id\":\"https:\/\/www.guiaglbts.com.br\/blog\/#\/schema\/logo\/image\/\"},\"sameAs\":[\"https:\/\/www.facebook.com\/guialgbtsclassificados\",\"https:\/\/x.com\/GuiaLGBTS\",\"https:\/\/www.instagram.com\/guiadananypeople\/\",\"https:\/\/www.youtube.com\/user\/GuiaLGBTS\"]},{\"@type\":\"Person\",\"@id\":\"https:\/\/www.guiaglbts.com.br\/blog\/#\/schema\/person\/26d0c7f8b7991962d310475ce84fcd3e\",\"name\":\"Ellos Design\",\"image\":{\"@type\":\"ImageObject\",\"inLanguage\":\"pt-BR\",\"@id\":\"https:\/\/secure.gravatar.com\/avatar\/34b58000c3a22ae0b540f58577ea8359e60439a7b722b361769d039ac0bbf649?s=96&d=mm&r=g\",\"url\":\"https:\/\/secure.gravatar.com\/avatar\/34b58000c3a22ae0b540f58577ea8359e60439a7b722b361769d039ac0bbf649?s=96&d=mm&r=g\",\"contentUrl\":\"https:\/\/secure.gravatar.com\/avatar\/34b58000c3a22ae0b540f58577ea8359e60439a7b722b361769d039ac0bbf649?s=96&d=mm&r=g\",\"caption\":\"Ellos Design\"},\"sameAs\":[\"https:\/\/www.guiaglbts.com.br\"],\"url\":\"https:\/\/www.guiaglbts.com.br\/blog\/author\/ellos\/\"}]}<\/script>\n<!-- \/ Yoast SEO plugin. -->","yoast_head_json":{"title":"Confira a programa\u00e7\u00e3o oficial da 28\u00aa Parada do Orgulho LGBT+ de S\u00e3o Paulo, que acontece dia 2 de junho, na Avenida Paulista - Guia GLBTS","robots":{"index":"index","follow":"follow","max-snippet":"max-snippet:-1","max-image-preview":"max-image-preview:large","max-video-preview":"max-video-preview:-1"},"canonical":"https:\/\/www.guiaglbts.com.br\/blog\/confira-a-programacao-oficial-da-28a-parada-do-orgulho-lgbt-de-sao-paulo-que-acontece-dia-2-de-junho-na-avenida-paulista\/","og_locale":"pt_BR","og_type":"article","og_title":"Confira a programa\u00e7\u00e3o oficial da 28\u00aa Parada do Orgulho LGBT+ de S\u00e3o Paulo, que acontece dia 2 de junho, na Avenida Paulista - Guia GLBTS","og_description":"Pabllo Vittar, Sandra de S\u00e1, Gl\u00f3ria Groove e Banda U\u00d3 s\u00e3o algumas das atra\u00e7\u00f5es art\u00edsticas confirmadas para a 28\u00aa Parada do Orgulho LGBT+ de S\u00e3o Paulo &nbsp; &nbsp; &nbsp; &nbsp; &nbsp; &nbsp; &nbsp; A esperada programa\u00e7\u00e3o dos trios da 28\u00aa Parada do Orgulho LGBT+ de S\u00e3o Paulo, realizada pela Associa\u00e7\u00e3o da Parada do Orgulho LGBT [&hellip;]","og_url":"https:\/\/www.guiaglbts.com.br\/blog\/confira-a-programacao-oficial-da-28a-parada-do-orgulho-lgbt-de-sao-paulo-que-acontece-dia-2-de-junho-na-avenida-paulista\/","og_site_name":"Guia GLBTS","article_publisher":"https:\/\/www.facebook.com\/guialgbtsclassificados","article_published_time":"2024-05-23T17:12:25+00:00","og_image":[{"width":1755,"height":1240,"url":"https:\/\/www.guiaglbts.com.br\/blog\/wp-content\/uploads\/2024\/05\/Feira-da-Diversidade_PARADASP_page-0001-rotated.jpg","type":"image\/jpeg"}],"author":"Ellos Design","twitter_card":"summary_large_image","twitter_creator":"@GuiaLGBTS","twitter_site":"@GuiaLGBTS","twitter_misc":{"Escrito por":"Ellos Design","Est. tempo de leitura":"3 minutos"},"schema":{"@context":"https:\/\/schema.org","@graph":[{"@type":"Article","@id":"https:\/\/www.guiaglbts.com.br\/blog\/confira-a-programacao-oficial-da-28a-parada-do-orgulho-lgbt-de-sao-paulo-que-acontece-dia-2-de-junho-na-avenida-paulista\/#article","isPartOf":{"@id":"https:\/\/www.guiaglbts.com.br\/blog\/confira-a-programacao-oficial-da-28a-parada-do-orgulho-lgbt-de-sao-paulo-que-acontece-dia-2-de-junho-na-avenida-paulista\/"},"author":{"name":"Ellos Design","@id":"https:\/\/www.guiaglbts.com.br\/blog\/#\/schema\/person\/26d0c7f8b7991962d310475ce84fcd3e"},"headline":"Confira a programa\u00e7\u00e3o oficial da 28\u00aa Parada do Orgulho LGBT+ de S\u00e3o Paulo, que acontece dia 2 de junho, na Avenida Paulista","datePublished":"2024-05-23T17:12:25+00:00","mainEntityOfPage":{"@id":"https:\/\/www.guiaglbts.com.br\/blog\/confira-a-programacao-oficial-da-28a-parada-do-orgulho-lgbt-de-sao-paulo-que-acontece-dia-2-de-junho-na-avenida-paulista\/"},"wordCount":720,"commentCount":0,"publisher":{"@id":"https:\/\/www.guiaglbts.com.br\/blog\/#organization"},"image":{"@id":"https:\/\/www.guiaglbts.com.br\/blog\/confira-a-programacao-oficial-da-28a-parada-do-orgulho-lgbt-de-sao-paulo-que-acontece-dia-2-de-junho-na-avenida-paulista\/#primaryimage"},"thumbnailUrl":"https:\/\/www.guiaglbts.com.br\/blog\/wp-content\/uploads\/2024\/05\/Feira-da-Diversidade_PARADASP_page-0001-300x212.jpg","inLanguage":"pt-BR","potentialAction":[{"@type":"CommentAction","name":"Comment","target":["https:\/\/www.guiaglbts.com.br\/blog\/confira-a-programacao-oficial-da-28a-parada-do-orgulho-lgbt-de-sao-paulo-que-acontece-dia-2-de-junho-na-avenida-paulista\/#respond"]}]},{"@type":"WebPage","@id":"https:\/\/www.guiaglbts.com.br\/blog\/confira-a-programacao-oficial-da-28a-parada-do-orgulho-lgbt-de-sao-paulo-que-acontece-dia-2-de-junho-na-avenida-paulista\/","url":"https:\/\/www.guiaglbts.com.br\/blog\/confira-a-programacao-oficial-da-28a-parada-do-orgulho-lgbt-de-sao-paulo-que-acontece-dia-2-de-junho-na-avenida-paulista\/","name":"Confira a programa\u00e7\u00e3o oficial da 28\u00aa Parada do Orgulho LGBT+ de S\u00e3o Paulo, que acontece dia 2 de junho, na Avenida Paulista - Guia GLBTS","isPartOf":{"@id":"https:\/\/www.guiaglbts.com.br\/blog\/#website"},"primaryImageOfPage":{"@id":"https:\/\/www.guiaglbts.com.br\/blog\/confira-a-programacao-oficial-da-28a-parada-do-orgulho-lgbt-de-sao-paulo-que-acontece-dia-2-de-junho-na-avenida-paulista\/#primaryimage"},"image":{"@id":"https:\/\/www.guiaglbts.com.br\/blog\/confira-a-programacao-oficial-da-28a-parada-do-orgulho-lgbt-de-sao-paulo-que-acontece-dia-2-de-junho-na-avenida-paulista\/#primaryimage"},"thumbnailUrl":"https:\/\/www.guiaglbts.com.br\/blog\/wp-content\/uploads\/2024\/05\/Feira-da-Diversidade_PARADASP_page-0001-300x212.jpg","datePublished":"2024-05-23T17:12:25+00:00","breadcrumb":{"@id":"https:\/\/www.guiaglbts.com.br\/blog\/confira-a-programacao-oficial-da-28a-parada-do-orgulho-lgbt-de-sao-paulo-que-acontece-dia-2-de-junho-na-avenida-paulista\/#breadcrumb"},"inLanguage":"pt-BR","potentialAction":[{"@type":"ReadAction","target":["https:\/\/www.guiaglbts.com.br\/blog\/confira-a-programacao-oficial-da-28a-parada-do-orgulho-lgbt-de-sao-paulo-que-acontece-dia-2-de-junho-na-avenida-paulista\/"]}]},{"@type":"ImageObject","inLanguage":"pt-BR","@id":"https:\/\/www.guiaglbts.com.br\/blog\/confira-a-programacao-oficial-da-28a-parada-do-orgulho-lgbt-de-sao-paulo-que-acontece-dia-2-de-junho-na-avenida-paulista\/#primaryimage","url":"https:\/\/www.guiaglbts.com.br\/blog\/wp-content\/uploads\/2024\/05\/Feira-da-Diversidade_PARADASP_page-0001-rotated.jpg","contentUrl":"https:\/\/www.guiaglbts.com.br\/blog\/wp-content\/uploads\/2024\/05\/Feira-da-Diversidade_PARADASP_page-0001-rotated.jpg","width":1755,"height":1240},{"@type":"BreadcrumbList","@id":"https:\/\/www.guiaglbts.com.br\/blog\/confira-a-programacao-oficial-da-28a-parada-do-orgulho-lgbt-de-sao-paulo-que-acontece-dia-2-de-junho-na-avenida-paulista\/#breadcrumb","itemListElement":[{"@type":"ListItem","position":1,"name":"In\u00edcio","item":"https:\/\/www.guiaglbts.com.br\/blog\/"},{"@type":"ListItem","position":2,"name":"Confira a programa\u00e7\u00e3o oficial da 28\u00aa Parada do Orgulho LGBT+ de S\u00e3o Paulo, que acontece dia 2 de junho, na Avenida Paulista"}]},{"@type":"WebSite","@id":"https:\/\/www.guiaglbts.com.br\/blog\/#website","url":"https:\/\/www.guiaglbts.com.br\/blog\/","name":"Guia GLBTS","description":"Guia da Nany People","publisher":{"@id":"https:\/\/www.guiaglbts.com.br\/blog\/#organization"},"potentialAction":[{"@type":"SearchAction","target":{"@type":"EntryPoint","urlTemplate":"https:\/\/www.guiaglbts.com.br\/blog\/?s={search_term_string}"},"query-input":{"@type":"PropertyValueSpecification","valueRequired":true,"valueName":"search_term_string"}}],"inLanguage":"pt-BR"},{"@type":"Organization","@id":"https:\/\/www.guiaglbts.com.br\/blog\/#organization","name":"Guia GLBTS","url":"https:\/\/www.guiaglbts.com.br\/blog\/","logo":{"@type":"ImageObject","inLanguage":"pt-BR","@id":"https:\/\/www.guiaglbts.com.br\/blog\/#\/schema\/logo\/image\/","url":"https:\/\/www.guiaglbts.com.br\/blog\/wp-content\/uploads\/2025\/08\/logo_guia.png","contentUrl":"https:\/\/www.guiaglbts.com.br\/blog\/wp-content\/uploads\/2025\/08\/logo_guia.png","width":310,"height":78,"caption":"Guia GLBTS"},"image":{"@id":"https:\/\/www.guiaglbts.com.br\/blog\/#\/schema\/logo\/image\/"},"sameAs":["https:\/\/www.facebook.com\/guialgbtsclassificados","https:\/\/x.com\/GuiaLGBTS","https:\/\/www.instagram.com\/guiadananypeople\/","https:\/\/www.youtube.com\/user\/GuiaLGBTS"]},{"@type":"Person","@id":"https:\/\/www.guiaglbts.com.br\/blog\/#\/schema\/person\/26d0c7f8b7991962d310475ce84fcd3e","name":"Ellos Design","image":{"@type":"ImageObject","inLanguage":"pt-BR","@id":"https:\/\/secure.gravatar.com\/avatar\/34b58000c3a22ae0b540f58577ea8359e60439a7b722b361769d039ac0bbf649?s=96&d=mm&r=g","url":"https:\/\/secure.gravatar.com\/avatar\/34b58000c3a22ae0b540f58577ea8359e60439a7b722b361769d039ac0bbf649?s=96&d=mm&r=g","contentUrl":"https:\/\/secure.gravatar.com\/avatar\/34b58000c3a22ae0b540f58577ea8359e60439a7b722b361769d039ac0bbf649?s=96&d=mm&r=g","caption":"Ellos Design"},"sameAs":["https:\/\/www.guiaglbts.com.br"],"url":"https:\/\/www.guiaglbts.com.br\/blog\/author\/ellos\/"}]}},"_links":{"self":[{"href":"https:\/\/www.guiaglbts.com.br\/blog\/wp-json\/wp\/v2\/posts\/6584","targetHints":{"allow":["GET"]}}],"collection":[{"href":"https:\/\/www.guiaglbts.com.br\/blog\/wp-json\/wp\/v2\/posts"}],"about":[{"href":"https:\/\/www.guiaglbts.com.br\/blog\/wp-json\/wp\/v2\/types\/post"}],"author":[{"embeddable":true,"href":"https:\/\/www.guiaglbts.com.br\/blog\/wp-json\/wp\/v2\/users\/2"}],"replies":[{"embeddable":true,"href":"https:\/\/www.guiaglbts.com.br\/blog\/wp-json\/wp\/v2\/comments?post=6584"}],"version-history":[{"count":1,"href":"https:\/\/www.guiaglbts.com.br\/blog\/wp-json\/wp\/v2\/posts\/6584\/revisions"}],"predecessor-version":[{"id":6585,"href":"https:\/\/www.guiaglbts.com.br\/blog\/wp-json\/wp\/v2\/posts\/6584\/revisions\/6585"}],"wp:attachment":[{"href":"https:\/\/www.guiaglbts.com.br\/blog\/wp-json\/wp\/v2\/media?parent=6584"}],"wp:term":[{"taxonomy":"category","embeddable":true,"href":"https:\/\/www.guiaglbts.com.br\/blog\/wp-json\/wp\/v2\/categories?post=6584"},{"taxonomy":"post_tag","embeddable":true,"href":"https:\/\/www.guiaglbts.com.br\/blog\/wp-json\/wp\/v2\/tags?post=6584"}],"curies":[{"name":"wp","href":"https:\/\/api.w.org\/{rel}","templated":true}]}}