{"id":6568,"date":"2024-05-23T12:29:38","date_gmt":"2024-05-23T15:29:38","guid":{"rendered":"https:\/\/www.guiaglbts.com.br\/blog\/?p=6568"},"modified":"2024-05-23T12:29:38","modified_gmt":"2024-05-23T15:29:38","slug":"corrida-do-orgulho-lgbt-celebra-a-diversidade-e-integra-o-calendario-oficial-da-semana-da-paradasp","status":"publish","type":"post","link":"https:\/\/www.guiaglbts.com.br\/blog\/corrida-do-orgulho-lgbt-celebra-a-diversidade-e-integra-o-calendario-oficial-da-semana-da-paradasp\/","title":{"rendered":"Corrida do Orgulho LGBT+ celebra a diversidade e integra o calend\u00e1rio oficial da Semana da ParadaSP"},"content":{"rendered":"<p><a href=\"https:\/\/www.guiaglbts.com.br\/blog\/wp-content\/uploads\/2024\/05\/Corrida-do-Orgulho-LGBT.jpeg\"><img fetchpriority=\"high\" decoding=\"async\" class=\"alignleft size-medium wp-image-6569\" src=\"https:\/\/www.guiaglbts.com.br\/blog\/wp-content\/uploads\/2024\/05\/Corrida-do-Orgulho-LGBT-300x300.jpeg\" alt=\"\" width=\"300\" height=\"300\" srcset=\"https:\/\/www.guiaglbts.com.br\/blog\/wp-content\/uploads\/2024\/05\/Corrida-do-Orgulho-LGBT-300x300.jpeg 300w, https:\/\/www.guiaglbts.com.br\/blog\/wp-content\/uploads\/2024\/05\/Corrida-do-Orgulho-LGBT-100x100.jpeg 100w, https:\/\/www.guiaglbts.com.br\/blog\/wp-content\/uploads\/2024\/05\/Corrida-do-Orgulho-LGBT-600x600.jpeg 600w, https:\/\/www.guiaglbts.com.br\/blog\/wp-content\/uploads\/2024\/05\/Corrida-do-Orgulho-LGBT-1024x1024.jpeg 1024w, https:\/\/www.guiaglbts.com.br\/blog\/wp-content\/uploads\/2024\/05\/Corrida-do-Orgulho-LGBT-150x150.jpeg 150w, https:\/\/www.guiaglbts.com.br\/blog\/wp-content\/uploads\/2024\/05\/Corrida-do-Orgulho-LGBT-768x768.jpeg 768w, https:\/\/www.guiaglbts.com.br\/blog\/wp-content\/uploads\/2024\/05\/Corrida-do-Orgulho-LGBT.jpeg 1500w\" sizes=\"(max-width: 300px) 100vw, 300px\" \/><\/a><\/p>\n<p>&nbsp;<\/p>\n<p>&nbsp;<\/p>\n<p>&nbsp;<\/p>\n<p>&nbsp;<\/p>\n<p>&nbsp;<\/p>\n<p>&nbsp;<\/p>\n<p>&nbsp;<\/p>\n<p><span style=\"font-weight: 400;\">A<\/span><b> Corrida do Orgulho LGBT+<\/b><span style=\"font-weight: 400;\"> faz parte do calend\u00e1rio oficial da semana da <\/span><b>Parada do Orgulho LGBT+ de S\u00e3o Paulo<\/b><span style=\"font-weight: 400;\">, promovendo a democratiza\u00e7\u00e3o do esporte e celebrando a diversidade. As inscri\u00e7\u00f5es est\u00e3o abertas e podem ser feitas no site<\/span> <a href=\"http:\/\/www.corridaorgulho.com.br\"><b>www.corridaorgulho.com.br<\/b><\/a><b>\u00a0<\/b><\/p>\n<p><span style=\"font-weight: 400;\">A Corrida, que acontece no <\/span><span style=\"font-weight: 400;\">dia 1\u00ba de junho, s\u00e1bado,<\/span> <span style=\"font-weight: 400;\">no<\/span><b> Parque Villa-Lobos<\/b><span style=\"font-weight: 400;\">, oferece op\u00e7\u00f5es para todos os gostos: <\/span><b>uma corrida de 5 km <\/b><span style=\"font-weight: 400;\">e <\/span><b>uma caminhada de aproximadamente 3 km<\/b><span style=\"font-weight: 400;\">. Mais que uma competi\u00e7\u00e3o, a Corrida do Orgulho LGBT+ \u00e9 uma festa de atividade f\u00edsica, divers\u00e3o e conscientiza\u00e7\u00e3o, preparando o terreno para a <\/span><b>28\u00aa Parada do Orgulho LGBT+ de S\u00e3o Paulo<\/b><span style=\"font-weight: 400;\">, que acontece no dia seguinte, 2 de junho, domingo, na <\/span><b>Avenida Paulista<\/b><span style=\"font-weight: 400;\">.<\/span><\/p>\n<p><b>\u201c<\/b><span style=\"font-weight: 400;\">A Corrida do Orgulho LGBT+ \u00e9 mais do que um evento esportivo; \u00e9 uma afirma\u00e7\u00e3o poderosa da nossa presen\u00e7a e resist\u00eancia. Cada passo \u00e9 uma celebra\u00e7\u00e3o da diversidade e um passo \u00e0 frente na luta por igualdade e inclus\u00e3o<\/span><b>\u201d,<\/b><span style=\"font-weight: 400;\"> afirm<\/span><span style=\"font-weight: 400;\">a<\/span><b> Diego Oliveira<\/b><span style=\"font-weight: 400;\">, um dos organiz<\/span><span style=\"font-weight: 400;\">adores do evento.<\/span><\/p>\n<p><b>Servi\u00e7o<\/b><\/p>\n<p><b>Realiza\u00e7\u00e3o: <\/b><span style=\"font-weight: 400;\">Associa\u00e7\u00e3o da Parada do Orgulho LGBT de S\u00e3o Paulo<\/span><\/p>\n<p><b>Organiza\u00e7\u00e3o: <\/b><span style=\"font-weight: 400;\">Fuse Eventos Esportivos<\/span><\/p>\n<p><b>E-mail: <\/b><a href=\"mailto:fuse@fuse.com.br\"><span style=\"font-weight: 400;\">fuse@fuse.com.br<\/span><\/a><\/p>\n<p><b>Apresenta:<\/b><span style=\"font-weight: 400;\"> L&#8217;Or\u00e9al Paris Solar Expertise e Powerade<\/span><\/p>\n<p><b>Patroc\u00ednios: <\/b><span style=\"font-weight: 400;\">ADM<\/span><b>, <\/b><span style=\"font-weight: 400;\">Dueros, Novo Nordisk.\u00a0<\/span><\/p>\n<p><b><br \/>\n<\/b><b>Data: 01 de junho, s\u00e1bado<\/b><\/p>\n<p><span style=\"font-weight: 400;\">Abertura oficial da arena: 6h30<\/span><\/p>\n<p><span style=\"font-weight: 400;\">Concentra\u00e7\u00e3o para largada: 07h50<\/span><\/p>\n<p><span style=\"font-weight: 400;\">Largada em ondas a partir das 08h &#8211; \u00c9 recomendada chegada com 30 minutos de anteced\u00eancia da largada escolhida.<\/span><\/p>\n<p><span style=\"font-weight: 400;\">Premia\u00e7\u00e3o: 9h30<\/span><\/p>\n<p><span style=\"font-weight: 400;\">Encerramento: 10h30<\/span><\/p>\n<p><span style=\"font-weight: 400;\">Premia\u00e7\u00e3o: trof\u00e9u do 1\u00ba ao 5\u00ba colocado nas categorias Masculino \/ Feminino \/ N\u00e3o-bin\u00e1rie.<\/span><b>Local: <\/b><span style=\"font-weight: 400;\">Parque Villa-Lobos &#8211; Av. Prof. Fonseca Rodrigues, 2001 &#8211; Alto de Pinheiros<\/span><span style=\"font-weight: 400;\"><br \/>\n<\/span><b>Link para as incri\u00e7\u00f5es<\/b><span style=\"font-weight: 400;\">: <\/span><b>\u00a0<\/b><a href=\"https:\/\/corridaorgulho.com.br\/\"><b>www.corridaorgulho.com.br<\/b><\/a><\/p>\n<p><b>Ingressos: <\/b><b><br \/>\n<\/b><b>LOTE 01: at\u00e9 o dia 18\/05\/2024 <\/b><span style=\"font-weight: 400;\">ou quando atingir o limite m\u00e1ximo nesta categoria<\/span><span style=\"font-weight: 400;\"><br \/>\n<\/span><b>Corrida de 5 KM e Caminhada de aproximadamente 3 KM = R$ 98,00*. <\/b><b><br \/>\n<\/b><span style=\"font-weight: 400;\">Maiores de 60 anos: 50% desconto.<\/span><\/p>\n<p><b>LOTE 02: at\u00e9 o dia 27\/05\/2024 <\/b><span style=\"font-weight: 400;\">ou quando atingir o limite m\u00e1ximo nesta categoria<\/span><span style=\"font-weight: 400;\"><br \/>\n<\/span><b>Corrida de 5KM e Caminhada de aproximadamente 3 KM = R$ 108,00*.<\/b><span style=\"font-weight: 400;\"><br \/>\n<\/span><span style=\"font-weight: 400;\">Maiores de 60 anos: 50% desconto.<\/span><\/p>\n<p><b>*Taxa de conveni\u00eancia do site Ticket Sports paga pela pessoa ao final do processo de inscri\u00e7\u00e3o.<\/b><\/p>\n<p><span style=\"font-weight: 400;\">Informa\u00e7\u00f5es adicionais para Imprensa:<\/span><\/p>\n<p><b>Assessoria de Imprensa &#8211; Pevi 56<\/b><\/p>\n<p><span style=\"font-weight: 400;\">Diogo Locci &#8211; <\/span><a href=\"mailto:assessoria@pevi56.com\"><span style=\"font-weight: 400;\">assessoria@pevi56.com<\/span><\/a><span style=\"font-weight: 400;\"> | 11 9006 0642<\/span><\/p>\n<p><span style=\"font-weight: 400;\">Angelina Colicchio &#8211; <\/span><a href=\"mailto:angelina@pevi56.com\"><span style=\"font-weight: 400;\">angelina@pevi56.com<\/span><\/a><span style=\"font-weight: 400;\"> | 11 99299-2877<\/span><\/p>\n","protected":false},"excerpt":{"rendered":"<p>&nbsp; &nbsp; &nbsp; &nbsp; &nbsp; &nbsp; &nbsp; A Corrida do Orgulho LGBT+ faz parte do calend\u00e1rio oficial da semana da Parada do Orgulho LGBT+ de S\u00e3o Paulo, promovendo a democratiza\u00e7\u00e3o do esporte e celebrando a diversidade. As inscri\u00e7\u00f5es est\u00e3o abertas e podem ser feitas no site www.corridaorgulho.com.br\u00a0 A Corrida, que acontece no dia 1\u00ba de [&hellip;]<\/p>\n","protected":false},"author":2,"featured_media":0,"comment_status":"open","ping_status":"open","sticky":false,"template":"","format":"standard","meta":{"footnotes":""},"categories":[1],"tags":[],"class_list":["post-6568","post","type-post","status-publish","format-standard","hentry","category-sem-categoria"],"yoast_head":"<!-- This site is optimized with the Yoast SEO plugin v27.2 - https:\/\/yoast.com\/product\/yoast-seo-wordpress\/ -->\n<title>Corrida do Orgulho LGBT+ celebra a diversidade e integra o calend\u00e1rio oficial da Semana da ParadaSP - Guia GLBTS<\/title>\n<meta name=\"robots\" content=\"index, follow, max-snippet:-1, max-image-preview:large, max-video-preview:-1\" \/>\n<link rel=\"canonical\" href=\"https:\/\/www.guiaglbts.com.br\/blog\/corrida-do-orgulho-lgbt-celebra-a-diversidade-e-integra-o-calendario-oficial-da-semana-da-paradasp\/\" \/>\n<meta property=\"og:locale\" content=\"pt_BR\" \/>\n<meta property=\"og:type\" content=\"article\" \/>\n<meta property=\"og:title\" content=\"Corrida do Orgulho LGBT+ celebra a diversidade e integra o calend\u00e1rio oficial da Semana da ParadaSP - Guia GLBTS\" \/>\n<meta property=\"og:description\" content=\"&nbsp; &nbsp; &nbsp; &nbsp; &nbsp; &nbsp; &nbsp; A Corrida do Orgulho LGBT+ faz parte do calend\u00e1rio oficial da semana da Parada do Orgulho LGBT+ de S\u00e3o Paulo, promovendo a democratiza\u00e7\u00e3o do esporte e celebrando a diversidade. As inscri\u00e7\u00f5es est\u00e3o abertas e podem ser feitas no site www.corridaorgulho.com.br\u00a0 A Corrida, que acontece no dia 1\u00ba de [&hellip;]\" \/>\n<meta property=\"og:url\" content=\"https:\/\/www.guiaglbts.com.br\/blog\/corrida-do-orgulho-lgbt-celebra-a-diversidade-e-integra-o-calendario-oficial-da-semana-da-paradasp\/\" \/>\n<meta property=\"og:site_name\" content=\"Guia GLBTS\" \/>\n<meta property=\"article:publisher\" content=\"https:\/\/www.facebook.com\/guialgbtsclassificados\" \/>\n<meta property=\"article:published_time\" content=\"2024-05-23T15:29:38+00:00\" \/>\n<meta property=\"og:image\" content=\"https:\/\/www.guiaglbts.com.br\/blog\/wp-content\/uploads\/2024\/05\/Corrida-do-Orgulho-LGBT.jpeg\" \/>\n\t<meta property=\"og:image:width\" content=\"1500\" \/>\n\t<meta property=\"og:image:height\" content=\"1500\" \/>\n\t<meta property=\"og:image:type\" content=\"image\/jpeg\" \/>\n<meta name=\"author\" content=\"Ellos Design\" \/>\n<meta name=\"twitter:card\" content=\"summary_large_image\" \/>\n<meta name=\"twitter:creator\" content=\"@GuiaLGBTS\" \/>\n<meta name=\"twitter:site\" content=\"@GuiaLGBTS\" \/>\n<meta name=\"twitter:label1\" content=\"Escrito por\" \/>\n\t<meta name=\"twitter:data1\" content=\"Ellos Design\" \/>\n\t<meta name=\"twitter:label2\" content=\"Est. tempo de leitura\" \/>\n\t<meta name=\"twitter:data2\" content=\"2 minutos\" \/>\n<script type=\"application\/ld+json\" class=\"yoast-schema-graph\">{\"@context\":\"https:\/\/schema.org\",\"@graph\":[{\"@type\":\"Article\",\"@id\":\"https:\/\/www.guiaglbts.com.br\/blog\/corrida-do-orgulho-lgbt-celebra-a-diversidade-e-integra-o-calendario-oficial-da-semana-da-paradasp\/#article\",\"isPartOf\":{\"@id\":\"https:\/\/www.guiaglbts.com.br\/blog\/corrida-do-orgulho-lgbt-celebra-a-diversidade-e-integra-o-calendario-oficial-da-semana-da-paradasp\/\"},\"author\":{\"name\":\"Ellos Design\",\"@id\":\"https:\/\/www.guiaglbts.com.br\/blog\/#\/schema\/person\/26d0c7f8b7991962d310475ce84fcd3e\"},\"headline\":\"Corrida do Orgulho LGBT+ celebra a diversidade e integra o calend\u00e1rio oficial da Semana da ParadaSP\",\"datePublished\":\"2024-05-23T15:29:38+00:00\",\"mainEntityOfPage\":{\"@id\":\"https:\/\/www.guiaglbts.com.br\/blog\/corrida-do-orgulho-lgbt-celebra-a-diversidade-e-integra-o-calendario-oficial-da-semana-da-paradasp\/\"},\"wordCount\":403,\"commentCount\":0,\"publisher\":{\"@id\":\"https:\/\/www.guiaglbts.com.br\/blog\/#organization\"},\"image\":{\"@id\":\"https:\/\/www.guiaglbts.com.br\/blog\/corrida-do-orgulho-lgbt-celebra-a-diversidade-e-integra-o-calendario-oficial-da-semana-da-paradasp\/#primaryimage\"},\"thumbnailUrl\":\"https:\/\/www.guiaglbts.com.br\/blog\/wp-content\/uploads\/2024\/05\/Corrida-do-Orgulho-LGBT-300x300.jpeg\",\"inLanguage\":\"pt-BR\",\"potentialAction\":[{\"@type\":\"CommentAction\",\"name\":\"Comment\",\"target\":[\"https:\/\/www.guiaglbts.com.br\/blog\/corrida-do-orgulho-lgbt-celebra-a-diversidade-e-integra-o-calendario-oficial-da-semana-da-paradasp\/#respond\"]}]},{\"@type\":\"WebPage\",\"@id\":\"https:\/\/www.guiaglbts.com.br\/blog\/corrida-do-orgulho-lgbt-celebra-a-diversidade-e-integra-o-calendario-oficial-da-semana-da-paradasp\/\",\"url\":\"https:\/\/www.guiaglbts.com.br\/blog\/corrida-do-orgulho-lgbt-celebra-a-diversidade-e-integra-o-calendario-oficial-da-semana-da-paradasp\/\",\"name\":\"Corrida do Orgulho LGBT+ celebra a diversidade e integra o calend\u00e1rio oficial da Semana da ParadaSP - Guia GLBTS\",\"isPartOf\":{\"@id\":\"https:\/\/www.guiaglbts.com.br\/blog\/#website\"},\"primaryImageOfPage\":{\"@id\":\"https:\/\/www.guiaglbts.com.br\/blog\/corrida-do-orgulho-lgbt-celebra-a-diversidade-e-integra-o-calendario-oficial-da-semana-da-paradasp\/#primaryimage\"},\"image\":{\"@id\":\"https:\/\/www.guiaglbts.com.br\/blog\/corrida-do-orgulho-lgbt-celebra-a-diversidade-e-integra-o-calendario-oficial-da-semana-da-paradasp\/#primaryimage\"},\"thumbnailUrl\":\"https:\/\/www.guiaglbts.com.br\/blog\/wp-content\/uploads\/2024\/05\/Corrida-do-Orgulho-LGBT-300x300.jpeg\",\"datePublished\":\"2024-05-23T15:29:38+00:00\",\"breadcrumb\":{\"@id\":\"https:\/\/www.guiaglbts.com.br\/blog\/corrida-do-orgulho-lgbt-celebra-a-diversidade-e-integra-o-calendario-oficial-da-semana-da-paradasp\/#breadcrumb\"},\"inLanguage\":\"pt-BR\",\"potentialAction\":[{\"@type\":\"ReadAction\",\"target\":[\"https:\/\/www.guiaglbts.com.br\/blog\/corrida-do-orgulho-lgbt-celebra-a-diversidade-e-integra-o-calendario-oficial-da-semana-da-paradasp\/\"]}]},{\"@type\":\"ImageObject\",\"inLanguage\":\"pt-BR\",\"@id\":\"https:\/\/www.guiaglbts.com.br\/blog\/corrida-do-orgulho-lgbt-celebra-a-diversidade-e-integra-o-calendario-oficial-da-semana-da-paradasp\/#primaryimage\",\"url\":\"https:\/\/www.guiaglbts.com.br\/blog\/wp-content\/uploads\/2024\/05\/Corrida-do-Orgulho-LGBT.jpeg\",\"contentUrl\":\"https:\/\/www.guiaglbts.com.br\/blog\/wp-content\/uploads\/2024\/05\/Corrida-do-Orgulho-LGBT.jpeg\",\"width\":1500,\"height\":1500},{\"@type\":\"BreadcrumbList\",\"@id\":\"https:\/\/www.guiaglbts.com.br\/blog\/corrida-do-orgulho-lgbt-celebra-a-diversidade-e-integra-o-calendario-oficial-da-semana-da-paradasp\/#breadcrumb\",\"itemListElement\":[{\"@type\":\"ListItem\",\"position\":1,\"name\":\"In\u00edcio\",\"item\":\"https:\/\/www.guiaglbts.com.br\/blog\/\"},{\"@type\":\"ListItem\",\"position\":2,\"name\":\"Corrida do Orgulho LGBT+ celebra a diversidade e integra o calend\u00e1rio oficial da Semana da ParadaSP\"}]},{\"@type\":\"WebSite\",\"@id\":\"https:\/\/www.guiaglbts.com.br\/blog\/#website\",\"url\":\"https:\/\/www.guiaglbts.com.br\/blog\/\",\"name\":\"Guia GLBTS\",\"description\":\"Guia da Nany People\",\"publisher\":{\"@id\":\"https:\/\/www.guiaglbts.com.br\/blog\/#organization\"},\"potentialAction\":[{\"@type\":\"SearchAction\",\"target\":{\"@type\":\"EntryPoint\",\"urlTemplate\":\"https:\/\/www.guiaglbts.com.br\/blog\/?s={search_term_string}\"},\"query-input\":{\"@type\":\"PropertyValueSpecification\",\"valueRequired\":true,\"valueName\":\"search_term_string\"}}],\"inLanguage\":\"pt-BR\"},{\"@type\":\"Organization\",\"@id\":\"https:\/\/www.guiaglbts.com.br\/blog\/#organization\",\"name\":\"Guia GLBTS\",\"url\":\"https:\/\/www.guiaglbts.com.br\/blog\/\",\"logo\":{\"@type\":\"ImageObject\",\"inLanguage\":\"pt-BR\",\"@id\":\"https:\/\/www.guiaglbts.com.br\/blog\/#\/schema\/logo\/image\/\",\"url\":\"https:\/\/www.guiaglbts.com.br\/blog\/wp-content\/uploads\/2025\/08\/logo_guia.png\",\"contentUrl\":\"https:\/\/www.guiaglbts.com.br\/blog\/wp-content\/uploads\/2025\/08\/logo_guia.png\",\"width\":310,\"height\":78,\"caption\":\"Guia GLBTS\"},\"image\":{\"@id\":\"https:\/\/www.guiaglbts.com.br\/blog\/#\/schema\/logo\/image\/\"},\"sameAs\":[\"https:\/\/www.facebook.com\/guialgbtsclassificados\",\"https:\/\/x.com\/GuiaLGBTS\",\"https:\/\/www.instagram.com\/guiadananypeople\/\",\"https:\/\/www.youtube.com\/user\/GuiaLGBTS\"]},{\"@type\":\"Person\",\"@id\":\"https:\/\/www.guiaglbts.com.br\/blog\/#\/schema\/person\/26d0c7f8b7991962d310475ce84fcd3e\",\"name\":\"Ellos Design\",\"image\":{\"@type\":\"ImageObject\",\"inLanguage\":\"pt-BR\",\"@id\":\"https:\/\/secure.gravatar.com\/avatar\/34b58000c3a22ae0b540f58577ea8359e60439a7b722b361769d039ac0bbf649?s=96&d=mm&r=g\",\"url\":\"https:\/\/secure.gravatar.com\/avatar\/34b58000c3a22ae0b540f58577ea8359e60439a7b722b361769d039ac0bbf649?s=96&d=mm&r=g\",\"contentUrl\":\"https:\/\/secure.gravatar.com\/avatar\/34b58000c3a22ae0b540f58577ea8359e60439a7b722b361769d039ac0bbf649?s=96&d=mm&r=g\",\"caption\":\"Ellos Design\"},\"sameAs\":[\"https:\/\/www.guiaglbts.com.br\"],\"url\":\"https:\/\/www.guiaglbts.com.br\/blog\/author\/ellos\/\"}]}<\/script>\n<!-- \/ Yoast SEO plugin. -->","yoast_head_json":{"title":"Corrida do Orgulho LGBT+ celebra a diversidade e integra o calend\u00e1rio oficial da Semana da ParadaSP - Guia GLBTS","robots":{"index":"index","follow":"follow","max-snippet":"max-snippet:-1","max-image-preview":"max-image-preview:large","max-video-preview":"max-video-preview:-1"},"canonical":"https:\/\/www.guiaglbts.com.br\/blog\/corrida-do-orgulho-lgbt-celebra-a-diversidade-e-integra-o-calendario-oficial-da-semana-da-paradasp\/","og_locale":"pt_BR","og_type":"article","og_title":"Corrida do Orgulho LGBT+ celebra a diversidade e integra o calend\u00e1rio oficial da Semana da ParadaSP - Guia GLBTS","og_description":"&nbsp; &nbsp; &nbsp; &nbsp; &nbsp; &nbsp; &nbsp; A Corrida do Orgulho LGBT+ faz parte do calend\u00e1rio oficial da semana da Parada do Orgulho LGBT+ de S\u00e3o Paulo, promovendo a democratiza\u00e7\u00e3o do esporte e celebrando a diversidade. As inscri\u00e7\u00f5es est\u00e3o abertas e podem ser feitas no site www.corridaorgulho.com.br\u00a0 A Corrida, que acontece no dia 1\u00ba de [&hellip;]","og_url":"https:\/\/www.guiaglbts.com.br\/blog\/corrida-do-orgulho-lgbt-celebra-a-diversidade-e-integra-o-calendario-oficial-da-semana-da-paradasp\/","og_site_name":"Guia GLBTS","article_publisher":"https:\/\/www.facebook.com\/guialgbtsclassificados","article_published_time":"2024-05-23T15:29:38+00:00","og_image":[{"width":1500,"height":1500,"url":"https:\/\/www.guiaglbts.com.br\/blog\/wp-content\/uploads\/2024\/05\/Corrida-do-Orgulho-LGBT.jpeg","type":"image\/jpeg"}],"author":"Ellos Design","twitter_card":"summary_large_image","twitter_creator":"@GuiaLGBTS","twitter_site":"@GuiaLGBTS","twitter_misc":{"Escrito por":"Ellos Design","Est. tempo de leitura":"2 minutos"},"schema":{"@context":"https:\/\/schema.org","@graph":[{"@type":"Article","@id":"https:\/\/www.guiaglbts.com.br\/blog\/corrida-do-orgulho-lgbt-celebra-a-diversidade-e-integra-o-calendario-oficial-da-semana-da-paradasp\/#article","isPartOf":{"@id":"https:\/\/www.guiaglbts.com.br\/blog\/corrida-do-orgulho-lgbt-celebra-a-diversidade-e-integra-o-calendario-oficial-da-semana-da-paradasp\/"},"author":{"name":"Ellos Design","@id":"https:\/\/www.guiaglbts.com.br\/blog\/#\/schema\/person\/26d0c7f8b7991962d310475ce84fcd3e"},"headline":"Corrida do Orgulho LGBT+ celebra a diversidade e integra o calend\u00e1rio oficial da Semana da ParadaSP","datePublished":"2024-05-23T15:29:38+00:00","mainEntityOfPage":{"@id":"https:\/\/www.guiaglbts.com.br\/blog\/corrida-do-orgulho-lgbt-celebra-a-diversidade-e-integra-o-calendario-oficial-da-semana-da-paradasp\/"},"wordCount":403,"commentCount":0,"publisher":{"@id":"https:\/\/www.guiaglbts.com.br\/blog\/#organization"},"image":{"@id":"https:\/\/www.guiaglbts.com.br\/blog\/corrida-do-orgulho-lgbt-celebra-a-diversidade-e-integra-o-calendario-oficial-da-semana-da-paradasp\/#primaryimage"},"thumbnailUrl":"https:\/\/www.guiaglbts.com.br\/blog\/wp-content\/uploads\/2024\/05\/Corrida-do-Orgulho-LGBT-300x300.jpeg","inLanguage":"pt-BR","potentialAction":[{"@type":"CommentAction","name":"Comment","target":["https:\/\/www.guiaglbts.com.br\/blog\/corrida-do-orgulho-lgbt-celebra-a-diversidade-e-integra-o-calendario-oficial-da-semana-da-paradasp\/#respond"]}]},{"@type":"WebPage","@id":"https:\/\/www.guiaglbts.com.br\/blog\/corrida-do-orgulho-lgbt-celebra-a-diversidade-e-integra-o-calendario-oficial-da-semana-da-paradasp\/","url":"https:\/\/www.guiaglbts.com.br\/blog\/corrida-do-orgulho-lgbt-celebra-a-diversidade-e-integra-o-calendario-oficial-da-semana-da-paradasp\/","name":"Corrida do Orgulho LGBT+ celebra a diversidade e integra o calend\u00e1rio oficial da Semana da ParadaSP - Guia GLBTS","isPartOf":{"@id":"https:\/\/www.guiaglbts.com.br\/blog\/#website"},"primaryImageOfPage":{"@id":"https:\/\/www.guiaglbts.com.br\/blog\/corrida-do-orgulho-lgbt-celebra-a-diversidade-e-integra-o-calendario-oficial-da-semana-da-paradasp\/#primaryimage"},"image":{"@id":"https:\/\/www.guiaglbts.com.br\/blog\/corrida-do-orgulho-lgbt-celebra-a-diversidade-e-integra-o-calendario-oficial-da-semana-da-paradasp\/#primaryimage"},"thumbnailUrl":"https:\/\/www.guiaglbts.com.br\/blog\/wp-content\/uploads\/2024\/05\/Corrida-do-Orgulho-LGBT-300x300.jpeg","datePublished":"2024-05-23T15:29:38+00:00","breadcrumb":{"@id":"https:\/\/www.guiaglbts.com.br\/blog\/corrida-do-orgulho-lgbt-celebra-a-diversidade-e-integra-o-calendario-oficial-da-semana-da-paradasp\/#breadcrumb"},"inLanguage":"pt-BR","potentialAction":[{"@type":"ReadAction","target":["https:\/\/www.guiaglbts.com.br\/blog\/corrida-do-orgulho-lgbt-celebra-a-diversidade-e-integra-o-calendario-oficial-da-semana-da-paradasp\/"]}]},{"@type":"ImageObject","inLanguage":"pt-BR","@id":"https:\/\/www.guiaglbts.com.br\/blog\/corrida-do-orgulho-lgbt-celebra-a-diversidade-e-integra-o-calendario-oficial-da-semana-da-paradasp\/#primaryimage","url":"https:\/\/www.guiaglbts.com.br\/blog\/wp-content\/uploads\/2024\/05\/Corrida-do-Orgulho-LGBT.jpeg","contentUrl":"https:\/\/www.guiaglbts.com.br\/blog\/wp-content\/uploads\/2024\/05\/Corrida-do-Orgulho-LGBT.jpeg","width":1500,"height":1500},{"@type":"BreadcrumbList","@id":"https:\/\/www.guiaglbts.com.br\/blog\/corrida-do-orgulho-lgbt-celebra-a-diversidade-e-integra-o-calendario-oficial-da-semana-da-paradasp\/#breadcrumb","itemListElement":[{"@type":"ListItem","position":1,"name":"In\u00edcio","item":"https:\/\/www.guiaglbts.com.br\/blog\/"},{"@type":"ListItem","position":2,"name":"Corrida do Orgulho LGBT+ celebra a diversidade e integra o calend\u00e1rio oficial da Semana da ParadaSP"}]},{"@type":"WebSite","@id":"https:\/\/www.guiaglbts.com.br\/blog\/#website","url":"https:\/\/www.guiaglbts.com.br\/blog\/","name":"Guia GLBTS","description":"Guia da Nany People","publisher":{"@id":"https:\/\/www.guiaglbts.com.br\/blog\/#organization"},"potentialAction":[{"@type":"SearchAction","target":{"@type":"EntryPoint","urlTemplate":"https:\/\/www.guiaglbts.com.br\/blog\/?s={search_term_string}"},"query-input":{"@type":"PropertyValueSpecification","valueRequired":true,"valueName":"search_term_string"}}],"inLanguage":"pt-BR"},{"@type":"Organization","@id":"https:\/\/www.guiaglbts.com.br\/blog\/#organization","name":"Guia GLBTS","url":"https:\/\/www.guiaglbts.com.br\/blog\/","logo":{"@type":"ImageObject","inLanguage":"pt-BR","@id":"https:\/\/www.guiaglbts.com.br\/blog\/#\/schema\/logo\/image\/","url":"https:\/\/www.guiaglbts.com.br\/blog\/wp-content\/uploads\/2025\/08\/logo_guia.png","contentUrl":"https:\/\/www.guiaglbts.com.br\/blog\/wp-content\/uploads\/2025\/08\/logo_guia.png","width":310,"height":78,"caption":"Guia GLBTS"},"image":{"@id":"https:\/\/www.guiaglbts.com.br\/blog\/#\/schema\/logo\/image\/"},"sameAs":["https:\/\/www.facebook.com\/guialgbtsclassificados","https:\/\/x.com\/GuiaLGBTS","https:\/\/www.instagram.com\/guiadananypeople\/","https:\/\/www.youtube.com\/user\/GuiaLGBTS"]},{"@type":"Person","@id":"https:\/\/www.guiaglbts.com.br\/blog\/#\/schema\/person\/26d0c7f8b7991962d310475ce84fcd3e","name":"Ellos Design","image":{"@type":"ImageObject","inLanguage":"pt-BR","@id":"https:\/\/secure.gravatar.com\/avatar\/34b58000c3a22ae0b540f58577ea8359e60439a7b722b361769d039ac0bbf649?s=96&d=mm&r=g","url":"https:\/\/secure.gravatar.com\/avatar\/34b58000c3a22ae0b540f58577ea8359e60439a7b722b361769d039ac0bbf649?s=96&d=mm&r=g","contentUrl":"https:\/\/secure.gravatar.com\/avatar\/34b58000c3a22ae0b540f58577ea8359e60439a7b722b361769d039ac0bbf649?s=96&d=mm&r=g","caption":"Ellos Design"},"sameAs":["https:\/\/www.guiaglbts.com.br"],"url":"https:\/\/www.guiaglbts.com.br\/blog\/author\/ellos\/"}]}},"_links":{"self":[{"href":"https:\/\/www.guiaglbts.com.br\/blog\/wp-json\/wp\/v2\/posts\/6568","targetHints":{"allow":["GET"]}}],"collection":[{"href":"https:\/\/www.guiaglbts.com.br\/blog\/wp-json\/wp\/v2\/posts"}],"about":[{"href":"https:\/\/www.guiaglbts.com.br\/blog\/wp-json\/wp\/v2\/types\/post"}],"author":[{"embeddable":true,"href":"https:\/\/www.guiaglbts.com.br\/blog\/wp-json\/wp\/v2\/users\/2"}],"replies":[{"embeddable":true,"href":"https:\/\/www.guiaglbts.com.br\/blog\/wp-json\/wp\/v2\/comments?post=6568"}],"version-history":[{"count":1,"href":"https:\/\/www.guiaglbts.com.br\/blog\/wp-json\/wp\/v2\/posts\/6568\/revisions"}],"predecessor-version":[{"id":6570,"href":"https:\/\/www.guiaglbts.com.br\/blog\/wp-json\/wp\/v2\/posts\/6568\/revisions\/6570"}],"wp:attachment":[{"href":"https:\/\/www.guiaglbts.com.br\/blog\/wp-json\/wp\/v2\/media?parent=6568"}],"wp:term":[{"taxonomy":"category","embeddable":true,"href":"https:\/\/www.guiaglbts.com.br\/blog\/wp-json\/wp\/v2\/categories?post=6568"},{"taxonomy":"post_tag","embeddable":true,"href":"https:\/\/www.guiaglbts.com.br\/blog\/wp-json\/wp\/v2\/tags?post=6568"}],"curies":[{"name":"wp","href":"https:\/\/api.w.org\/{rel}","templated":true}]}}