{"id":6565,"date":"2024-05-23T12:16:07","date_gmt":"2024-05-23T15:16:07","guid":{"rendered":"https:\/\/www.guiaglbts.com.br\/blog\/?p=6565"},"modified":"2024-05-23T12:16:07","modified_gmt":"2024-05-23T15:16:07","slug":"programacao-artistica-da-23a-feira-cultural-da-diversidade-lgbt-traz-diversidade-para-o-memorial-da-america-por-meio-de-numeros-musicais-de-danca-performances-de-drag-queens-e-muito-mais","status":"publish","type":"post","link":"https:\/\/www.guiaglbts.com.br\/blog\/programacao-artistica-da-23a-feira-cultural-da-diversidade-lgbt-traz-diversidade-para-o-memorial-da-america-por-meio-de-numeros-musicais-de-danca-performances-de-drag-queens-e-muito-mais\/","title":{"rendered":"Programa\u00e7\u00e3o art\u00edstica da 23\u00aa Feira Cultural da Diversidade LGBT+ traz diversidade para o Memorial da Am\u00e9rica por meio de n\u00fameros musicais, de dan\u00e7a, performances de drag queens e muito mais"},"content":{"rendered":"<p><i><span style=\"font-weight: 400;\">A feira ser\u00e1 realizada no dia 30 de maio, no Memorial da Am\u00e9rica Latina, com entrada gratuita mediante pr\u00e9-cadastro na <\/span><\/i><a href=\"https:\/\/www.sympla.com.br\/evento\/23-feira-cultural-da-diversidade-lgbt\/2412027?referrer=www.google.com\"><i><span style=\"font-weight: 400;\">Sympla<\/span><\/i><\/a><\/p>\n<p><a href=\"https:\/\/www.guiaglbts.com.br\/blog\/wp-content\/uploads\/2024\/05\/MG_7747-scaled.jpg\"><img fetchpriority=\"high\" decoding=\"async\" class=\"alignleft size-medium wp-image-6566\" src=\"https:\/\/www.guiaglbts.com.br\/blog\/wp-content\/uploads\/2024\/05\/MG_7747-300x200.jpg\" alt=\"\" width=\"300\" height=\"200\" srcset=\"https:\/\/www.guiaglbts.com.br\/blog\/wp-content\/uploads\/2024\/05\/MG_7747-300x200.jpg 300w, https:\/\/www.guiaglbts.com.br\/blog\/wp-content\/uploads\/2024\/05\/MG_7747-scaled-600x400.jpg 600w, https:\/\/www.guiaglbts.com.br\/blog\/wp-content\/uploads\/2024\/05\/MG_7747-1024x683.jpg 1024w, https:\/\/www.guiaglbts.com.br\/blog\/wp-content\/uploads\/2024\/05\/MG_7747-768x512.jpg 768w, https:\/\/www.guiaglbts.com.br\/blog\/wp-content\/uploads\/2024\/05\/MG_7747-1536x1024.jpg 1536w, https:\/\/www.guiaglbts.com.br\/blog\/wp-content\/uploads\/2024\/05\/MG_7747-2048x1365.jpg 2048w\" sizes=\"(max-width: 300px) 100vw, 300px\" \/><\/a><\/p>\n<p>&nbsp;<\/p>\n<p>&nbsp;<\/p>\n<p>&nbsp;<\/p>\n<p>&nbsp;<\/p>\n<p>&nbsp;<\/p>\n<p><span style=\"font-weight: 400;\">A <\/span><b>ParadaSP &#8211; Associa\u00e7\u00e3o da Parada do Orgulho LGBT de S\u00e3o Paulo (APOLGBT-SP)<\/b><span style=\"font-weight: 400;\"> tem o prazer de anunciar a programa\u00e7\u00e3o art\u00edstica da <\/span><b>23\u00aa edi\u00e7\u00e3o da Feira Cultural da Diversidade LGBT+, <\/b><span style=\"font-weight: 400;\">que acontece no dia <\/span><span style=\"font-weight: 400;\">30 de maio de 2024, quinta-feira<\/span><span style=\"font-weight: 400;\">, feriado de Corpus Christi, no <\/span><b>Memorial da Am\u00e9rica Latina<\/b><span style=\"font-weight: 400;\">, das <\/span><span style=\"font-weight: 400;\">10h \u00e0s 21h.<\/span><span style=\"font-weight: 400;\"> A entrada \u00e9 gratuita, mediante pr\u00e9-cadastro na <\/span><a href=\"https:\/\/www.sympla.com.br\/evento\/23-feira-cultural-da-diversidade-lgbt\/2412027?referrer=www.google.com\"><span style=\"font-weight: 400;\">Sympla<\/span><\/a><span style=\"font-weight: 400;\">.<\/span><\/p>\n<p><span style=\"font-weight: 400;\">Com uma programa\u00e7\u00e3o repleta de atra\u00e7\u00f5es diversas, a feira promete encantar e envolver todos os visitantes. Alguns dos destaques s\u00e3o as renomadas <\/span><b>Silvetty Montilla, Thalia Bombinha, Dimmy Kieere e Luana Hansen<\/b><span style=\"font-weight: 400;\">, que conduzir\u00e3o os eventos no <\/span><b>Palco ParadaSP<\/b><span style=\"font-weight: 400;\">.\u00a0<\/span><\/p>\n<p><span style=\"font-weight: 400;\">O <\/span><b>Lounge Nossa Voz<\/b><span style=\"font-weight: 400;\">, espa\u00e7o que ser\u00e1 uma celebra\u00e7\u00e3o \u00e0 m\u00fasica sob o comando de <\/span><b>Drica GG <\/b><span style=\"font-weight: 400;\">e<\/span><b> Drag Tiffanny<\/b><span style=\"font-weight: 400;\"> conta com apresenta\u00e7\u00f5es de artistas como<\/span><b> Renata Peron, Sambixas do Gust\u00e0vo Reis, Batucada das Pretas, Leci Brand\u00e3o Cover, Ticcy Loretto, Zaz\u00e1 Up<\/b><span style=\"font-weight: 400;\"> e <\/span><b>As Rainhas da Pisadinha<\/b><span style=\"font-weight: 400;\">.<\/span><\/p>\n<p><b>Os Cortejos da Diversidade <\/b><span style=\"font-weight: 400;\">agitam o espa\u00e7o\u00a0 do evento com a <\/span><b>C\u00e3ominhada &#8211; Bichos do Gueto, Siga Bem Caminhoneira <\/b><span style=\"font-weight: 400;\">e a participa\u00e7\u00e3o da<\/span><b> Escola de Samba Terceiro Mil\u00eanio<\/b><span style=\"font-weight: 400;\">. No <\/span><b>Palco ParadaSP<\/b><span style=\"font-weight: 400;\">, uma s\u00e9rie de shows de Drag Queens, dublagem, dan\u00e7a e performances. Entre as artistas confirmadas est\u00e3o Deusa Hta, Dercy Fortunato, Akkiyra Star Rios, Ashilley Prado, Nayara Negretty, Fran Macedo, Leona Albuquerque, Maryana Mercury, Fefe Houston, Ingrid Stay, Jacque Follet, Jaqueline Ramirez e Melyna Eyshila Ryos, entre outras.<\/span><\/p>\n<p><span style=\"font-weight: 400;\">Al\u00e9m disso, o <\/span><b>Palco Vote Com Orgulho<\/b><span style=\"font-weight: 400;\"> tamb\u00e9m oferecer\u00e1 diversas programa\u00e7\u00f5es, com falas da diretoria, parceiros e an\u00fancios importantes.<\/span><\/p>\n<p><b>Hist\u00f3rico da Feira Cultural da Diversidade LGBT+<\/b><\/p>\n<p><span style=\"font-weight: 400;\">Em 2001, com o come\u00e7o da consolida\u00e7\u00e3o da Parada do Orgulho LGBT+ de S\u00e3o Paulo, houve a necessidade de criar um calend\u00e1rio oficial com mais eventos com participa\u00e7\u00e3o ativa da comunidade LGBT+. Inspirada na Castro Street Fair, de San Francisco, a Feira nasceu com o nome de Feira da Vieira no Largo do Arouche, lugar de maior visibilidade e acolhimento para a popula\u00e7\u00e3o LGBT+.\u00a0<\/span><\/p>\n<p>&nbsp;<\/p>\n<p><span style=\"font-weight: 400;\">A 1\u00b0 edi\u00e7\u00e3o contava com 15 tendas e, pela primeira vez, um palco na Av. Vieira de Carvalho com o Largo do Arouche foi destinado a artistas e talentos LGBT+ em in\u00edcio de carreira. Neste per\u00edodo, a Feira contou com v\u00e1rios apoiadores hist\u00f3ricos, como o estilista Wal\u00e9rio Ara\u00fajo, que fez a produ\u00e7\u00e3o do palco com dezenas de pe\u00e7as de chita; a ic\u00f4nica travesti Alma Smith e apresenta\u00e7\u00e3o da Silvetty Montilla, entre outras. De acordo com a Pol\u00edcia Militar, a feira recebeu um p\u00fablico estimado de 15 mil pessoas.<\/span><\/p>\n<p>&nbsp;<\/p>\n<p><span style=\"font-weight: 400;\">Devido ao seu crescimento e expans\u00e3o, houve a necessidade de transferi-la, depois de algumas edi\u00e7\u00f5es, para um espa\u00e7o maior. Dessa forma, a Feira ocorreu na Pra\u00e7a da Rep\u00fablica e no Vale do Anhangaba\u00fa. Foi em 2005 que, pela sua import\u00e2ncia e crescimento, ela passou a se chamar Feira Cultural da Diversidade LGBT+. Desde o ano passado, a feira \u00e9 realizada no Memorial da Am\u00e9rica Latina.<\/span><\/p>\n<p>&nbsp;<\/p>\n<p><span style=\"font-weight: 400;\">Patroc\u00ednio Master de Amstel<\/span><span style=\"font-weight: 400;\"><br \/>\n<\/span><span style=\"font-weight: 400;\">Patroc\u00ednio TERRA e VIVO<\/span><span style=\"font-weight: 400;\"><br \/>\n<\/span><span style=\"font-weight: 400;\">Copatroc\u00ednio L&#8217;Or\u00e9al Groupe<\/span><span style=\"font-weight: 400;\"><br \/>\n<\/span><span style=\"font-weight: 400;\">Apoio Amstel VIBES<\/span><span style=\"font-weight: 400;\"><br \/>\n<\/span><span style=\"font-weight: 400;\">Apoio Institucional Memorial da Am\u00e9rica Latina<\/span><\/p>\n<p>&nbsp;<\/p>\n<p><b>Programa\u00e7\u00e3o completa:\u00a0<\/b><\/p>\n<p>&nbsp;<\/p>\n<p><span style=\"font-weight: 400;\">Cortejos da Diversidade<\/span><\/p>\n<p><span style=\"font-weight: 400;\">10:30<\/span> <span style=\"font-weight: 400;\">C\u00e3ominhada &#8211; Bichos do Gueto<\/span><\/p>\n<p><span style=\"font-weight: 400;\">12:00<\/span> <span style=\"font-weight: 400;\">Siga Bem Caminhoneira<\/span><\/p>\n<p><span style=\"font-weight: 400;\">14:00<\/span> <span style=\"font-weight: 400;\">Circo\u00a0<\/span><\/p>\n<p><span style=\"font-weight: 400;\">15:30<\/span> <span style=\"font-weight: 400;\">Escola de Samba &#8211; Terceiro Mil\u00eanio<\/span><\/p>\n<p><span style=\"font-weight: 400;\">17:00<\/span> <span style=\"font-weight: 400;\">Afrox\u00e9 &#8211; M\u00e1rcio Telles\/Z\u00e9 Celso\u00a0<\/span><\/p>\n<p>&nbsp;<\/p>\n<p><span style=\"font-weight: 400;\">Lounge Nossa Voz<\/span><\/p>\n<p><span style=\"font-weight: 400;\">10:00<\/span> <span style=\"font-weight: 400;\">Dj\u00a0<\/span><\/p>\n<p><span style=\"font-weight: 400;\">11:00<\/span> <span style=\"font-weight: 400;\">Drica GG &#8211; Apresentadora<\/span><\/p>\n<p><span style=\"font-weight: 400;\">11:05<\/span> <span style=\"font-weight: 400;\">Drica GG e Banda<\/span><\/p>\n<p><span style=\"font-weight: 400;\">12:00<\/span> <span style=\"font-weight: 400;\">Leci Brand\u00e3o Cover<\/span><\/p>\n<p><span style=\"font-weight: 400;\">12:10<\/span> <span style=\"font-weight: 400;\">Velaske Brawm<\/span><\/p>\n<p><span style=\"font-weight: 400;\">12:40<\/span> <span style=\"font-weight: 400;\">Dj<\/span><\/p>\n<p><span style=\"font-weight: 400;\">13:10<\/span> <span style=\"font-weight: 400;\">Siga Bem Caminhoneira\u00a0<\/span><\/p>\n<p><span style=\"font-weight: 400;\">13:30<\/span> <span style=\"font-weight: 400;\">Renata Peron\u00a0<\/span><\/p>\n<p><span style=\"font-weight: 400;\">14:10<\/span> <span style=\"font-weight: 400;\">Drag Tiffanny &#8211; Apresentadora<\/span><\/p>\n<p><span style=\"font-weight: 400;\">14:15<\/span> <span style=\"font-weight: 400;\">Sambixas &#8211; Gust\u00e0vo Reis\u00a0<\/span><\/p>\n<p><span style=\"font-weight: 400;\">14:55<\/span> <span style=\"font-weight: 400;\">Batucada das Pretas<\/span><\/p>\n<p><span style=\"font-weight: 400;\">15:35<\/span> <span style=\"font-weight: 400;\">Ticcy Loretto e Zaz\u00e1 Up\u00a0<\/span><\/p>\n<p><span style=\"font-weight: 400;\">16:15<\/span> <span style=\"font-weight: 400;\">As Rainhas da Pisadinha\u00a0<\/span><\/p>\n<p>&nbsp;<\/p>\n<p><span style=\"font-weight: 400;\">Palco ParadaSP<\/span><\/p>\n<p>&nbsp;<\/p>\n<p><span style=\"font-weight: 400;\">10:50<\/span> <span style=\"font-weight: 400;\">V\u00cdDEOS PATROCINADORES\u00a0<\/span><\/p>\n<p><span style=\"font-weight: 400;\">11:00<\/span> <span style=\"font-weight: 400;\">Mama Darling &#8211; Apresentadora<\/span><\/p>\n<p><span style=\"font-weight: 400;\">11:00<\/span> <span style=\"font-weight: 400;\">Mulher Marmita &#8211; Apresentadora<\/span><\/p>\n<p><span style=\"font-weight: 400;\">11:05<\/span> <span style=\"font-weight: 400;\">Deusa hta<\/span><\/p>\n<p><span style=\"font-weight: 400;\">11:10<\/span> <span style=\"font-weight: 400;\">Dercy Fortunato\u00a0<\/span><\/p>\n<p><span style=\"font-weight: 400;\">11:15<\/span> <span style=\"font-weight: 400;\">Akkiyra Star Rios\u00a0<\/span><\/p>\n<p><span style=\"font-weight: 400;\">11:20<\/span> <span style=\"font-weight: 400;\">Ashilley Prado\u00a0<\/span><\/p>\n<p><span style=\"font-weight: 400;\">11:25<\/span> <span style=\"font-weight: 400;\">Nayara Negretty<\/span><\/p>\n<p><span style=\"font-weight: 400;\">11:30<\/span> <span style=\"font-weight: 400;\">Fran Macedo<\/span><\/p>\n<p><span style=\"font-weight: 400;\">11:35<\/span> <span style=\"font-weight: 400;\">Leona Albuquerque\u00a0<\/span><\/p>\n<p><span style=\"font-weight: 400;\">11:40<\/span> <span style=\"font-weight: 400;\">Maryana Mercury\u00a0<\/span><\/p>\n<p><span style=\"font-weight: 400;\">11:45<\/span> <span style=\"font-weight: 400;\">Fefe Houston\u00a0<\/span><\/p>\n<p><span style=\"font-weight: 400;\">11:50<\/span> <span style=\"font-weight: 400;\">Ingrid stay\u00a0<\/span><\/p>\n<p><span style=\"font-weight: 400;\">11:55<\/span> <span style=\"font-weight: 400;\">Jaqueline Ramirez<\/span><\/p>\n<p><span style=\"font-weight: 400;\">12:00<\/span> <span style=\"font-weight: 400;\">Melyna Eyshila Ryos<\/span><\/p>\n<p><span style=\"font-weight: 400;\">12:05<\/span> <span style=\"font-weight: 400;\">Corte Trans (Beto Casa Florescer)\u00a0<\/span><\/p>\n<p><span style=\"font-weight: 400;\">12:10<\/span> <span style=\"font-weight: 400;\">Homenagem<\/span><\/p>\n<p><span style=\"font-weight: 400;\">12:15<\/span> <span style=\"font-weight: 400;\">FALAS DIRETORIA &amp; V\u00cdDEOS PATROCINADORES<\/span><\/p>\n<p><span style=\"font-weight: 400;\">12:30<\/span> <span style=\"font-weight: 400;\">Luana Hansen &#8211; Apresentadora<\/span><\/p>\n<p><span style=\"font-weight: 400;\">12:30<\/span> <span style=\"font-weight: 400;\">Laura Finochiaro &#8211; Apresentadora\u00a0<\/span><\/p>\n<p><span style=\"font-weight: 400;\">12:35<\/span> <span style=\"font-weight: 400;\">TDOUGLAS\u00a0<\/span><\/p>\n<p><span style=\"font-weight: 400;\">12:40<\/span> <span style=\"font-weight: 400;\">Ferdi Gi<\/span><\/p>\n<p><span style=\"font-weight: 400;\">12:45<\/span> <span style=\"font-weight: 400;\">Jacque Follet<\/span><\/p>\n<p><span style=\"font-weight: 400;\">12:50<\/span> <span style=\"font-weight: 400;\">Luna Scarlett<\/span><\/p>\n<p><span style=\"font-weight: 400;\">12:55<\/span> <span style=\"font-weight: 400;\">Jelly Bunny<\/span><\/p>\n<p><span style=\"font-weight: 400;\">13:00<\/span> <span style=\"font-weight: 400;\">Morgana Loren\u00a0<\/span><\/p>\n<p><span style=\"font-weight: 400;\">13:05<\/span> <span style=\"font-weight: 400;\">Cholita florencia\u00a0<\/span><\/p>\n<p><span style=\"font-weight: 400;\">13:10<\/span> <span style=\"font-weight: 400;\">Batucada do NASCE\u00a0<\/span><\/p>\n<p><span style=\"font-weight: 400;\">13:20<\/span> <span style=\"font-weight: 400;\">Duda Torres<\/span><\/p>\n<p><span style=\"font-weight: 400;\">13:25<\/span> <span style=\"font-weight: 400;\">HOMENAGEM<\/span><\/p>\n<p><span style=\"font-weight: 400;\">13:30<\/span> <span style=\"font-weight: 400;\">FALAS DIRETORIA &amp; V\u00cdDEOS PATROCINADORES &amp; Agradecimento C\u00e1ssio Rodrigo<\/span><\/p>\n<p><span style=\"font-weight: 400;\">13:45<\/span> <span style=\"font-weight: 400;\">Ikaro Kadoshi &#8211; Apresentadora<\/span><\/p>\n<p><span style=\"font-weight: 400;\">13:45<\/span> <span style=\"font-weight: 400;\">Priscila Siqueira &#8211; Apresentadora<\/span><\/p>\n<p><span style=\"font-weight: 400;\">13:50<\/span> <span style=\"font-weight: 400;\">Britnney Hill\u00a0<\/span><\/p>\n<p><span style=\"font-weight: 400;\">13:55<\/span> <span style=\"font-weight: 400;\">Ol\u00edvia Ol\u00ed<\/span><\/p>\n<p><span style=\"font-weight: 400;\">14:00<\/span> <span style=\"font-weight: 400;\">YOYO<\/span><\/p>\n<p><span style=\"font-weight: 400;\">14:05<\/span> <span style=\"font-weight: 400;\">Diana Pequeno<\/span><\/p>\n<p><span style=\"font-weight: 400;\">14:10<\/span> <span style=\"font-weight: 400;\">Morgante\u00a0<\/span><\/p>\n<p><span style=\"font-weight: 400;\">14:15<\/span> <span style=\"font-weight: 400;\">Esquadr\u00e3o das Drags\u00a0<\/span><\/p>\n<p><span style=\"font-weight: 400;\">14:25<\/span> <span style=\"font-weight: 400;\">HOMENAGEM<\/span><\/p>\n<p><span style=\"font-weight: 400;\">14:30<\/span> <span style=\"font-weight: 400;\">FALAS DIRETORIA &amp; V\u00cdDEOS PATROCINADORES &amp; Simmy Larrat\u00a0<\/span><\/p>\n<p><span style=\"font-weight: 400;\">14:45<\/span> <span style=\"font-weight: 400;\">Lorenzo &#8211; Apresentador<\/span><\/p>\n<p><span style=\"font-weight: 400;\">14:45<\/span> <span style=\"font-weight: 400;\">Valenttini Drag &#8211; Apresentadora<\/span><\/p>\n<p><span style=\"font-weight: 400;\">14:50<\/span> <span style=\"font-weight: 400;\">Siamese<\/span><\/p>\n<p><span style=\"font-weight: 400;\">14:55<\/span> <span style=\"font-weight: 400;\">Quixote<\/span><\/p>\n<p><span style=\"font-weight: 400;\">15:00<\/span> <span style=\"font-weight: 400;\">Clenilda Beer<\/span><\/p>\n<p><span style=\"font-weight: 400;\">15:05<\/span> <span style=\"font-weight: 400;\">Tamara Angel<\/span><\/p>\n<p><span style=\"font-weight: 400;\">15:10<\/span> <span style=\"font-weight: 400;\">J\u00fapter\u00a0<\/span><\/p>\n<p><span style=\"font-weight: 400;\">15:15<\/span> <span style=\"font-weight: 400;\">Cantuarioo<\/span><\/p>\n<p><span style=\"font-weight: 400;\">15:20<\/span> <span style=\"font-weight: 400;\">Let\u00edcia Drag\u00a0<\/span><\/p>\n<p><span style=\"font-weight: 400;\">15:25<\/span> <span style=\"font-weight: 400;\">HOMENAGEM<\/span><\/p>\n<p><span style=\"font-weight: 400;\">15:30<\/span> <span style=\"font-weight: 400;\">FALAS DIRETORIA e Governo Federal com Banco do Brasil<\/span><\/p>\n<p><span style=\"font-weight: 400;\">15:45<\/span> <span style=\"font-weight: 400;\">Antara Gold &#8211; Apresentadora<\/span><\/p>\n<p><span style=\"font-weight: 400;\">15:45<\/span> <span style=\"font-weight: 400;\">Marcio Rolim &#8211; Apresentador\u00a0<\/span><\/p>\n<p><span style=\"font-weight: 400;\">15:50<\/span> <span style=\"font-weight: 400;\">B. COUNCIL\/ La Belle banda<\/span><\/p>\n<p><span style=\"font-weight: 400;\">16:20<\/span> <span style=\"font-weight: 400;\">Disforia Queercore\u00a0<\/span><\/p>\n<p><span style=\"font-weight: 400;\">16:25<\/span> <span style=\"font-weight: 400;\">Asteroyd<\/span><\/p>\n<p><span style=\"font-weight: 400;\">16:30<\/span> <span style=\"font-weight: 400;\">Giovanna Moraes\u00a0<\/span><\/p>\n<p><span style=\"font-weight: 400;\">16:35<\/span> <span style=\"font-weight: 400;\">Dafny Delano<\/span><\/p>\n<p><span style=\"font-weight: 400;\">16:40<\/span> <span style=\"font-weight: 400;\">Cau\u00ea Proc\u00f3pio<\/span><\/p>\n<p><span style=\"font-weight: 400;\">16:45<\/span> <span style=\"font-weight: 400;\">Laviignea\u00a0<\/span><\/p>\n<p><span style=\"font-weight: 400;\">16:50<\/span> <span style=\"font-weight: 400;\">Pedro Palma<\/span><\/p>\n<p><span style=\"font-weight: 400;\">16:55<\/span> <span style=\"font-weight: 400;\">Magenta<\/span><\/p>\n<p><span style=\"font-weight: 400;\">17:00<\/span> <span style=\"font-weight: 400;\">Ella\u00a0<\/span><\/p>\n<p><span style=\"font-weight: 400;\">17:15<\/span> <span style=\"font-weight: 400;\">HOMENAGEM<\/span><\/p>\n<p><span style=\"font-weight: 400;\">17:20<\/span> <span style=\"font-weight: 400;\">FALAS DIRETORIA &amp; V\u00cdDEOS PATROCINADORES &amp; Agradecimento L\u00e9o \u00c1quilla<\/span><\/p>\n<p><span style=\"font-weight: 400;\">17:35<\/span> <span style=\"font-weight: 400;\">Silvetty Montilla &#8211; Apresentadora<\/span><\/p>\n<p><span style=\"font-weight: 400;\">17:35<\/span> <span style=\"font-weight: 400;\">Thalia Bombinha &#8211; Apresentadora<\/span><\/p>\n<p><span style=\"font-weight: 400;\">17:40<\/span> <span style=\"font-weight: 400;\">Aysllah Oliver\u00a0<\/span><\/p>\n<p><span style=\"font-weight: 400;\">17:45<\/span> <span style=\"font-weight: 400;\">Carla Rangell<\/span><\/p>\n<p><span style=\"font-weight: 400;\">17:50<\/span> <span style=\"font-weight: 400;\">Gretta Star<\/span><\/p>\n<p><span style=\"font-weight: 400;\">17:55<\/span> <span style=\"font-weight: 400;\">Marcinha do Corinto<\/span><\/p>\n<p><span style=\"font-weight: 400;\">18:00<\/span> <span style=\"font-weight: 400;\">Leona Top Fluor\u00a0<\/span><\/p>\n<p><span style=\"font-weight: 400;\">18:05<\/span> <span style=\"font-weight: 400;\">Ashiley close\u00a0<\/span><\/p>\n<p><span style=\"font-weight: 400;\">18:10<\/span> <span style=\"font-weight: 400;\">Dimmy Kieer<\/span><\/p>\n<p><span style=\"font-weight: 400;\">18:15<\/span> <span style=\"font-weight: 400;\">Gysella Popovick<\/span><\/p>\n<p><span style=\"font-weight: 400;\">18:20<\/span> <span style=\"font-weight: 400;\">Rosa do Quenia<\/span><\/p>\n<p><span style=\"font-weight: 400;\">18:25<\/span> <span style=\"font-weight: 400;\">Clara Nunes\/Penelope Joly<\/span><\/p>\n<p><span style=\"font-weight: 400;\">18:30<\/span> <span style=\"font-weight: 400;\">Lysa Bombom<\/span><\/p>\n<p><span style=\"font-weight: 400;\">18:35<\/span> <span style=\"font-weight: 400;\">Rainha da Mata\u00a0<\/span><\/p>\n<p><span style=\"font-weight: 400;\">18:40<\/span> <span style=\"font-weight: 400;\">Victor Piercing\u00a0<\/span><\/p>\n<p><span style=\"font-weight: 400;\">18:45<\/span> <span style=\"font-weight: 400;\">Stefany di Bourbon<\/span><\/p>\n<p><span style=\"font-weight: 400;\">18:50<\/span> <span style=\"font-weight: 400;\">Melyna The Princess\u00a0<\/span><\/p>\n<p><span style=\"font-weight: 400;\">18:55<\/span> <span style=\"font-weight: 400;\">Mikaela Pitt\u00a0<\/span><\/p>\n<p><span style=\"font-weight: 400;\">19:00<\/span> <span style=\"font-weight: 400;\">Megan The Drag Queen<\/span><\/p>\n<p><span style=\"font-weight: 400;\">19:05<\/span> <span style=\"font-weight: 400;\">Penelopy Jean<\/span><\/p>\n<p><span style=\"font-weight: 400;\">19:10<\/span> <span style=\"font-weight: 400;\">Danny Cowlt\u00a0<\/span><\/p>\n<p><span style=\"font-weight: 400;\">19:15<\/span> <span style=\"font-weight: 400;\">Helloa Meirelles Oliveira<\/span><\/p>\n<p><span style=\"font-weight: 400;\">19:20<\/span> <span style=\"font-weight: 400;\">M\u00e1rcia Pantera<\/span><\/p>\n<p><span style=\"font-weight: 400;\">19:30<\/span> <span style=\"font-weight: 400;\">Irm\u00e3s de Pau\u00a0<\/span><\/p>\n<p><span style=\"font-weight: 400;\">19:40<\/span> <span style=\"font-weight: 400;\">V\u00cdDEOS PATROCINADORES<\/span><\/p>\n<p>&nbsp;<\/p>\n<p><span style=\"font-weight: 400;\">Palco Vote com Orgulho<\/span><\/p>\n<p><span style=\"font-weight: 400;\">10:50<\/span> <span style=\"font-weight: 400;\">Anunciar Patrocinadores<\/span><\/p>\n<p><span style=\"font-weight: 400;\">11:00<\/span> <span style=\"font-weight: 400;\">Aysha Pink &#8211; Apresentadora<\/span><\/p>\n<p><span style=\"font-weight: 400;\">11:00<\/span> <span style=\"font-weight: 400;\">Tchaka &#8211; Apresentadora<\/span><\/p>\n<p><span style=\"font-weight: 400;\">11:05<\/span> <span style=\"font-weight: 400;\">Laura Finochiaro com tr\u00eas cantores<\/span><\/p>\n<p><span style=\"font-weight: 400;\">11:20<\/span> <span style=\"font-weight: 400;\">Radha Vasconcellos<\/span><\/p>\n<p><span style=\"font-weight: 400;\">11:25<\/span> <span style=\"font-weight: 400;\">Savannah Black\u00a0<\/span><\/p>\n<p><span style=\"font-weight: 400;\">11:30<\/span> <span style=\"font-weight: 400;\">Gabi Anjos\u00a0<\/span><\/p>\n<p><span style=\"font-weight: 400;\">11:35<\/span> <span style=\"font-weight: 400;\">Fenty Hannah<\/span><\/p>\n<p><span style=\"font-weight: 400;\">11:40<\/span> <span style=\"font-weight: 400;\">Saraah<\/span><\/p>\n<p><span style=\"font-weight: 400;\">11:45<\/span> <span style=\"font-weight: 400;\">Casa Florescer II<\/span><\/p>\n<p><span style=\"font-weight: 400;\">11:50<\/span> <span style=\"font-weight: 400;\">Kaique Teodoro<\/span><\/p>\n<p><span style=\"font-weight: 400;\">11:55<\/span> <span style=\"font-weight: 400;\">Casa Florescer I<\/span><\/p>\n<p><span style=\"font-weight: 400;\">12:00<\/span> <span style=\"font-weight: 400;\">Casa Florescer II<\/span><\/p>\n<p><span style=\"font-weight: 400;\">12:05<\/span> <span style=\"font-weight: 400;\">Casar\u00e3o Brasil<\/span><\/p>\n<p><span style=\"font-weight: 400;\">12:10<\/span> <span style=\"font-weight: 400;\">CRD<\/span><\/p>\n<p><span style=\"font-weight: 400;\">12:15<\/span> <span style=\"font-weight: 400;\">Casa Jo\u00e3o Nery<\/span><\/p>\n<p><span style=\"font-weight: 400;\">12:20<\/span> <span style=\"font-weight: 400;\">Falas Diretoria, Parceiros e An\u00fancios<\/span><\/p>\n<p><span style=\"font-weight: 400;\">12:35<\/span> <span style=\"font-weight: 400;\">Alessan\u00a0 &#8211; Apresentador<\/span><\/p>\n<p><span style=\"font-weight: 400;\">12:40<\/span> <span style=\"font-weight: 400;\">Jaqueline Terremoto\u00a0<\/span><\/p>\n<p><span style=\"font-weight: 400;\">12:45<\/span> <span style=\"font-weight: 400;\">Stephany Queen\u00a0<\/span><\/p>\n<p><span style=\"font-weight: 400;\">12:50<\/span> <span style=\"font-weight: 400;\">Victoria Dafner\u00a0<\/span><\/p>\n<p><span style=\"font-weight: 400;\">12:55<\/span> <span style=\"font-weight: 400;\">Heitor Drag<\/span><\/p>\n<p><span style=\"font-weight: 400;\">13:00<\/span> <span style=\"font-weight: 400;\">Pierre Stone<\/span><\/p>\n<p><span style=\"font-weight: 400;\">13:05<\/span> <span style=\"font-weight: 400;\">Nicolly labelly\u00a0<\/span><\/p>\n<p><span style=\"font-weight: 400;\">13:10<\/span> <span style=\"font-weight: 400;\">Walleb<\/span><\/p>\n<p><span style=\"font-weight: 400;\">13:15<\/span> <span style=\"font-weight: 400;\">Suburbia Freedom\u00a0<\/span><\/p>\n<p><span style=\"font-weight: 400;\">13:20<\/span> <span style=\"font-weight: 400;\">Lukaz Kim<\/span><\/p>\n<p><span style=\"font-weight: 400;\">13:25<\/span> <span style=\"font-weight: 400;\">Casa Florescer I<\/span><\/p>\n<p><span style=\"font-weight: 400;\">13:30<\/span> <span style=\"font-weight: 400;\">Casa Florescer II<\/span><\/p>\n<p><span style=\"font-weight: 400;\">13:35<\/span> <span style=\"font-weight: 400;\">Casa Jo\u00e3o Nery<\/span><\/p>\n<p><span style=\"font-weight: 400;\">13:40<\/span> <span style=\"font-weight: 400;\">Casar\u00e3o Brasil<\/span><\/p>\n<p><span style=\"font-weight: 400;\">13:45<\/span> <span style=\"font-weight: 400;\">CRD<\/span><\/p>\n<p><span style=\"font-weight: 400;\">13:50<\/span> <span style=\"font-weight: 400;\">Malvadezza<\/span><\/p>\n<p><span style=\"font-weight: 400;\">13:55<\/span> <span style=\"font-weight: 400;\">Katryelle. Velmont<\/span><\/p>\n<p><span style=\"font-weight: 400;\">14:00<\/span> <span style=\"font-weight: 400;\">Falas Diretoria, Parceiros e An\u00fancios\u00a0<\/span><\/p>\n<p><span style=\"font-weight: 400;\">14:10<\/span> <span style=\"font-weight: 400;\">Estado de SP\u00a0<\/span><\/p>\n<p><span style=\"font-weight: 400;\">14:50<\/span> <span style=\"font-weight: 400;\">Falas Diretoria, Parceiros e An\u00fancios\u00a0<\/span><\/p>\n<p><span style=\"font-weight: 400;\">15:00<\/span> <span style=\"font-weight: 400;\">X\u00eania Star &#8211; Apresentadora<\/span><\/p>\n<p><span style=\"font-weight: 400;\">15:05<\/span> <span style=\"font-weight: 400;\">Lucas Corazza\u00a0 &#8211; Apresentador<\/span><\/p>\n<p><span style=\"font-weight: 400;\">15:10<\/span> <span style=\"font-weight: 400;\">Shelldon Malvasi\u00a0<\/span><\/p>\n<p><span style=\"font-weight: 400;\">15:15<\/span> <span style=\"font-weight: 400;\">Ana Dutra<\/span><\/p>\n<p><span style=\"font-weight: 400;\">15:20<\/span> <span style=\"font-weight: 400;\">LUMY ARTE\u00a0<\/span><\/p>\n<p><span style=\"font-weight: 400;\">15:25<\/span> <span style=\"font-weight: 400;\">Andarilho Cha\u00a0<\/span><\/p>\n<p><span style=\"font-weight: 400;\">15:30<\/span> <span style=\"font-weight: 400;\">Ivana Boldi<\/span><\/p>\n<p><span style=\"font-weight: 400;\">15:35<\/span> <span style=\"font-weight: 400;\">Mag\u00edster\u00a0<\/span><\/p>\n<p><span style=\"font-weight: 400;\">15:40<\/span> <span style=\"font-weight: 400;\">Felipe D&#8217;Orazio<\/span><\/p>\n<p><span style=\"font-weight: 400;\">15:45<\/span> <span style=\"font-weight: 400;\">Gallaxia\u00a0<\/span><\/p>\n<p><span style=\"font-weight: 400;\">15:50<\/span> <span style=\"font-weight: 400;\">Jefry Star<\/span><\/p>\n<p><span style=\"font-weight: 400;\">15:55<\/span> <span style=\"font-weight: 400;\">Gabriela Electra Beyonc\u00e9 Cover\u00a0<\/span><\/p>\n<p><span style=\"font-weight: 400;\">16:00<\/span> <span style=\"font-weight: 400;\">Brunelli<\/span><\/p>\n<p><span style=\"font-weight: 400;\">16:05<\/span> <span style=\"font-weight: 400;\">Dogge<\/span><\/p>\n<p><span style=\"font-weight: 400;\">16:10<\/span> <span style=\"font-weight: 400;\">Dj\u00a0\u00a0\u00a0<\/span><\/p>\n<p><span style=\"font-weight: 400;\">16:50<\/span> <span style=\"font-weight: 400;\">Falas Diretoria, Parceiros e An\u00fancios<\/span><\/p>\n<p><span style=\"font-weight: 400;\">17:00<\/span> <span style=\"font-weight: 400;\">Prefeitura<\/span><\/p>\n<p><span style=\"font-weight: 400;\">17:50<\/span> <span style=\"font-weight: 400;\">Falas Diretoria, Parceiros e An\u00fancios\u00a0<\/span><\/p>\n<p>&nbsp;<\/p>\n<p><b>Servi\u00e7o:<\/b><b><br \/>\n<\/b><b>23\u00aa Feira Cultural da Diversidade LGBT+<\/b><span style=\"font-weight: 400;\"><br \/>\n<\/span><b>Data:<\/b><span style=\"font-weight: 400;\"> 30 de maio de 2024, quinta-feira, feriado de Corpus Christi, das 10h \u00e0s 21h <\/span><span style=\"font-weight: 400;\"><br \/>\n<\/span><b>Local:<\/b><span style=\"font-weight: 400;\"> Memorial da Am\u00e9rica Latina &#8211; Av. Auro Soares de Moura Andrade, 660 &#8211; Barra Funda, S\u00e3o Paulo &#8211; SP <\/span><span style=\"font-weight: 400;\"><br \/>\n<\/span><b>Entrada:<\/b> <a href=\"https:\/\/www.sympla.com.br\/evento\/23-feira-cultural-da-diversidade-lgbt\/2412027\"><b>Gratuita com pr\u00e9-cadastro online no link da Sympla<\/b><\/a><\/p>\n<p><b><br \/>\n<\/b><b>Como chegar:<\/b><span style=\"font-weight: 400;\"> Metr\u00f4 Barra Funda (Linha Vermelha), t\u00e1xi, aplicativo, \u00f4nibus Terminal Barra Funda ou carro (estacionamento pago no local)<\/span><\/p>\n<p><span style=\"font-weight: 400;\">A 23\u00aa Feira Cultural da Diversidade LGBT+ \u00e9 uma realiza\u00e7\u00e3o da APOLGBT-SP, com o apoio do Governo do Estado de S\u00e3o Paulo, da Secretaria da Cultura, Economia e Ind\u00fastria Criativas e da Prefeitura da Cidade de S\u00e3o Paulo.<\/span><\/p>\n<p><span style=\"font-weight: 400;\">Informa\u00e7\u00f5es adicionais para Imprensa:<\/span><\/p>\n<p><b>Assessoria de Imprensa &#8211; Pevi 56<\/b><\/p>\n<p><span style=\"font-weight: 400;\">Diogo Locci &#8211; <\/span><a href=\"mailto:assessoria@pevi56.com\"><span style=\"font-weight: 400;\">assessoria@pevi56.com<\/span><\/a><span style=\"font-weight: 400;\"> | 11 9006 0642<\/span><\/p>\n<p><span style=\"font-weight: 400;\">Angelina Colicchio &#8211; <\/span><a href=\"mailto:angelina@pevi56.com\"><span style=\"font-weight: 400;\">angelina@pevi56.com<\/span><\/a><span style=\"font-weight: 400;\"> | 11 99299-2877<\/span><\/p>\n<p>&nbsp;<\/p>\n<p>&nbsp;<\/p>\n","protected":false},"excerpt":{"rendered":"<p>A feira ser\u00e1 realizada no dia 30 de maio, no Memorial da Am\u00e9rica Latina, com entrada gratuita mediante pr\u00e9-cadastro na Sympla &nbsp; &nbsp; &nbsp; &nbsp; &nbsp; A ParadaSP &#8211; Associa\u00e7\u00e3o da Parada do Orgulho LGBT de S\u00e3o Paulo (APOLGBT-SP) tem o prazer de anunciar a programa\u00e7\u00e3o art\u00edstica da 23\u00aa edi\u00e7\u00e3o da Feira Cultural da Diversidade [&hellip;]<\/p>\n","protected":false},"author":2,"featured_media":0,"comment_status":"open","ping_status":"open","sticky":false,"template":"","format":"standard","meta":{"footnotes":""},"categories":[1],"tags":[],"class_list":["post-6565","post","type-post","status-publish","format-standard","hentry","category-sem-categoria"],"yoast_head":"<!-- This site is optimized with the Yoast SEO plugin v27.2 - https:\/\/yoast.com\/product\/yoast-seo-wordpress\/ -->\n<title>Programa\u00e7\u00e3o art\u00edstica da 23\u00aa Feira Cultural da Diversidade LGBT+ traz diversidade para o Memorial da Am\u00e9rica por meio de n\u00fameros musicais, de dan\u00e7a, performances de drag queens e muito mais - Guia GLBTS<\/title>\n<meta name=\"robots\" content=\"index, follow, max-snippet:-1, max-image-preview:large, max-video-preview:-1\" \/>\n<link rel=\"canonical\" href=\"https:\/\/www.guiaglbts.com.br\/blog\/programacao-artistica-da-23a-feira-cultural-da-diversidade-lgbt-traz-diversidade-para-o-memorial-da-america-por-meio-de-numeros-musicais-de-danca-performances-de-drag-queens-e-muito-mais\/\" \/>\n<meta property=\"og:locale\" content=\"pt_BR\" \/>\n<meta property=\"og:type\" content=\"article\" \/>\n<meta property=\"og:title\" content=\"Programa\u00e7\u00e3o art\u00edstica da 23\u00aa Feira Cultural da Diversidade LGBT+ traz diversidade para o Memorial da Am\u00e9rica por meio de n\u00fameros musicais, de dan\u00e7a, performances de drag queens e muito mais - Guia GLBTS\" \/>\n<meta property=\"og:description\" content=\"A feira ser\u00e1 realizada no dia 30 de maio, no Memorial da Am\u00e9rica Latina, com entrada gratuita mediante pr\u00e9-cadastro na Sympla &nbsp; &nbsp; &nbsp; &nbsp; &nbsp; A ParadaSP &#8211; Associa\u00e7\u00e3o da Parada do Orgulho LGBT de S\u00e3o Paulo (APOLGBT-SP) tem o prazer de anunciar a programa\u00e7\u00e3o art\u00edstica da 23\u00aa edi\u00e7\u00e3o da Feira Cultural da Diversidade [&hellip;]\" \/>\n<meta property=\"og:url\" content=\"https:\/\/www.guiaglbts.com.br\/blog\/programacao-artistica-da-23a-feira-cultural-da-diversidade-lgbt-traz-diversidade-para-o-memorial-da-america-por-meio-de-numeros-musicais-de-danca-performances-de-drag-queens-e-muito-mais\/\" \/>\n<meta property=\"og:site_name\" content=\"Guia GLBTS\" \/>\n<meta property=\"article:publisher\" content=\"https:\/\/www.facebook.com\/guialgbtsclassificados\" \/>\n<meta property=\"article:published_time\" content=\"2024-05-23T15:16:07+00:00\" \/>\n<meta property=\"og:image\" content=\"https:\/\/www.guiaglbts.com.br\/blog\/wp-content\/uploads\/2024\/05\/MG_7747-scaled.jpg\" \/>\n\t<meta property=\"og:image:width\" content=\"2560\" \/>\n\t<meta property=\"og:image:height\" content=\"1707\" \/>\n\t<meta property=\"og:image:type\" content=\"image\/jpeg\" \/>\n<meta name=\"author\" content=\"Ellos Design\" \/>\n<meta name=\"twitter:card\" content=\"summary_large_image\" \/>\n<meta name=\"twitter:creator\" content=\"@GuiaLGBTS\" \/>\n<meta name=\"twitter:site\" content=\"@GuiaLGBTS\" \/>\n<meta name=\"twitter:label1\" content=\"Escrito por\" \/>\n\t<meta name=\"twitter:data1\" content=\"Ellos Design\" \/>\n\t<meta name=\"twitter:label2\" content=\"Est. tempo de leitura\" \/>\n\t<meta name=\"twitter:data2\" content=\"6 minutos\" \/>\n<script type=\"application\/ld+json\" class=\"yoast-schema-graph\">{\"@context\":\"https:\/\/schema.org\",\"@graph\":[{\"@type\":\"Article\",\"@id\":\"https:\/\/www.guiaglbts.com.br\/blog\/programacao-artistica-da-23a-feira-cultural-da-diversidade-lgbt-traz-diversidade-para-o-memorial-da-america-por-meio-de-numeros-musicais-de-danca-performances-de-drag-queens-e-muito-mais\/#article\",\"isPartOf\":{\"@id\":\"https:\/\/www.guiaglbts.com.br\/blog\/programacao-artistica-da-23a-feira-cultural-da-diversidade-lgbt-traz-diversidade-para-o-memorial-da-america-por-meio-de-numeros-musicais-de-danca-performances-de-drag-queens-e-muito-mais\/\"},\"author\":{\"name\":\"Ellos Design\",\"@id\":\"https:\/\/www.guiaglbts.com.br\/blog\/#\/schema\/person\/26d0c7f8b7991962d310475ce84fcd3e\"},\"headline\":\"Programa\u00e7\u00e3o art\u00edstica da 23\u00aa Feira Cultural da Diversidade LGBT+ traz diversidade para o Memorial da Am\u00e9rica por meio de n\u00fameros musicais, de dan\u00e7a, performances de drag queens e muito mais\",\"datePublished\":\"2024-05-23T15:16:07+00:00\",\"mainEntityOfPage\":{\"@id\":\"https:\/\/www.guiaglbts.com.br\/blog\/programacao-artistica-da-23a-feira-cultural-da-diversidade-lgbt-traz-diversidade-para-o-memorial-da-america-por-meio-de-numeros-musicais-de-danca-performances-de-drag-queens-e-muito-mais\/\"},\"wordCount\":1227,\"commentCount\":0,\"publisher\":{\"@id\":\"https:\/\/www.guiaglbts.com.br\/blog\/#organization\"},\"image\":{\"@id\":\"https:\/\/www.guiaglbts.com.br\/blog\/programacao-artistica-da-23a-feira-cultural-da-diversidade-lgbt-traz-diversidade-para-o-memorial-da-america-por-meio-de-numeros-musicais-de-danca-performances-de-drag-queens-e-muito-mais\/#primaryimage\"},\"thumbnailUrl\":\"https:\/\/www.guiaglbts.com.br\/blog\/wp-content\/uploads\/2024\/05\/MG_7747-300x200.jpg\",\"inLanguage\":\"pt-BR\",\"potentialAction\":[{\"@type\":\"CommentAction\",\"name\":\"Comment\",\"target\":[\"https:\/\/www.guiaglbts.com.br\/blog\/programacao-artistica-da-23a-feira-cultural-da-diversidade-lgbt-traz-diversidade-para-o-memorial-da-america-por-meio-de-numeros-musicais-de-danca-performances-de-drag-queens-e-muito-mais\/#respond\"]}]},{\"@type\":\"WebPage\",\"@id\":\"https:\/\/www.guiaglbts.com.br\/blog\/programacao-artistica-da-23a-feira-cultural-da-diversidade-lgbt-traz-diversidade-para-o-memorial-da-america-por-meio-de-numeros-musicais-de-danca-performances-de-drag-queens-e-muito-mais\/\",\"url\":\"https:\/\/www.guiaglbts.com.br\/blog\/programacao-artistica-da-23a-feira-cultural-da-diversidade-lgbt-traz-diversidade-para-o-memorial-da-america-por-meio-de-numeros-musicais-de-danca-performances-de-drag-queens-e-muito-mais\/\",\"name\":\"Programa\u00e7\u00e3o art\u00edstica da 23\u00aa Feira Cultural da Diversidade LGBT+ traz diversidade para o Memorial da Am\u00e9rica por meio de n\u00fameros musicais, de dan\u00e7a, performances de drag queens e muito mais - Guia GLBTS\",\"isPartOf\":{\"@id\":\"https:\/\/www.guiaglbts.com.br\/blog\/#website\"},\"primaryImageOfPage\":{\"@id\":\"https:\/\/www.guiaglbts.com.br\/blog\/programacao-artistica-da-23a-feira-cultural-da-diversidade-lgbt-traz-diversidade-para-o-memorial-da-america-por-meio-de-numeros-musicais-de-danca-performances-de-drag-queens-e-muito-mais\/#primaryimage\"},\"image\":{\"@id\":\"https:\/\/www.guiaglbts.com.br\/blog\/programacao-artistica-da-23a-feira-cultural-da-diversidade-lgbt-traz-diversidade-para-o-memorial-da-america-por-meio-de-numeros-musicais-de-danca-performances-de-drag-queens-e-muito-mais\/#primaryimage\"},\"thumbnailUrl\":\"https:\/\/www.guiaglbts.com.br\/blog\/wp-content\/uploads\/2024\/05\/MG_7747-300x200.jpg\",\"datePublished\":\"2024-05-23T15:16:07+00:00\",\"breadcrumb\":{\"@id\":\"https:\/\/www.guiaglbts.com.br\/blog\/programacao-artistica-da-23a-feira-cultural-da-diversidade-lgbt-traz-diversidade-para-o-memorial-da-america-por-meio-de-numeros-musicais-de-danca-performances-de-drag-queens-e-muito-mais\/#breadcrumb\"},\"inLanguage\":\"pt-BR\",\"potentialAction\":[{\"@type\":\"ReadAction\",\"target\":[\"https:\/\/www.guiaglbts.com.br\/blog\/programacao-artistica-da-23a-feira-cultural-da-diversidade-lgbt-traz-diversidade-para-o-memorial-da-america-por-meio-de-numeros-musicais-de-danca-performances-de-drag-queens-e-muito-mais\/\"]}]},{\"@type\":\"ImageObject\",\"inLanguage\":\"pt-BR\",\"@id\":\"https:\/\/www.guiaglbts.com.br\/blog\/programacao-artistica-da-23a-feira-cultural-da-diversidade-lgbt-traz-diversidade-para-o-memorial-da-america-por-meio-de-numeros-musicais-de-danca-performances-de-drag-queens-e-muito-mais\/#primaryimage\",\"url\":\"https:\/\/www.guiaglbts.com.br\/blog\/wp-content\/uploads\/2024\/05\/MG_7747-scaled.jpg\",\"contentUrl\":\"https:\/\/www.guiaglbts.com.br\/blog\/wp-content\/uploads\/2024\/05\/MG_7747-scaled.jpg\",\"width\":2560,\"height\":1707},{\"@type\":\"BreadcrumbList\",\"@id\":\"https:\/\/www.guiaglbts.com.br\/blog\/programacao-artistica-da-23a-feira-cultural-da-diversidade-lgbt-traz-diversidade-para-o-memorial-da-america-por-meio-de-numeros-musicais-de-danca-performances-de-drag-queens-e-muito-mais\/#breadcrumb\",\"itemListElement\":[{\"@type\":\"ListItem\",\"position\":1,\"name\":\"In\u00edcio\",\"item\":\"https:\/\/www.guiaglbts.com.br\/blog\/\"},{\"@type\":\"ListItem\",\"position\":2,\"name\":\"Programa\u00e7\u00e3o art\u00edstica da 23\u00aa Feira Cultural da Diversidade LGBT+ traz diversidade para o Memorial da Am\u00e9rica por meio de n\u00fameros musicais, de dan\u00e7a, performances de drag queens e muito mais\"}]},{\"@type\":\"WebSite\",\"@id\":\"https:\/\/www.guiaglbts.com.br\/blog\/#website\",\"url\":\"https:\/\/www.guiaglbts.com.br\/blog\/\",\"name\":\"Guia GLBTS\",\"description\":\"Guia da Nany People\",\"publisher\":{\"@id\":\"https:\/\/www.guiaglbts.com.br\/blog\/#organization\"},\"potentialAction\":[{\"@type\":\"SearchAction\",\"target\":{\"@type\":\"EntryPoint\",\"urlTemplate\":\"https:\/\/www.guiaglbts.com.br\/blog\/?s={search_term_string}\"},\"query-input\":{\"@type\":\"PropertyValueSpecification\",\"valueRequired\":true,\"valueName\":\"search_term_string\"}}],\"inLanguage\":\"pt-BR\"},{\"@type\":\"Organization\",\"@id\":\"https:\/\/www.guiaglbts.com.br\/blog\/#organization\",\"name\":\"Guia GLBTS\",\"url\":\"https:\/\/www.guiaglbts.com.br\/blog\/\",\"logo\":{\"@type\":\"ImageObject\",\"inLanguage\":\"pt-BR\",\"@id\":\"https:\/\/www.guiaglbts.com.br\/blog\/#\/schema\/logo\/image\/\",\"url\":\"https:\/\/www.guiaglbts.com.br\/blog\/wp-content\/uploads\/2025\/08\/logo_guia.png\",\"contentUrl\":\"https:\/\/www.guiaglbts.com.br\/blog\/wp-content\/uploads\/2025\/08\/logo_guia.png\",\"width\":310,\"height\":78,\"caption\":\"Guia GLBTS\"},\"image\":{\"@id\":\"https:\/\/www.guiaglbts.com.br\/blog\/#\/schema\/logo\/image\/\"},\"sameAs\":[\"https:\/\/www.facebook.com\/guialgbtsclassificados\",\"https:\/\/x.com\/GuiaLGBTS\",\"https:\/\/www.instagram.com\/guiadananypeople\/\",\"https:\/\/www.youtube.com\/user\/GuiaLGBTS\"]},{\"@type\":\"Person\",\"@id\":\"https:\/\/www.guiaglbts.com.br\/blog\/#\/schema\/person\/26d0c7f8b7991962d310475ce84fcd3e\",\"name\":\"Ellos Design\",\"image\":{\"@type\":\"ImageObject\",\"inLanguage\":\"pt-BR\",\"@id\":\"https:\/\/secure.gravatar.com\/avatar\/34b58000c3a22ae0b540f58577ea8359e60439a7b722b361769d039ac0bbf649?s=96&d=mm&r=g\",\"url\":\"https:\/\/secure.gravatar.com\/avatar\/34b58000c3a22ae0b540f58577ea8359e60439a7b722b361769d039ac0bbf649?s=96&d=mm&r=g\",\"contentUrl\":\"https:\/\/secure.gravatar.com\/avatar\/34b58000c3a22ae0b540f58577ea8359e60439a7b722b361769d039ac0bbf649?s=96&d=mm&r=g\",\"caption\":\"Ellos Design\"},\"sameAs\":[\"https:\/\/www.guiaglbts.com.br\"],\"url\":\"https:\/\/www.guiaglbts.com.br\/blog\/author\/ellos\/\"}]}<\/script>\n<!-- \/ Yoast SEO plugin. -->","yoast_head_json":{"title":"Programa\u00e7\u00e3o art\u00edstica da 23\u00aa Feira Cultural da Diversidade LGBT+ traz diversidade para o Memorial da Am\u00e9rica por meio de n\u00fameros musicais, de dan\u00e7a, performances de drag queens e muito mais - Guia GLBTS","robots":{"index":"index","follow":"follow","max-snippet":"max-snippet:-1","max-image-preview":"max-image-preview:large","max-video-preview":"max-video-preview:-1"},"canonical":"https:\/\/www.guiaglbts.com.br\/blog\/programacao-artistica-da-23a-feira-cultural-da-diversidade-lgbt-traz-diversidade-para-o-memorial-da-america-por-meio-de-numeros-musicais-de-danca-performances-de-drag-queens-e-muito-mais\/","og_locale":"pt_BR","og_type":"article","og_title":"Programa\u00e7\u00e3o art\u00edstica da 23\u00aa Feira Cultural da Diversidade LGBT+ traz diversidade para o Memorial da Am\u00e9rica por meio de n\u00fameros musicais, de dan\u00e7a, performances de drag queens e muito mais - Guia GLBTS","og_description":"A feira ser\u00e1 realizada no dia 30 de maio, no Memorial da Am\u00e9rica Latina, com entrada gratuita mediante pr\u00e9-cadastro na Sympla &nbsp; &nbsp; &nbsp; &nbsp; &nbsp; A ParadaSP &#8211; Associa\u00e7\u00e3o da Parada do Orgulho LGBT de S\u00e3o Paulo (APOLGBT-SP) tem o prazer de anunciar a programa\u00e7\u00e3o art\u00edstica da 23\u00aa edi\u00e7\u00e3o da Feira Cultural da Diversidade [&hellip;]","og_url":"https:\/\/www.guiaglbts.com.br\/blog\/programacao-artistica-da-23a-feira-cultural-da-diversidade-lgbt-traz-diversidade-para-o-memorial-da-america-por-meio-de-numeros-musicais-de-danca-performances-de-drag-queens-e-muito-mais\/","og_site_name":"Guia GLBTS","article_publisher":"https:\/\/www.facebook.com\/guialgbtsclassificados","article_published_time":"2024-05-23T15:16:07+00:00","og_image":[{"width":2560,"height":1707,"url":"https:\/\/www.guiaglbts.com.br\/blog\/wp-content\/uploads\/2024\/05\/MG_7747-scaled.jpg","type":"image\/jpeg"}],"author":"Ellos Design","twitter_card":"summary_large_image","twitter_creator":"@GuiaLGBTS","twitter_site":"@GuiaLGBTS","twitter_misc":{"Escrito por":"Ellos Design","Est. tempo de leitura":"6 minutos"},"schema":{"@context":"https:\/\/schema.org","@graph":[{"@type":"Article","@id":"https:\/\/www.guiaglbts.com.br\/blog\/programacao-artistica-da-23a-feira-cultural-da-diversidade-lgbt-traz-diversidade-para-o-memorial-da-america-por-meio-de-numeros-musicais-de-danca-performances-de-drag-queens-e-muito-mais\/#article","isPartOf":{"@id":"https:\/\/www.guiaglbts.com.br\/blog\/programacao-artistica-da-23a-feira-cultural-da-diversidade-lgbt-traz-diversidade-para-o-memorial-da-america-por-meio-de-numeros-musicais-de-danca-performances-de-drag-queens-e-muito-mais\/"},"author":{"name":"Ellos Design","@id":"https:\/\/www.guiaglbts.com.br\/blog\/#\/schema\/person\/26d0c7f8b7991962d310475ce84fcd3e"},"headline":"Programa\u00e7\u00e3o art\u00edstica da 23\u00aa Feira Cultural da Diversidade LGBT+ traz diversidade para o Memorial da Am\u00e9rica por meio de n\u00fameros musicais, de dan\u00e7a, performances de drag queens e muito mais","datePublished":"2024-05-23T15:16:07+00:00","mainEntityOfPage":{"@id":"https:\/\/www.guiaglbts.com.br\/blog\/programacao-artistica-da-23a-feira-cultural-da-diversidade-lgbt-traz-diversidade-para-o-memorial-da-america-por-meio-de-numeros-musicais-de-danca-performances-de-drag-queens-e-muito-mais\/"},"wordCount":1227,"commentCount":0,"publisher":{"@id":"https:\/\/www.guiaglbts.com.br\/blog\/#organization"},"image":{"@id":"https:\/\/www.guiaglbts.com.br\/blog\/programacao-artistica-da-23a-feira-cultural-da-diversidade-lgbt-traz-diversidade-para-o-memorial-da-america-por-meio-de-numeros-musicais-de-danca-performances-de-drag-queens-e-muito-mais\/#primaryimage"},"thumbnailUrl":"https:\/\/www.guiaglbts.com.br\/blog\/wp-content\/uploads\/2024\/05\/MG_7747-300x200.jpg","inLanguage":"pt-BR","potentialAction":[{"@type":"CommentAction","name":"Comment","target":["https:\/\/www.guiaglbts.com.br\/blog\/programacao-artistica-da-23a-feira-cultural-da-diversidade-lgbt-traz-diversidade-para-o-memorial-da-america-por-meio-de-numeros-musicais-de-danca-performances-de-drag-queens-e-muito-mais\/#respond"]}]},{"@type":"WebPage","@id":"https:\/\/www.guiaglbts.com.br\/blog\/programacao-artistica-da-23a-feira-cultural-da-diversidade-lgbt-traz-diversidade-para-o-memorial-da-america-por-meio-de-numeros-musicais-de-danca-performances-de-drag-queens-e-muito-mais\/","url":"https:\/\/www.guiaglbts.com.br\/blog\/programacao-artistica-da-23a-feira-cultural-da-diversidade-lgbt-traz-diversidade-para-o-memorial-da-america-por-meio-de-numeros-musicais-de-danca-performances-de-drag-queens-e-muito-mais\/","name":"Programa\u00e7\u00e3o art\u00edstica da 23\u00aa Feira Cultural da Diversidade LGBT+ traz diversidade para o Memorial da Am\u00e9rica por meio de n\u00fameros musicais, de dan\u00e7a, performances de drag queens e muito mais - Guia GLBTS","isPartOf":{"@id":"https:\/\/www.guiaglbts.com.br\/blog\/#website"},"primaryImageOfPage":{"@id":"https:\/\/www.guiaglbts.com.br\/blog\/programacao-artistica-da-23a-feira-cultural-da-diversidade-lgbt-traz-diversidade-para-o-memorial-da-america-por-meio-de-numeros-musicais-de-danca-performances-de-drag-queens-e-muito-mais\/#primaryimage"},"image":{"@id":"https:\/\/www.guiaglbts.com.br\/blog\/programacao-artistica-da-23a-feira-cultural-da-diversidade-lgbt-traz-diversidade-para-o-memorial-da-america-por-meio-de-numeros-musicais-de-danca-performances-de-drag-queens-e-muito-mais\/#primaryimage"},"thumbnailUrl":"https:\/\/www.guiaglbts.com.br\/blog\/wp-content\/uploads\/2024\/05\/MG_7747-300x200.jpg","datePublished":"2024-05-23T15:16:07+00:00","breadcrumb":{"@id":"https:\/\/www.guiaglbts.com.br\/blog\/programacao-artistica-da-23a-feira-cultural-da-diversidade-lgbt-traz-diversidade-para-o-memorial-da-america-por-meio-de-numeros-musicais-de-danca-performances-de-drag-queens-e-muito-mais\/#breadcrumb"},"inLanguage":"pt-BR","potentialAction":[{"@type":"ReadAction","target":["https:\/\/www.guiaglbts.com.br\/blog\/programacao-artistica-da-23a-feira-cultural-da-diversidade-lgbt-traz-diversidade-para-o-memorial-da-america-por-meio-de-numeros-musicais-de-danca-performances-de-drag-queens-e-muito-mais\/"]}]},{"@type":"ImageObject","inLanguage":"pt-BR","@id":"https:\/\/www.guiaglbts.com.br\/blog\/programacao-artistica-da-23a-feira-cultural-da-diversidade-lgbt-traz-diversidade-para-o-memorial-da-america-por-meio-de-numeros-musicais-de-danca-performances-de-drag-queens-e-muito-mais\/#primaryimage","url":"https:\/\/www.guiaglbts.com.br\/blog\/wp-content\/uploads\/2024\/05\/MG_7747-scaled.jpg","contentUrl":"https:\/\/www.guiaglbts.com.br\/blog\/wp-content\/uploads\/2024\/05\/MG_7747-scaled.jpg","width":2560,"height":1707},{"@type":"BreadcrumbList","@id":"https:\/\/www.guiaglbts.com.br\/blog\/programacao-artistica-da-23a-feira-cultural-da-diversidade-lgbt-traz-diversidade-para-o-memorial-da-america-por-meio-de-numeros-musicais-de-danca-performances-de-drag-queens-e-muito-mais\/#breadcrumb","itemListElement":[{"@type":"ListItem","position":1,"name":"In\u00edcio","item":"https:\/\/www.guiaglbts.com.br\/blog\/"},{"@type":"ListItem","position":2,"name":"Programa\u00e7\u00e3o art\u00edstica da 23\u00aa Feira Cultural da Diversidade LGBT+ traz diversidade para o Memorial da Am\u00e9rica por meio de n\u00fameros musicais, de dan\u00e7a, performances de drag queens e muito mais"}]},{"@type":"WebSite","@id":"https:\/\/www.guiaglbts.com.br\/blog\/#website","url":"https:\/\/www.guiaglbts.com.br\/blog\/","name":"Guia GLBTS","description":"Guia da Nany People","publisher":{"@id":"https:\/\/www.guiaglbts.com.br\/blog\/#organization"},"potentialAction":[{"@type":"SearchAction","target":{"@type":"EntryPoint","urlTemplate":"https:\/\/www.guiaglbts.com.br\/blog\/?s={search_term_string}"},"query-input":{"@type":"PropertyValueSpecification","valueRequired":true,"valueName":"search_term_string"}}],"inLanguage":"pt-BR"},{"@type":"Organization","@id":"https:\/\/www.guiaglbts.com.br\/blog\/#organization","name":"Guia GLBTS","url":"https:\/\/www.guiaglbts.com.br\/blog\/","logo":{"@type":"ImageObject","inLanguage":"pt-BR","@id":"https:\/\/www.guiaglbts.com.br\/blog\/#\/schema\/logo\/image\/","url":"https:\/\/www.guiaglbts.com.br\/blog\/wp-content\/uploads\/2025\/08\/logo_guia.png","contentUrl":"https:\/\/www.guiaglbts.com.br\/blog\/wp-content\/uploads\/2025\/08\/logo_guia.png","width":310,"height":78,"caption":"Guia GLBTS"},"image":{"@id":"https:\/\/www.guiaglbts.com.br\/blog\/#\/schema\/logo\/image\/"},"sameAs":["https:\/\/www.facebook.com\/guialgbtsclassificados","https:\/\/x.com\/GuiaLGBTS","https:\/\/www.instagram.com\/guiadananypeople\/","https:\/\/www.youtube.com\/user\/GuiaLGBTS"]},{"@type":"Person","@id":"https:\/\/www.guiaglbts.com.br\/blog\/#\/schema\/person\/26d0c7f8b7991962d310475ce84fcd3e","name":"Ellos Design","image":{"@type":"ImageObject","inLanguage":"pt-BR","@id":"https:\/\/secure.gravatar.com\/avatar\/34b58000c3a22ae0b540f58577ea8359e60439a7b722b361769d039ac0bbf649?s=96&d=mm&r=g","url":"https:\/\/secure.gravatar.com\/avatar\/34b58000c3a22ae0b540f58577ea8359e60439a7b722b361769d039ac0bbf649?s=96&d=mm&r=g","contentUrl":"https:\/\/secure.gravatar.com\/avatar\/34b58000c3a22ae0b540f58577ea8359e60439a7b722b361769d039ac0bbf649?s=96&d=mm&r=g","caption":"Ellos Design"},"sameAs":["https:\/\/www.guiaglbts.com.br"],"url":"https:\/\/www.guiaglbts.com.br\/blog\/author\/ellos\/"}]}},"_links":{"self":[{"href":"https:\/\/www.guiaglbts.com.br\/blog\/wp-json\/wp\/v2\/posts\/6565","targetHints":{"allow":["GET"]}}],"collection":[{"href":"https:\/\/www.guiaglbts.com.br\/blog\/wp-json\/wp\/v2\/posts"}],"about":[{"href":"https:\/\/www.guiaglbts.com.br\/blog\/wp-json\/wp\/v2\/types\/post"}],"author":[{"embeddable":true,"href":"https:\/\/www.guiaglbts.com.br\/blog\/wp-json\/wp\/v2\/users\/2"}],"replies":[{"embeddable":true,"href":"https:\/\/www.guiaglbts.com.br\/blog\/wp-json\/wp\/v2\/comments?post=6565"}],"version-history":[{"count":1,"href":"https:\/\/www.guiaglbts.com.br\/blog\/wp-json\/wp\/v2\/posts\/6565\/revisions"}],"predecessor-version":[{"id":6567,"href":"https:\/\/www.guiaglbts.com.br\/blog\/wp-json\/wp\/v2\/posts\/6565\/revisions\/6567"}],"wp:attachment":[{"href":"https:\/\/www.guiaglbts.com.br\/blog\/wp-json\/wp\/v2\/media?parent=6565"}],"wp:term":[{"taxonomy":"category","embeddable":true,"href":"https:\/\/www.guiaglbts.com.br\/blog\/wp-json\/wp\/v2\/categories?post=6565"},{"taxonomy":"post_tag","embeddable":true,"href":"https:\/\/www.guiaglbts.com.br\/blog\/wp-json\/wp\/v2\/tags?post=6565"}],"curies":[{"name":"wp","href":"https:\/\/api.w.org\/{rel}","templated":true}]}}