{"id":6561,"date":"2024-05-22T11:26:25","date_gmt":"2024-05-22T14:26:25","guid":{"rendered":"https:\/\/www.guiaglbts.com.br\/blog\/?p=6561"},"modified":"2024-05-22T11:26:25","modified_gmt":"2024-05-22T14:26:25","slug":"23a-feira-cultural-da-diversidade-lgbt-transforma-o-memorial-da-america-latina-em-um-espaco-de-celebracao-da-diversidade-do-empreendedorismo-e-da-cultura","status":"publish","type":"post","link":"https:\/\/www.guiaglbts.com.br\/blog\/23a-feira-cultural-da-diversidade-lgbt-transforma-o-memorial-da-america-latina-em-um-espaco-de-celebracao-da-diversidade-do-empreendedorismo-e-da-cultura\/","title":{"rendered":"23\u00aa Feira Cultural da Diversidade LGBT+ transforma o Memorial da Am\u00e9rica Latina em um espa\u00e7o de celebra\u00e7\u00e3o da diversidade, do empreendedorismo e da cultura"},"content":{"rendered":"<p><a href=\"https:\/\/www.guiaglbts.com.br\/blog\/wp-content\/uploads\/2024\/05\/Feira-da-Diversidade_PARADASP_page-0001-rotated.jpg\"><img fetchpriority=\"high\" decoding=\"async\" class=\"alignleft size-medium wp-image-6563\" src=\"https:\/\/www.guiaglbts.com.br\/blog\/wp-content\/uploads\/2024\/05\/Feira-da-Diversidade_PARADASP_page-0001-300x212.jpg\" alt=\"\" width=\"300\" height=\"212\" srcset=\"https:\/\/www.guiaglbts.com.br\/blog\/wp-content\/uploads\/2024\/05\/Feira-da-Diversidade_PARADASP_page-0001-300x212.jpg 300w, https:\/\/www.guiaglbts.com.br\/blog\/wp-content\/uploads\/2024\/05\/Feira-da-Diversidade_PARADASP_page-0001-rotated-600x424.jpg 600w, https:\/\/www.guiaglbts.com.br\/blog\/wp-content\/uploads\/2024\/05\/Feira-da-Diversidade_PARADASP_page-0001-1024x724.jpg 1024w, https:\/\/www.guiaglbts.com.br\/blog\/wp-content\/uploads\/2024\/05\/Feira-da-Diversidade_PARADASP_page-0001-768x543.jpg 768w, https:\/\/www.guiaglbts.com.br\/blog\/wp-content\/uploads\/2024\/05\/Feira-da-Diversidade_PARADASP_page-0001-1536x1085.jpg 1536w, https:\/\/www.guiaglbts.com.br\/blog\/wp-content\/uploads\/2024\/05\/Feira-da-Diversidade_PARADASP_page-0001-rotated.jpg 1755w\" sizes=\"(max-width: 300px) 100vw, 300px\" \/><\/a><\/p>\n<p>&nbsp;<\/p>\n<p>&nbsp;<\/p>\n<p>&nbsp;<\/p>\n<p>&nbsp;<\/p>\n<p>&nbsp;<\/p>\n<p><b>A Associa\u00e7\u00e3o da Parada do Orgulho LGBT de S\u00e3o Paulo <\/b><span style=\"font-weight: 400;\">(APOLGBT-SP) anuncia a <\/span><b>23\u00aa edi\u00e7\u00e3o da<\/b> <b>Feira Cultural da Diversidade LGBT+<\/b><span style=\"font-weight: 400;\">, que ser\u00e1 realizada no dia <\/span><b>30 de maio de 2024<\/b><span style=\"font-weight: 400;\">, quinta-feira, feriado de Corpus Christi, no <\/span><b>Memorial da Am\u00e9rica Latina<\/b><span style=\"font-weight: 400;\">, <\/span><span style=\"font-weight: 400;\">das 10h \u00e0s 21h<\/span><span style=\"font-weight: 400;\">. A entrada \u00e9 gratuita com pr\u00e9-cadastro na<\/span><a href=\"https:\/\/www.sympla.com.br\/evento\/23-feira-cultural-da-diversidade-lgbt\/2412027\"><span style=\"font-weight: 400;\"> Sympla.\u00a0<\/span><\/a><\/p>\n<p><span style=\"font-weight: 400;\">A Feira Cultural da Diversidade LGBT+ se consolida como um dos principais eventos da comunidade LGBT+ do Brasil, reunindo milhares de pessoas para celebrar a diversidade, o empreendedorismo e a cultura.<\/span><\/p>\n<p><span style=\"font-weight: 400;\">O evento oferece uma plataforma gratuita para empreendedores e artistas LGBT+ apresentarem seus produtos, servi\u00e7os e talentos para um p\u00fablico amplo e diversificado. O evento contar\u00e1 com mais de <\/span><b>200 expositores<\/b><span style=\"font-weight: 400;\">, al\u00e9m de apresenta\u00e7\u00f5es musicais, teatrais, de dan\u00e7a e diversas outras atividades culturais.<\/span><\/p>\n<p><span style=\"font-weight: 400;\">Entre os expositores, estar\u00e3o nomes como <\/span><b>ACRE<\/b><span style=\"font-weight: 400;\"> (roupas e acess\u00f3rios de moda autoral para os p\u00fablicos masculino, feminino e ag\u00eanero); <\/span><b>YAG SPA<\/b><span style=\"font-weight: 400;\"> (est\u00e9tica avan\u00e7ada); <\/span><b>IMP\u00c9RIOSEX<\/b><span style=\"font-weight: 400;\"> (sex shop); <\/span><b>ARDES ESTILO LIVRE<\/b><span style=\"font-weight: 400;\"> (moda masculina underwear e beachwear); <\/span><b>TWNT4<\/b><span style=\"font-weight: 400;\"> (camisetas oversized ag\u00eanero e produtos voltados ao p\u00fablico LGBT+); <\/span><b>SOU PRIDE<\/b><span style=\"font-weight: 400;\"> (regatas, camisetas, shorts, sungas, canecas, correntes, brincos e acess\u00f3rios em geral); <\/span><b>MELISSA MAURER<\/b><span style=\"font-weight: 400;\"> (fot\u00f3grafa de Alto Para\u00edso de Goi\u00e1s que vem mostrar seu trabalho autoral com personagens LGBT+); <\/span><b>CASA C\u00caNICA PRODUTORA CULTURAL<\/b><span style=\"font-weight: 400;\"> (informa\u00e7\u00f5es e roteiros tur\u00edsticos LGBT+); <\/span><b>DUQUE CASA DECORA\u00c7\u00c3O<\/b><span style=\"font-weight: 400;\"> (itens em tear, mantas, redes, almofadas, toalhas, jgs americanos, passadeiras, tapetes etc); <\/span><b>RAFAEL ANDRADE<\/b><span style=\"font-weight: 400;\"> (flash tattoo com tem\u00e1ticas do orgulho LGBT+); <\/span><b>PADME STORE<\/b><span style=\"font-weight: 400;\"> (\u00f3culos solares e arma\u00e7\u00f5es para grau para o p\u00fablico fashion e queer); <\/span><b>GERGELIM PRODU\u00c7\u00d5ES<\/b><span style=\"font-weight: 400;\"> (cart\u00f5es postais com fotografias autorais homoer\u00f3ticas e fotografias em grande formato emolduradas); <\/span><b>EDITORA CANDIDO<\/b><span style=\"font-weight: 400;\"> (organizadores da \u00e1rea da Flip para autores e livros com tem\u00e1tica LGBT+; <\/span><b>UNIVERSO ORACULAR<\/b><span style=\"font-weight: 400;\"> (leitura de or\u00e1culo e produtos esot\u00e9ricos); e <\/span><b>EDITORA ARDANE<\/b><span style=\"font-weight: 400;\"> (livros com foco em espiritualidade e magia).<\/span><\/p>\n<p><span style=\"font-weight: 400;\">A Feira ter\u00e1 ainda a presen\u00e7a de diversas ONGs e institui\u00e7\u00f5es, como o <\/span><b>Instituto Mais Diversidade<\/b><span style=\"font-weight: 400;\">, a<\/span><b> Comiss\u00e3o de Diversidade Sexual e de G\u00eanero da OAB SP<\/b><span style=\"font-weight: 400;\">, o<\/span><b> IBRAT<\/b><span style=\"font-weight: 400;\">, o<\/span><b> Centro Cultural da Diversidade<\/b><span style=\"font-weight: 400;\"> e o<\/span><b> Museu da Diversidade Sexual<\/b><span style=\"font-weight: 400;\">, entre outros. Al\u00e9m disso, diversos empreendedores e artistas LGBT+ ter\u00e3o a oportunidade de apresentar seus trabalhos e produtos, contribuindo para a diversidade e o fortalecimento da comunidade.<\/span><\/p>\n<p><a href=\"https:\/\/www.guiaglbts.com.br\/blog\/wp-content\/uploads\/2024\/05\/MG_7137-scaled.jpg\"><img decoding=\"async\" class=\"alignleft size-medium wp-image-6562\" src=\"https:\/\/www.guiaglbts.com.br\/blog\/wp-content\/uploads\/2024\/05\/MG_7137-300x200.jpg\" alt=\"\" width=\"300\" height=\"200\" srcset=\"https:\/\/www.guiaglbts.com.br\/blog\/wp-content\/uploads\/2024\/05\/MG_7137-300x200.jpg 300w, https:\/\/www.guiaglbts.com.br\/blog\/wp-content\/uploads\/2024\/05\/MG_7137-scaled-600x400.jpg 600w, https:\/\/www.guiaglbts.com.br\/blog\/wp-content\/uploads\/2024\/05\/MG_7137-1024x683.jpg 1024w, https:\/\/www.guiaglbts.com.br\/blog\/wp-content\/uploads\/2024\/05\/MG_7137-768x512.jpg 768w, https:\/\/www.guiaglbts.com.br\/blog\/wp-content\/uploads\/2024\/05\/MG_7137-1536x1024.jpg 1536w, https:\/\/www.guiaglbts.com.br\/blog\/wp-content\/uploads\/2024\/05\/MG_7137-2048x1365.jpg 2048w\" sizes=\"(max-width: 300px) 100vw, 300px\" \/><\/a><\/p>\n<p>&nbsp;<\/p>\n<p>&nbsp;<\/p>\n<p>&nbsp;<\/p>\n<p>&nbsp;<\/p>\n<p><b><br \/>\n<\/b><i><span style=\"font-weight: 400;\">Divulga\u00e7\u00e3o<\/span><\/i><\/p>\n<p><span style=\"font-weight: 400;\">O evento tamb\u00e9m se consagra como um espa\u00e7o para di\u00e1logo e reflex\u00e3o sobre temas relevantes para a comunidade LGBT+, como direitos humanos, diversidade sexual, g\u00eanero e identidade. Haver\u00e1 workshops, palestras e debates com especialistas e ativistas, al\u00e9m de atividades de conscientiza\u00e7\u00e3o e engajamento social.<\/span><\/p>\n<p><b>Hist\u00f3rico da Feira Cultural da Diversidade LGBT+<\/b><\/p>\n<p><span style=\"font-weight: 400;\">Em 2001, com o come\u00e7o da consolida\u00e7\u00e3o da Parada do Orgulho LGBT+ de S\u00e3o Paulo, houve a necessidade de criar um calend\u00e1rio oficial com mais eventos com participa\u00e7\u00e3o ativa da comunidade LGBT+. Inspirada na Castro Street Fair, de San Francisco, a Feira nasceu com o nome de Feira da Vieira no Largo do Arouche, lugar de maior visibilidade e acolhimento para a popula\u00e7\u00e3o LGBT+.\u00a0<\/span><\/p>\n<p><span style=\"font-weight: 400;\">A 1\u00b0 edi\u00e7\u00e3o contava com 15 tendas e, pela primeira vez, um palco na Av. Vieira de Carvalho com o Largo do Arouche foi destinado a artistas e talentos LGBT+ em in\u00edcio de carreira. Neste per\u00edodo, a Feira contou com v\u00e1rios apoiadores hist\u00f3ricos, como o estilista Wal\u00e9rio Ara\u00fajo, que fez a produ\u00e7\u00e3o do palco com dezenas de pe\u00e7as de chita; a ic\u00f4nica travesti Alma Smith e apresenta\u00e7\u00e3o da Silvetty Montilla, entre outras. De acordo com a Pol\u00edcia Militar, a feira recebeu um p\u00fablico estimado de 15 mil pessoas.<\/span><\/p>\n<p><span style=\"font-weight: 400;\">Devido ao seu crescimento e expans\u00e3o, houve a necessidade de transferi-la, depois de algumas edi\u00e7\u00f5es, para um espa\u00e7o maior. Dessa forma, a Feira ocorreu na Pra\u00e7a da Rep\u00fablica e no Vale do Anhangaba\u00fa. Foi em 2005 que, pela sua import\u00e2ncia e crescimento, ela passou a se chamar Feira Cultural da Diversidade LGBT+. Desde o ano passado, a feira \u00e9 realizada no Memorial da Am\u00e9rica Latina.<\/span><\/p>\n<p><span style=\"font-weight: 400;\">Patroc\u00ednio Master de Amstel<\/span><span style=\"font-weight: 400;\"><br \/>\n<\/span><span style=\"font-weight: 400;\">Patroc\u00ednio TERRA e VIVO<\/span><span style=\"font-weight: 400;\"><br \/>\n<\/span><span style=\"font-weight: 400;\">Copatroc\u00ednio L&#8217;Or\u00e9al Groupe<\/span><span style=\"font-weight: 400;\"><br \/>\n<\/span><span style=\"font-weight: 400;\">Apoio Amstel VIBES<\/span><span style=\"font-weight: 400;\"><br \/>\n<\/span><span style=\"font-weight: 400;\">Apoio Institucional Memorial da Am\u00e9rica Latina<\/span><\/p>\n<p><b>Servi\u00e7o:<\/b><b><br \/>\n<\/b><b>23\u00aa Feira Cultural da Diversidade LGBT+<\/b><span style=\"font-weight: 400;\"><br \/>\n<\/span><b>Data:<\/b><span style=\"font-weight: 400;\"> 30 de maio de 2024, quinta-feira, feriado de Corpus Christi, das 10h \u00e0s 21h <\/span><span style=\"font-weight: 400;\"><br \/>\n<\/span><b>Local:<\/b><span style=\"font-weight: 400;\"> Memorial da Am\u00e9rica Latina &#8211; Av. Auro Soares de Moura Andrade, 660 &#8211; Barra Funda, S\u00e3o Paulo &#8211; SP <\/span><span style=\"font-weight: 400;\"><br \/>\n<\/span><b>Entrada:<\/b> <a href=\"https:\/\/www.sympla.com.br\/evento\/23-feira-cultural-da-diversidade-lgbt\/2412027\"><b>Gratuita com pr\u00e9-cadastro online no link da Sympla<\/b><b><br \/>\n<\/b><\/a><b>Como chegar:<\/b><span style=\"font-weight: 400;\"> Metr\u00f4 Barra Funda (Linha Vermelha), t\u00e1xi, aplicativo, \u00f4nibus Terminal Barra Funda ou carro (estacionamento pago no local)<\/span><\/p>\n<p><span style=\"font-weight: 400;\">A 23\u00aa Feira Cultural da Diversidade LGBT+ \u00e9 uma realiza\u00e7\u00e3o da APOLGBT-SP, com o apoio do Governo do Estado de S\u00e3o Paulo, da Secretaria da Cultura, Economia e Ind\u00fastria Criativas e da Prefeitura da Cidade de S\u00e3o Paulo.<\/span><\/p>\n<p><span style=\"font-weight: 400;\">Informa\u00e7\u00f5es adicionais para Imprensa:<\/span><\/p>\n<p><b>Assessoria de Imprensa &#8211; Pevi 56<\/b><\/p>\n<p><span style=\"font-weight: 400;\">Diogo Locci &#8211; <\/span><a href=\"mailto:assessoria@pevi56.com\"><span style=\"font-weight: 400;\">assessoria@pevi56.com<\/span><\/a><span style=\"font-weight: 400;\"> | 11 9006 0642<\/span><\/p>\n<p><span style=\"font-weight: 400;\">Angelina Colicchio &#8211; <\/span><a href=\"mailto:angelina@pevi56.com\"><span style=\"font-weight: 400;\">angelina@pevi56.com<\/span><\/a><span style=\"font-weight: 400;\"> | 11 99299-2877<\/span><\/p>\n","protected":false},"excerpt":{"rendered":"<p>&nbsp; &nbsp; &nbsp; &nbsp; &nbsp; A Associa\u00e7\u00e3o da Parada do Orgulho LGBT de S\u00e3o Paulo (APOLGBT-SP) anuncia a 23\u00aa edi\u00e7\u00e3o da Feira Cultural da Diversidade LGBT+, que ser\u00e1 realizada no dia 30 de maio de 2024, quinta-feira, feriado de Corpus Christi, no Memorial da Am\u00e9rica Latina, das 10h \u00e0s 21h. A entrada \u00e9 gratuita com [&hellip;]<\/p>\n","protected":false},"author":2,"featured_media":0,"comment_status":"open","ping_status":"open","sticky":false,"template":"","format":"standard","meta":{"footnotes":""},"categories":[1],"tags":[],"class_list":["post-6561","post","type-post","status-publish","format-standard","hentry","category-sem-categoria"],"yoast_head":"<!-- This site is optimized with the Yoast SEO plugin v27.2 - https:\/\/yoast.com\/product\/yoast-seo-wordpress\/ -->\n<title>23\u00aa Feira Cultural da Diversidade LGBT+ transforma o Memorial da Am\u00e9rica Latina em um espa\u00e7o de celebra\u00e7\u00e3o da diversidade, do empreendedorismo e da cultura - Guia GLBTS<\/title>\n<meta name=\"robots\" content=\"index, follow, max-snippet:-1, max-image-preview:large, max-video-preview:-1\" \/>\n<link rel=\"canonical\" href=\"https:\/\/www.guiaglbts.com.br\/blog\/23a-feira-cultural-da-diversidade-lgbt-transforma-o-memorial-da-america-latina-em-um-espaco-de-celebracao-da-diversidade-do-empreendedorismo-e-da-cultura\/\" \/>\n<meta property=\"og:locale\" content=\"pt_BR\" \/>\n<meta property=\"og:type\" content=\"article\" \/>\n<meta property=\"og:title\" content=\"23\u00aa Feira Cultural da Diversidade LGBT+ transforma o Memorial da Am\u00e9rica Latina em um espa\u00e7o de celebra\u00e7\u00e3o da diversidade, do empreendedorismo e da cultura - Guia GLBTS\" \/>\n<meta property=\"og:description\" content=\"&nbsp; &nbsp; &nbsp; &nbsp; &nbsp; A Associa\u00e7\u00e3o da Parada do Orgulho LGBT de S\u00e3o Paulo (APOLGBT-SP) anuncia a 23\u00aa edi\u00e7\u00e3o da Feira Cultural da Diversidade LGBT+, que ser\u00e1 realizada no dia 30 de maio de 2024, quinta-feira, feriado de Corpus Christi, no Memorial da Am\u00e9rica Latina, das 10h \u00e0s 21h. A entrada \u00e9 gratuita com [&hellip;]\" \/>\n<meta property=\"og:url\" content=\"https:\/\/www.guiaglbts.com.br\/blog\/23a-feira-cultural-da-diversidade-lgbt-transforma-o-memorial-da-america-latina-em-um-espaco-de-celebracao-da-diversidade-do-empreendedorismo-e-da-cultura\/\" \/>\n<meta property=\"og:site_name\" content=\"Guia GLBTS\" \/>\n<meta property=\"article:publisher\" content=\"https:\/\/www.facebook.com\/guialgbtsclassificados\" \/>\n<meta property=\"article:published_time\" content=\"2024-05-22T14:26:25+00:00\" \/>\n<meta property=\"og:image\" content=\"https:\/\/www.guiaglbts.com.br\/blog\/wp-content\/uploads\/2024\/05\/Feira-da-Diversidade_PARADASP_page-0001-rotated.jpg\" \/>\n\t<meta property=\"og:image:width\" content=\"1755\" \/>\n\t<meta property=\"og:image:height\" content=\"1240\" \/>\n\t<meta property=\"og:image:type\" content=\"image\/jpeg\" \/>\n<meta name=\"author\" content=\"Ellos Design\" \/>\n<meta name=\"twitter:card\" content=\"summary_large_image\" \/>\n<meta name=\"twitter:creator\" content=\"@GuiaLGBTS\" \/>\n<meta name=\"twitter:site\" content=\"@GuiaLGBTS\" \/>\n<meta name=\"twitter:label1\" content=\"Escrito por\" \/>\n\t<meta name=\"twitter:data1\" content=\"Ellos Design\" \/>\n\t<meta name=\"twitter:label2\" content=\"Est. tempo de leitura\" \/>\n\t<meta name=\"twitter:data2\" content=\"4 minutos\" \/>\n<script type=\"application\/ld+json\" class=\"yoast-schema-graph\">{\"@context\":\"https:\/\/schema.org\",\"@graph\":[{\"@type\":\"Article\",\"@id\":\"https:\/\/www.guiaglbts.com.br\/blog\/23a-feira-cultural-da-diversidade-lgbt-transforma-o-memorial-da-america-latina-em-um-espaco-de-celebracao-da-diversidade-do-empreendedorismo-e-da-cultura\/#article\",\"isPartOf\":{\"@id\":\"https:\/\/www.guiaglbts.com.br\/blog\/23a-feira-cultural-da-diversidade-lgbt-transforma-o-memorial-da-america-latina-em-um-espaco-de-celebracao-da-diversidade-do-empreendedorismo-e-da-cultura\/\"},\"author\":{\"name\":\"Ellos Design\",\"@id\":\"https:\/\/www.guiaglbts.com.br\/blog\/#\/schema\/person\/26d0c7f8b7991962d310475ce84fcd3e\"},\"headline\":\"23\u00aa Feira Cultural da Diversidade LGBT+ transforma o Memorial da Am\u00e9rica Latina em um espa\u00e7o de celebra\u00e7\u00e3o da diversidade, do empreendedorismo e da cultura\",\"datePublished\":\"2024-05-22T14:26:25+00:00\",\"mainEntityOfPage\":{\"@id\":\"https:\/\/www.guiaglbts.com.br\/blog\/23a-feira-cultural-da-diversidade-lgbt-transforma-o-memorial-da-america-latina-em-um-espaco-de-celebracao-da-diversidade-do-empreendedorismo-e-da-cultura\/\"},\"wordCount\":891,\"commentCount\":0,\"publisher\":{\"@id\":\"https:\/\/www.guiaglbts.com.br\/blog\/#organization\"},\"image\":{\"@id\":\"https:\/\/www.guiaglbts.com.br\/blog\/23a-feira-cultural-da-diversidade-lgbt-transforma-o-memorial-da-america-latina-em-um-espaco-de-celebracao-da-diversidade-do-empreendedorismo-e-da-cultura\/#primaryimage\"},\"thumbnailUrl\":\"https:\/\/www.guiaglbts.com.br\/blog\/wp-content\/uploads\/2024\/05\/Feira-da-Diversidade_PARADASP_page-0001-300x212.jpg\",\"inLanguage\":\"pt-BR\",\"potentialAction\":[{\"@type\":\"CommentAction\",\"name\":\"Comment\",\"target\":[\"https:\/\/www.guiaglbts.com.br\/blog\/23a-feira-cultural-da-diversidade-lgbt-transforma-o-memorial-da-america-latina-em-um-espaco-de-celebracao-da-diversidade-do-empreendedorismo-e-da-cultura\/#respond\"]}]},{\"@type\":\"WebPage\",\"@id\":\"https:\/\/www.guiaglbts.com.br\/blog\/23a-feira-cultural-da-diversidade-lgbt-transforma-o-memorial-da-america-latina-em-um-espaco-de-celebracao-da-diversidade-do-empreendedorismo-e-da-cultura\/\",\"url\":\"https:\/\/www.guiaglbts.com.br\/blog\/23a-feira-cultural-da-diversidade-lgbt-transforma-o-memorial-da-america-latina-em-um-espaco-de-celebracao-da-diversidade-do-empreendedorismo-e-da-cultura\/\",\"name\":\"23\u00aa Feira Cultural da Diversidade LGBT+ transforma o Memorial da Am\u00e9rica Latina em um espa\u00e7o de celebra\u00e7\u00e3o da diversidade, do empreendedorismo e da cultura - Guia GLBTS\",\"isPartOf\":{\"@id\":\"https:\/\/www.guiaglbts.com.br\/blog\/#website\"},\"primaryImageOfPage\":{\"@id\":\"https:\/\/www.guiaglbts.com.br\/blog\/23a-feira-cultural-da-diversidade-lgbt-transforma-o-memorial-da-america-latina-em-um-espaco-de-celebracao-da-diversidade-do-empreendedorismo-e-da-cultura\/#primaryimage\"},\"image\":{\"@id\":\"https:\/\/www.guiaglbts.com.br\/blog\/23a-feira-cultural-da-diversidade-lgbt-transforma-o-memorial-da-america-latina-em-um-espaco-de-celebracao-da-diversidade-do-empreendedorismo-e-da-cultura\/#primaryimage\"},\"thumbnailUrl\":\"https:\/\/www.guiaglbts.com.br\/blog\/wp-content\/uploads\/2024\/05\/Feira-da-Diversidade_PARADASP_page-0001-300x212.jpg\",\"datePublished\":\"2024-05-22T14:26:25+00:00\",\"breadcrumb\":{\"@id\":\"https:\/\/www.guiaglbts.com.br\/blog\/23a-feira-cultural-da-diversidade-lgbt-transforma-o-memorial-da-america-latina-em-um-espaco-de-celebracao-da-diversidade-do-empreendedorismo-e-da-cultura\/#breadcrumb\"},\"inLanguage\":\"pt-BR\",\"potentialAction\":[{\"@type\":\"ReadAction\",\"target\":[\"https:\/\/www.guiaglbts.com.br\/blog\/23a-feira-cultural-da-diversidade-lgbt-transforma-o-memorial-da-america-latina-em-um-espaco-de-celebracao-da-diversidade-do-empreendedorismo-e-da-cultura\/\"]}]},{\"@type\":\"ImageObject\",\"inLanguage\":\"pt-BR\",\"@id\":\"https:\/\/www.guiaglbts.com.br\/blog\/23a-feira-cultural-da-diversidade-lgbt-transforma-o-memorial-da-america-latina-em-um-espaco-de-celebracao-da-diversidade-do-empreendedorismo-e-da-cultura\/#primaryimage\",\"url\":\"https:\/\/www.guiaglbts.com.br\/blog\/wp-content\/uploads\/2024\/05\/Feira-da-Diversidade_PARADASP_page-0001-rotated.jpg\",\"contentUrl\":\"https:\/\/www.guiaglbts.com.br\/blog\/wp-content\/uploads\/2024\/05\/Feira-da-Diversidade_PARADASP_page-0001-rotated.jpg\",\"width\":1755,\"height\":1240},{\"@type\":\"BreadcrumbList\",\"@id\":\"https:\/\/www.guiaglbts.com.br\/blog\/23a-feira-cultural-da-diversidade-lgbt-transforma-o-memorial-da-america-latina-em-um-espaco-de-celebracao-da-diversidade-do-empreendedorismo-e-da-cultura\/#breadcrumb\",\"itemListElement\":[{\"@type\":\"ListItem\",\"position\":1,\"name\":\"In\u00edcio\",\"item\":\"https:\/\/www.guiaglbts.com.br\/blog\/\"},{\"@type\":\"ListItem\",\"position\":2,\"name\":\"23\u00aa Feira Cultural da Diversidade LGBT+ transforma o Memorial da Am\u00e9rica Latina em um espa\u00e7o de celebra\u00e7\u00e3o da diversidade, do empreendedorismo e da cultura\"}]},{\"@type\":\"WebSite\",\"@id\":\"https:\/\/www.guiaglbts.com.br\/blog\/#website\",\"url\":\"https:\/\/www.guiaglbts.com.br\/blog\/\",\"name\":\"Guia GLBTS\",\"description\":\"Guia da Nany People\",\"publisher\":{\"@id\":\"https:\/\/www.guiaglbts.com.br\/blog\/#organization\"},\"potentialAction\":[{\"@type\":\"SearchAction\",\"target\":{\"@type\":\"EntryPoint\",\"urlTemplate\":\"https:\/\/www.guiaglbts.com.br\/blog\/?s={search_term_string}\"},\"query-input\":{\"@type\":\"PropertyValueSpecification\",\"valueRequired\":true,\"valueName\":\"search_term_string\"}}],\"inLanguage\":\"pt-BR\"},{\"@type\":\"Organization\",\"@id\":\"https:\/\/www.guiaglbts.com.br\/blog\/#organization\",\"name\":\"Guia GLBTS\",\"url\":\"https:\/\/www.guiaglbts.com.br\/blog\/\",\"logo\":{\"@type\":\"ImageObject\",\"inLanguage\":\"pt-BR\",\"@id\":\"https:\/\/www.guiaglbts.com.br\/blog\/#\/schema\/logo\/image\/\",\"url\":\"https:\/\/www.guiaglbts.com.br\/blog\/wp-content\/uploads\/2025\/08\/logo_guia.png\",\"contentUrl\":\"https:\/\/www.guiaglbts.com.br\/blog\/wp-content\/uploads\/2025\/08\/logo_guia.png\",\"width\":310,\"height\":78,\"caption\":\"Guia GLBTS\"},\"image\":{\"@id\":\"https:\/\/www.guiaglbts.com.br\/blog\/#\/schema\/logo\/image\/\"},\"sameAs\":[\"https:\/\/www.facebook.com\/guialgbtsclassificados\",\"https:\/\/x.com\/GuiaLGBTS\",\"https:\/\/www.instagram.com\/guiadananypeople\/\",\"https:\/\/www.youtube.com\/user\/GuiaLGBTS\"]},{\"@type\":\"Person\",\"@id\":\"https:\/\/www.guiaglbts.com.br\/blog\/#\/schema\/person\/26d0c7f8b7991962d310475ce84fcd3e\",\"name\":\"Ellos Design\",\"image\":{\"@type\":\"ImageObject\",\"inLanguage\":\"pt-BR\",\"@id\":\"https:\/\/secure.gravatar.com\/avatar\/34b58000c3a22ae0b540f58577ea8359e60439a7b722b361769d039ac0bbf649?s=96&d=mm&r=g\",\"url\":\"https:\/\/secure.gravatar.com\/avatar\/34b58000c3a22ae0b540f58577ea8359e60439a7b722b361769d039ac0bbf649?s=96&d=mm&r=g\",\"contentUrl\":\"https:\/\/secure.gravatar.com\/avatar\/34b58000c3a22ae0b540f58577ea8359e60439a7b722b361769d039ac0bbf649?s=96&d=mm&r=g\",\"caption\":\"Ellos Design\"},\"sameAs\":[\"https:\/\/www.guiaglbts.com.br\"],\"url\":\"https:\/\/www.guiaglbts.com.br\/blog\/author\/ellos\/\"}]}<\/script>\n<!-- \/ Yoast SEO plugin. -->","yoast_head_json":{"title":"23\u00aa Feira Cultural da Diversidade LGBT+ transforma o Memorial da Am\u00e9rica Latina em um espa\u00e7o de celebra\u00e7\u00e3o da diversidade, do empreendedorismo e da cultura - Guia GLBTS","robots":{"index":"index","follow":"follow","max-snippet":"max-snippet:-1","max-image-preview":"max-image-preview:large","max-video-preview":"max-video-preview:-1"},"canonical":"https:\/\/www.guiaglbts.com.br\/blog\/23a-feira-cultural-da-diversidade-lgbt-transforma-o-memorial-da-america-latina-em-um-espaco-de-celebracao-da-diversidade-do-empreendedorismo-e-da-cultura\/","og_locale":"pt_BR","og_type":"article","og_title":"23\u00aa Feira Cultural da Diversidade LGBT+ transforma o Memorial da Am\u00e9rica Latina em um espa\u00e7o de celebra\u00e7\u00e3o da diversidade, do empreendedorismo e da cultura - Guia GLBTS","og_description":"&nbsp; &nbsp; &nbsp; &nbsp; &nbsp; A Associa\u00e7\u00e3o da Parada do Orgulho LGBT de S\u00e3o Paulo (APOLGBT-SP) anuncia a 23\u00aa edi\u00e7\u00e3o da Feira Cultural da Diversidade LGBT+, que ser\u00e1 realizada no dia 30 de maio de 2024, quinta-feira, feriado de Corpus Christi, no Memorial da Am\u00e9rica Latina, das 10h \u00e0s 21h. A entrada \u00e9 gratuita com [&hellip;]","og_url":"https:\/\/www.guiaglbts.com.br\/blog\/23a-feira-cultural-da-diversidade-lgbt-transforma-o-memorial-da-america-latina-em-um-espaco-de-celebracao-da-diversidade-do-empreendedorismo-e-da-cultura\/","og_site_name":"Guia GLBTS","article_publisher":"https:\/\/www.facebook.com\/guialgbtsclassificados","article_published_time":"2024-05-22T14:26:25+00:00","og_image":[{"width":1755,"height":1240,"url":"https:\/\/www.guiaglbts.com.br\/blog\/wp-content\/uploads\/2024\/05\/Feira-da-Diversidade_PARADASP_page-0001-rotated.jpg","type":"image\/jpeg"}],"author":"Ellos Design","twitter_card":"summary_large_image","twitter_creator":"@GuiaLGBTS","twitter_site":"@GuiaLGBTS","twitter_misc":{"Escrito por":"Ellos Design","Est. tempo de leitura":"4 minutos"},"schema":{"@context":"https:\/\/schema.org","@graph":[{"@type":"Article","@id":"https:\/\/www.guiaglbts.com.br\/blog\/23a-feira-cultural-da-diversidade-lgbt-transforma-o-memorial-da-america-latina-em-um-espaco-de-celebracao-da-diversidade-do-empreendedorismo-e-da-cultura\/#article","isPartOf":{"@id":"https:\/\/www.guiaglbts.com.br\/blog\/23a-feira-cultural-da-diversidade-lgbt-transforma-o-memorial-da-america-latina-em-um-espaco-de-celebracao-da-diversidade-do-empreendedorismo-e-da-cultura\/"},"author":{"name":"Ellos Design","@id":"https:\/\/www.guiaglbts.com.br\/blog\/#\/schema\/person\/26d0c7f8b7991962d310475ce84fcd3e"},"headline":"23\u00aa Feira Cultural da Diversidade LGBT+ transforma o Memorial da Am\u00e9rica Latina em um espa\u00e7o de celebra\u00e7\u00e3o da diversidade, do empreendedorismo e da cultura","datePublished":"2024-05-22T14:26:25+00:00","mainEntityOfPage":{"@id":"https:\/\/www.guiaglbts.com.br\/blog\/23a-feira-cultural-da-diversidade-lgbt-transforma-o-memorial-da-america-latina-em-um-espaco-de-celebracao-da-diversidade-do-empreendedorismo-e-da-cultura\/"},"wordCount":891,"commentCount":0,"publisher":{"@id":"https:\/\/www.guiaglbts.com.br\/blog\/#organization"},"image":{"@id":"https:\/\/www.guiaglbts.com.br\/blog\/23a-feira-cultural-da-diversidade-lgbt-transforma-o-memorial-da-america-latina-em-um-espaco-de-celebracao-da-diversidade-do-empreendedorismo-e-da-cultura\/#primaryimage"},"thumbnailUrl":"https:\/\/www.guiaglbts.com.br\/blog\/wp-content\/uploads\/2024\/05\/Feira-da-Diversidade_PARADASP_page-0001-300x212.jpg","inLanguage":"pt-BR","potentialAction":[{"@type":"CommentAction","name":"Comment","target":["https:\/\/www.guiaglbts.com.br\/blog\/23a-feira-cultural-da-diversidade-lgbt-transforma-o-memorial-da-america-latina-em-um-espaco-de-celebracao-da-diversidade-do-empreendedorismo-e-da-cultura\/#respond"]}]},{"@type":"WebPage","@id":"https:\/\/www.guiaglbts.com.br\/blog\/23a-feira-cultural-da-diversidade-lgbt-transforma-o-memorial-da-america-latina-em-um-espaco-de-celebracao-da-diversidade-do-empreendedorismo-e-da-cultura\/","url":"https:\/\/www.guiaglbts.com.br\/blog\/23a-feira-cultural-da-diversidade-lgbt-transforma-o-memorial-da-america-latina-em-um-espaco-de-celebracao-da-diversidade-do-empreendedorismo-e-da-cultura\/","name":"23\u00aa Feira Cultural da Diversidade LGBT+ transforma o Memorial da Am\u00e9rica Latina em um espa\u00e7o de celebra\u00e7\u00e3o da diversidade, do empreendedorismo e da cultura - Guia GLBTS","isPartOf":{"@id":"https:\/\/www.guiaglbts.com.br\/blog\/#website"},"primaryImageOfPage":{"@id":"https:\/\/www.guiaglbts.com.br\/blog\/23a-feira-cultural-da-diversidade-lgbt-transforma-o-memorial-da-america-latina-em-um-espaco-de-celebracao-da-diversidade-do-empreendedorismo-e-da-cultura\/#primaryimage"},"image":{"@id":"https:\/\/www.guiaglbts.com.br\/blog\/23a-feira-cultural-da-diversidade-lgbt-transforma-o-memorial-da-america-latina-em-um-espaco-de-celebracao-da-diversidade-do-empreendedorismo-e-da-cultura\/#primaryimage"},"thumbnailUrl":"https:\/\/www.guiaglbts.com.br\/blog\/wp-content\/uploads\/2024\/05\/Feira-da-Diversidade_PARADASP_page-0001-300x212.jpg","datePublished":"2024-05-22T14:26:25+00:00","breadcrumb":{"@id":"https:\/\/www.guiaglbts.com.br\/blog\/23a-feira-cultural-da-diversidade-lgbt-transforma-o-memorial-da-america-latina-em-um-espaco-de-celebracao-da-diversidade-do-empreendedorismo-e-da-cultura\/#breadcrumb"},"inLanguage":"pt-BR","potentialAction":[{"@type":"ReadAction","target":["https:\/\/www.guiaglbts.com.br\/blog\/23a-feira-cultural-da-diversidade-lgbt-transforma-o-memorial-da-america-latina-em-um-espaco-de-celebracao-da-diversidade-do-empreendedorismo-e-da-cultura\/"]}]},{"@type":"ImageObject","inLanguage":"pt-BR","@id":"https:\/\/www.guiaglbts.com.br\/blog\/23a-feira-cultural-da-diversidade-lgbt-transforma-o-memorial-da-america-latina-em-um-espaco-de-celebracao-da-diversidade-do-empreendedorismo-e-da-cultura\/#primaryimage","url":"https:\/\/www.guiaglbts.com.br\/blog\/wp-content\/uploads\/2024\/05\/Feira-da-Diversidade_PARADASP_page-0001-rotated.jpg","contentUrl":"https:\/\/www.guiaglbts.com.br\/blog\/wp-content\/uploads\/2024\/05\/Feira-da-Diversidade_PARADASP_page-0001-rotated.jpg","width":1755,"height":1240},{"@type":"BreadcrumbList","@id":"https:\/\/www.guiaglbts.com.br\/blog\/23a-feira-cultural-da-diversidade-lgbt-transforma-o-memorial-da-america-latina-em-um-espaco-de-celebracao-da-diversidade-do-empreendedorismo-e-da-cultura\/#breadcrumb","itemListElement":[{"@type":"ListItem","position":1,"name":"In\u00edcio","item":"https:\/\/www.guiaglbts.com.br\/blog\/"},{"@type":"ListItem","position":2,"name":"23\u00aa Feira Cultural da Diversidade LGBT+ transforma o Memorial da Am\u00e9rica Latina em um espa\u00e7o de celebra\u00e7\u00e3o da diversidade, do empreendedorismo e da cultura"}]},{"@type":"WebSite","@id":"https:\/\/www.guiaglbts.com.br\/blog\/#website","url":"https:\/\/www.guiaglbts.com.br\/blog\/","name":"Guia GLBTS","description":"Guia da Nany People","publisher":{"@id":"https:\/\/www.guiaglbts.com.br\/blog\/#organization"},"potentialAction":[{"@type":"SearchAction","target":{"@type":"EntryPoint","urlTemplate":"https:\/\/www.guiaglbts.com.br\/blog\/?s={search_term_string}"},"query-input":{"@type":"PropertyValueSpecification","valueRequired":true,"valueName":"search_term_string"}}],"inLanguage":"pt-BR"},{"@type":"Organization","@id":"https:\/\/www.guiaglbts.com.br\/blog\/#organization","name":"Guia GLBTS","url":"https:\/\/www.guiaglbts.com.br\/blog\/","logo":{"@type":"ImageObject","inLanguage":"pt-BR","@id":"https:\/\/www.guiaglbts.com.br\/blog\/#\/schema\/logo\/image\/","url":"https:\/\/www.guiaglbts.com.br\/blog\/wp-content\/uploads\/2025\/08\/logo_guia.png","contentUrl":"https:\/\/www.guiaglbts.com.br\/blog\/wp-content\/uploads\/2025\/08\/logo_guia.png","width":310,"height":78,"caption":"Guia GLBTS"},"image":{"@id":"https:\/\/www.guiaglbts.com.br\/blog\/#\/schema\/logo\/image\/"},"sameAs":["https:\/\/www.facebook.com\/guialgbtsclassificados","https:\/\/x.com\/GuiaLGBTS","https:\/\/www.instagram.com\/guiadananypeople\/","https:\/\/www.youtube.com\/user\/GuiaLGBTS"]},{"@type":"Person","@id":"https:\/\/www.guiaglbts.com.br\/blog\/#\/schema\/person\/26d0c7f8b7991962d310475ce84fcd3e","name":"Ellos Design","image":{"@type":"ImageObject","inLanguage":"pt-BR","@id":"https:\/\/secure.gravatar.com\/avatar\/34b58000c3a22ae0b540f58577ea8359e60439a7b722b361769d039ac0bbf649?s=96&d=mm&r=g","url":"https:\/\/secure.gravatar.com\/avatar\/34b58000c3a22ae0b540f58577ea8359e60439a7b722b361769d039ac0bbf649?s=96&d=mm&r=g","contentUrl":"https:\/\/secure.gravatar.com\/avatar\/34b58000c3a22ae0b540f58577ea8359e60439a7b722b361769d039ac0bbf649?s=96&d=mm&r=g","caption":"Ellos Design"},"sameAs":["https:\/\/www.guiaglbts.com.br"],"url":"https:\/\/www.guiaglbts.com.br\/blog\/author\/ellos\/"}]}},"_links":{"self":[{"href":"https:\/\/www.guiaglbts.com.br\/blog\/wp-json\/wp\/v2\/posts\/6561","targetHints":{"allow":["GET"]}}],"collection":[{"href":"https:\/\/www.guiaglbts.com.br\/blog\/wp-json\/wp\/v2\/posts"}],"about":[{"href":"https:\/\/www.guiaglbts.com.br\/blog\/wp-json\/wp\/v2\/types\/post"}],"author":[{"embeddable":true,"href":"https:\/\/www.guiaglbts.com.br\/blog\/wp-json\/wp\/v2\/users\/2"}],"replies":[{"embeddable":true,"href":"https:\/\/www.guiaglbts.com.br\/blog\/wp-json\/wp\/v2\/comments?post=6561"}],"version-history":[{"count":1,"href":"https:\/\/www.guiaglbts.com.br\/blog\/wp-json\/wp\/v2\/posts\/6561\/revisions"}],"predecessor-version":[{"id":6564,"href":"https:\/\/www.guiaglbts.com.br\/blog\/wp-json\/wp\/v2\/posts\/6561\/revisions\/6564"}],"wp:attachment":[{"href":"https:\/\/www.guiaglbts.com.br\/blog\/wp-json\/wp\/v2\/media?parent=6561"}],"wp:term":[{"taxonomy":"category","embeddable":true,"href":"https:\/\/www.guiaglbts.com.br\/blog\/wp-json\/wp\/v2\/categories?post=6561"},{"taxonomy":"post_tag","embeddable":true,"href":"https:\/\/www.guiaglbts.com.br\/blog\/wp-json\/wp\/v2\/tags?post=6561"}],"curies":[{"name":"wp","href":"https:\/\/api.w.org\/{rel}","templated":true}]}}