{"id":6558,"date":"2024-05-22T10:54:21","date_gmt":"2024-05-22T13:54:21","guid":{"rendered":"https:\/\/www.guiaglbts.com.br\/blog\/?p=6558"},"modified":"2024-05-22T10:54:21","modified_gmt":"2024-05-22T13:54:21","slug":"23a-feira-cultural-da-diversidade-lgbt-apresenta-espaco-vr-com-experiencias-de-realidade-virtual-de-tematicas-lgbt","status":"publish","type":"post","link":"https:\/\/www.guiaglbts.com.br\/blog\/23a-feira-cultural-da-diversidade-lgbt-apresenta-espaco-vr-com-experiencias-de-realidade-virtual-de-tematicas-lgbt\/","title":{"rendered":"23\u00aa Feira Cultural da Diversidade LGBT+ apresenta Espa\u00e7o VR com experi\u00eancias de Realidade Virtual de tem\u00e1ticas LGBT+"},"content":{"rendered":"<p><span style=\"font-weight: 400;\">A <\/span><b>23\u00aa edi\u00e7\u00e3o da Feira da Diversidade<\/b><span style=\"font-weight: 400;\"> (<\/span><span style=\"font-weight: 400;\">30 de maio,<\/span><span style=\"font-weight: 400;\"> no <\/span><b>Memorial da Am\u00e9rica Latina<\/b><span style=\"font-weight: 400;\">) traz uma novidade aos visitantes: um espa\u00e7o imersivo de <\/span><b>Realidade Virtual (VR)<\/b><span style=\"font-weight: 400;\"> com tr\u00eas experi\u00eancias de tem\u00e1ticas LGBT+. O local fica ativo <\/span><span style=\"font-weight: 400;\">das 12h \u00e0s 18h e a entrada \u00e9 gratuita,<\/span><span style=\"font-weight: 400;\"> mediante pr\u00e9-cadastro na plataforma <\/span><a href=\"https:\/\/www.sympla.com.br\/evento\/23-feira-cultural-da-diversidade-lgbt\/2412027?referrer=www.google.com\"><span style=\"font-weight: 400;\">Sympla.<\/span><\/a><\/p>\n<p><span style=\"font-weight: 400;\">Uma das atra\u00e7\u00f5es \u00e9 <\/span><b>&#8220;H\u00edbrido&#8221;<\/b><span style=\"font-weight: 400;\">, dirigida por <\/span><b>Robson Catalunha<\/b><span style=\"font-weight: 400;\">. A experi\u00eancia explora a metamorfose de humanos em plantas, inspirada nos retratos humanos-bot\u00e2nicos do fot\u00f3grafo franc\u00eas Cal Redbeck. Os participantes s\u00e3o levados a uma jornada transhumanista onde os limites entre o org\u00e2nico e o artificial se fundem de maneira extraordin\u00e1ria, oferecendo uma vis\u00e3o \u00fanica e inovadora sobre a rela\u00e7\u00e3o entre humanidade e natureza.<\/span><\/p>\n<p><span style=\"font-weight: 400;\">Outra experi\u00eancia imersiva \u00e9 <\/span><b>&#8220;Labirinto Feminino&#8221;<\/b><span style=\"font-weight: 400;\">, que apresenta a hist\u00f3ria de duas mulheres, uma cis e uma trans, que est\u00e3o prestes a se casar. Com atua\u00e7\u00f5es de<\/span><b> Wallie Ruy, Gabriela Gama<\/b><span style=\"font-weight: 400;\"> e<\/span><b> Shirtes Filho,<\/b><span style=\"font-weight: 400;\"> a narrativa revela as complexidades dos relacionamentos e das identidades, escondidas sob uma aparente felicidade. A trama exp\u00f5e uma realidade sombria e emocionante, proporcionando uma reflex\u00e3o profunda sobre as viv\u00eancias femininas no contexto LGBT+.<\/span><\/p>\n<p><span style=\"font-weight: 400;\">Por fim, <\/span><b>&#8220;Queer Utopia: Act I \u2013 Cruising<\/b><span style=\"font-weight: 400;\">&#8220;, dirigida por<\/span><b> Lui Avallos<\/b><span style=\"font-weight: 400;\">, convida o p\u00fablico a testemunhar as mem\u00f3rias mais \u00edntimas e contradit\u00f3rias de homens gays com mais de 60 anos. Esta experi\u00eancia, premiada nos festivais de Veneza e MixBrasil, \u00e9 um ensaio intergeracional sobre a luta pelos direitos LGBT+. Ao mergulhar no passado, o filme reimagina uma vis\u00e3o ut\u00f3pica do futuro, propondo uma reflex\u00e3o sobre a trajet\u00f3ria e os desafios enfrentados pela comunidade ao longo das d\u00e9cadas.<\/span><\/p>\n<p><b>Hist\u00f3rico da Feira Cultural da Diversidade LGBT+<\/b><\/p>\n<p><span style=\"font-weight: 400;\">Em 2001, com o come\u00e7o da consolida\u00e7\u00e3o da Parada do Orgulho LGBT+ de S\u00e3o Paulo, houve a necessidade de criar um calend\u00e1rio oficial com mais eventos com participa\u00e7\u00e3o ativa da comunidade LGBT+. Inspirada na Castro Street Fair, de San Francisco, a Feira nasceu com o nome de Feira da Vieira no Largo do Arouche, lugar de maior visibilidade e acolhimento para a popula\u00e7\u00e3o LGBT+.\u00a0<\/span><\/p>\n<p><span style=\"font-weight: 400;\">A 1\u00b0 edi\u00e7\u00e3o contava com 15 tendas e, pela primeira vez, um palco na Av. Vieira de Carvalho com o Largo do Arouche foi destinado a artistas e talentos LGBT+ em in\u00edcio de carreira. Neste per\u00edodo, a Feira contou com v\u00e1rios apoiadores hist\u00f3ricos, como o estilista Wal\u00e9rio Ara\u00fajo, que fez a produ\u00e7\u00e3o do palco com dezenas de pe\u00e7as de chita; a ic\u00f4nica travesti Alma Smith e apresenta\u00e7\u00e3o da Silvetty Montilla, entre outras. De acordo com a Pol\u00edcia Militar, a feira recebeu um p\u00fablico estimado de 15 mil pessoas.<\/span><\/p>\n<p><span style=\"font-weight: 400;\">Devido ao seu crescimento e expans\u00e3o, houve a necessidade de transferi-la, depois de algumas edi\u00e7\u00f5es, para um espa\u00e7o maior. Dessa forma, a Feira ocorreu na Pra\u00e7a da Rep\u00fablica e no Vale do Anhangaba\u00fa. Foi em 2005 que, pela sua import\u00e2ncia e crescimento, ela passou a se chamar Feira Cultural da Diversidade LGBT+. Desde o ano passado, a feira \u00e9 realizada no Memorial da Am\u00e9rica Latina.<\/span><\/p>\n<p><span style=\"font-weight: 400;\">Patroc\u00ednio Master de Amstel<\/span><span style=\"font-weight: 400;\"><br \/>\n<\/span><span style=\"font-weight: 400;\">Patroc\u00ednio TERRA e VIVO<\/span><span style=\"font-weight: 400;\"><br \/>\n<\/span><span style=\"font-weight: 400;\">Copatroc\u00ednio L&#8217;Or\u00e9al Groupe<\/span><span style=\"font-weight: 400;\"><br \/>\n<\/span><span style=\"font-weight: 400;\">Apoio Amstel VIBES<\/span><span style=\"font-weight: 400;\"><br \/>\n<\/span><span style=\"font-weight: 400;\">Apoio Institucional Memorial da Am\u00e9rica Latina<\/span><\/p>\n<p><b>Servi\u00e7o:<\/b><b><br \/>\n<\/b><b>23\u00aa Feira Cultural da Diversidade LGBT+<\/b><span style=\"font-weight: 400;\"><br \/>\n<\/span><b>Data:<\/b><span style=\"font-weight: 400;\"> 30 de maio de 2024, quinta-feira, feriado de Corpus Christi, das 10h \u00e0s 21h <\/span><span style=\"font-weight: 400;\"><br \/>\n<\/span><b>Local:<\/b><span style=\"font-weight: 400;\"> Memorial da Am\u00e9rica Latina &#8211; Av. Auro Soares de Moura Andrade, 660 &#8211; Barra Funda, S\u00e3o Paulo &#8211; SP <\/span><span style=\"font-weight: 400;\"><br \/>\n<\/span><b>Entrada:<\/b> <a href=\"https:\/\/www.sympla.com.br\/evento\/23-feira-cultural-da-diversidade-lgbt\/2412027\"><b>Gratuita com pr\u00e9-cadastro online no link da Sympla<\/b><\/a><\/p>\n<p><b><\/b><b>Como chegar:<\/b><span style=\"font-weight: 400;\"> Metr\u00f4 Barra Funda (Linha Vermelha), t\u00e1xi, aplicativo, \u00f4nibus Terminal Barra Funda ou carro (estacionamento pago no local)<\/span><\/p>\n<p><span style=\"font-weight: 400;\">A 23\u00aa Feira Cultural da Diversidade LGBT+ \u00e9 uma realiza\u00e7\u00e3o da APOLGBT-SP, com o apoio do Governo do Estado de S\u00e3o Paulo, da Secretaria da Cultura, Economia e Ind\u00fastria Criativas e da Prefeitura da Cidade de S\u00e3o Paulo.<\/span><\/p>\n<p><span style=\"font-weight: 400;\">Informa\u00e7\u00f5es adicionais para Imprensa:<\/span><\/p>\n<p><b>Assessoria de Imprensa &#8211; Pevi 56<\/b><\/p>\n<p><span style=\"font-weight: 400;\">Diogo Locci &#8211; <\/span><a href=\"mailto:assessoria@pevi56.com\"><span style=\"font-weight: 400;\">assessoria@pevi56.com<\/span><\/a><span style=\"font-weight: 400;\"> | 11 9006 0642<\/span><\/p>\n<p><span style=\"font-weight: 400;\">Angelina Colicchio &#8211; <\/span><a href=\"mailto:angelina@pevi56.com\"><span style=\"font-weight: 400;\">angelina@pevi56.com<\/span><\/a><span style=\"font-weight: 400;\"> | 11 99299-2877<\/span><\/p>\n<p><i><span style=\"font-weight: 400;\">Cr\u00e9dito: Divulga\u00e7\u00e3o\u00a0<\/span><\/i><br \/>\n<a href=\"https:\/\/www.guiaglbts.com.br\/blog\/wp-content\/uploads\/2024\/05\/Fotos-Inteligencia-Artificial-.jpeg\"><img fetchpriority=\"high\" decoding=\"async\" class=\"alignleft size-medium wp-image-6559\" src=\"https:\/\/www.guiaglbts.com.br\/blog\/wp-content\/uploads\/2024\/05\/Fotos-Inteligencia-Artificial--300x200.jpeg\" alt=\"\" width=\"300\" height=\"200\" srcset=\"https:\/\/www.guiaglbts.com.br\/blog\/wp-content\/uploads\/2024\/05\/Fotos-Inteligencia-Artificial--300x200.jpeg 300w, https:\/\/www.guiaglbts.com.br\/blog\/wp-content\/uploads\/2024\/05\/Fotos-Inteligencia-Artificial--600x400.jpeg 600w, https:\/\/www.guiaglbts.com.br\/blog\/wp-content\/uploads\/2024\/05\/Fotos-Inteligencia-Artificial--768x512.jpeg 768w, https:\/\/www.guiaglbts.com.br\/blog\/wp-content\/uploads\/2024\/05\/Fotos-Inteligencia-Artificial-.jpeg 1000w\" sizes=\"(max-width: 300px) 100vw, 300px\" \/><\/a><\/p>\n","protected":false},"excerpt":{"rendered":"<p>A 23\u00aa edi\u00e7\u00e3o da Feira da Diversidade (30 de maio, no Memorial da Am\u00e9rica Latina) traz uma novidade aos visitantes: um espa\u00e7o imersivo de Realidade Virtual (VR) com tr\u00eas experi\u00eancias de tem\u00e1ticas LGBT+. O local fica ativo das 12h \u00e0s 18h e a entrada \u00e9 gratuita, mediante pr\u00e9-cadastro na plataforma Sympla. Uma das atra\u00e7\u00f5es \u00e9 [&hellip;]<\/p>\n","protected":false},"author":2,"featured_media":0,"comment_status":"open","ping_status":"open","sticky":false,"template":"","format":"standard","meta":{"footnotes":""},"categories":[1],"tags":[],"class_list":["post-6558","post","type-post","status-publish","format-standard","hentry","category-sem-categoria"],"yoast_head":"<!-- This site is optimized with the Yoast SEO plugin v27.2 - https:\/\/yoast.com\/product\/yoast-seo-wordpress\/ -->\n<title>23\u00aa Feira Cultural da Diversidade LGBT+ apresenta Espa\u00e7o VR com experi\u00eancias de Realidade Virtual de tem\u00e1ticas LGBT+ - Guia GLBTS<\/title>\n<meta name=\"robots\" content=\"index, follow, max-snippet:-1, max-image-preview:large, max-video-preview:-1\" \/>\n<link rel=\"canonical\" href=\"https:\/\/www.guiaglbts.com.br\/blog\/23a-feira-cultural-da-diversidade-lgbt-apresenta-espaco-vr-com-experiencias-de-realidade-virtual-de-tematicas-lgbt\/\" \/>\n<meta property=\"og:locale\" content=\"pt_BR\" \/>\n<meta property=\"og:type\" content=\"article\" \/>\n<meta property=\"og:title\" content=\"23\u00aa Feira Cultural da Diversidade LGBT+ apresenta Espa\u00e7o VR com experi\u00eancias de Realidade Virtual de tem\u00e1ticas LGBT+ - Guia GLBTS\" \/>\n<meta property=\"og:description\" content=\"A 23\u00aa edi\u00e7\u00e3o da Feira da Diversidade (30 de maio, no Memorial da Am\u00e9rica Latina) traz uma novidade aos visitantes: um espa\u00e7o imersivo de Realidade Virtual (VR) com tr\u00eas experi\u00eancias de tem\u00e1ticas LGBT+. O local fica ativo das 12h \u00e0s 18h e a entrada \u00e9 gratuita, mediante pr\u00e9-cadastro na plataforma Sympla. Uma das atra\u00e7\u00f5es \u00e9 [&hellip;]\" \/>\n<meta property=\"og:url\" content=\"https:\/\/www.guiaglbts.com.br\/blog\/23a-feira-cultural-da-diversidade-lgbt-apresenta-espaco-vr-com-experiencias-de-realidade-virtual-de-tematicas-lgbt\/\" \/>\n<meta property=\"og:site_name\" content=\"Guia GLBTS\" \/>\n<meta property=\"article:publisher\" content=\"https:\/\/www.facebook.com\/guialgbtsclassificados\" \/>\n<meta property=\"article:published_time\" content=\"2024-05-22T13:54:21+00:00\" \/>\n<meta property=\"og:image\" content=\"https:\/\/www.guiaglbts.com.br\/blog\/wp-content\/uploads\/2024\/05\/Fotos-Inteligencia-Artificial-.jpeg\" \/>\n\t<meta property=\"og:image:width\" content=\"1000\" \/>\n\t<meta property=\"og:image:height\" content=\"667\" \/>\n\t<meta property=\"og:image:type\" content=\"image\/jpeg\" \/>\n<meta name=\"author\" content=\"Ellos Design\" \/>\n<meta name=\"twitter:card\" content=\"summary_large_image\" \/>\n<meta name=\"twitter:creator\" content=\"@GuiaLGBTS\" \/>\n<meta name=\"twitter:site\" content=\"@GuiaLGBTS\" \/>\n<meta name=\"twitter:label1\" content=\"Escrito por\" \/>\n\t<meta name=\"twitter:data1\" content=\"Ellos Design\" \/>\n\t<meta name=\"twitter:label2\" content=\"Est. tempo de leitura\" \/>\n\t<meta name=\"twitter:data2\" content=\"3 minutos\" \/>\n<script type=\"application\/ld+json\" class=\"yoast-schema-graph\">{\"@context\":\"https:\/\/schema.org\",\"@graph\":[{\"@type\":\"Article\",\"@id\":\"https:\/\/www.guiaglbts.com.br\/blog\/23a-feira-cultural-da-diversidade-lgbt-apresenta-espaco-vr-com-experiencias-de-realidade-virtual-de-tematicas-lgbt\/#article\",\"isPartOf\":{\"@id\":\"https:\/\/www.guiaglbts.com.br\/blog\/23a-feira-cultural-da-diversidade-lgbt-apresenta-espaco-vr-com-experiencias-de-realidade-virtual-de-tematicas-lgbt\/\"},\"author\":{\"name\":\"Ellos Design\",\"@id\":\"https:\/\/www.guiaglbts.com.br\/blog\/#\/schema\/person\/26d0c7f8b7991962d310475ce84fcd3e\"},\"headline\":\"23\u00aa Feira Cultural da Diversidade LGBT+ apresenta Espa\u00e7o VR com experi\u00eancias de Realidade Virtual de tem\u00e1ticas LGBT+\",\"datePublished\":\"2024-05-22T13:54:21+00:00\",\"mainEntityOfPage\":{\"@id\":\"https:\/\/www.guiaglbts.com.br\/blog\/23a-feira-cultural-da-diversidade-lgbt-apresenta-espaco-vr-com-experiencias-de-realidade-virtual-de-tematicas-lgbt\/\"},\"wordCount\":712,\"commentCount\":0,\"publisher\":{\"@id\":\"https:\/\/www.guiaglbts.com.br\/blog\/#organization\"},\"image\":{\"@id\":\"https:\/\/www.guiaglbts.com.br\/blog\/23a-feira-cultural-da-diversidade-lgbt-apresenta-espaco-vr-com-experiencias-de-realidade-virtual-de-tematicas-lgbt\/#primaryimage\"},\"thumbnailUrl\":\"https:\/\/www.guiaglbts.com.br\/blog\/wp-content\/uploads\/2024\/05\/Fotos-Inteligencia-Artificial--300x200.jpeg\",\"inLanguage\":\"pt-BR\",\"potentialAction\":[{\"@type\":\"CommentAction\",\"name\":\"Comment\",\"target\":[\"https:\/\/www.guiaglbts.com.br\/blog\/23a-feira-cultural-da-diversidade-lgbt-apresenta-espaco-vr-com-experiencias-de-realidade-virtual-de-tematicas-lgbt\/#respond\"]}]},{\"@type\":\"WebPage\",\"@id\":\"https:\/\/www.guiaglbts.com.br\/blog\/23a-feira-cultural-da-diversidade-lgbt-apresenta-espaco-vr-com-experiencias-de-realidade-virtual-de-tematicas-lgbt\/\",\"url\":\"https:\/\/www.guiaglbts.com.br\/blog\/23a-feira-cultural-da-diversidade-lgbt-apresenta-espaco-vr-com-experiencias-de-realidade-virtual-de-tematicas-lgbt\/\",\"name\":\"23\u00aa Feira Cultural da Diversidade LGBT+ apresenta Espa\u00e7o VR com experi\u00eancias de Realidade Virtual de tem\u00e1ticas LGBT+ - Guia GLBTS\",\"isPartOf\":{\"@id\":\"https:\/\/www.guiaglbts.com.br\/blog\/#website\"},\"primaryImageOfPage\":{\"@id\":\"https:\/\/www.guiaglbts.com.br\/blog\/23a-feira-cultural-da-diversidade-lgbt-apresenta-espaco-vr-com-experiencias-de-realidade-virtual-de-tematicas-lgbt\/#primaryimage\"},\"image\":{\"@id\":\"https:\/\/www.guiaglbts.com.br\/blog\/23a-feira-cultural-da-diversidade-lgbt-apresenta-espaco-vr-com-experiencias-de-realidade-virtual-de-tematicas-lgbt\/#primaryimage\"},\"thumbnailUrl\":\"https:\/\/www.guiaglbts.com.br\/blog\/wp-content\/uploads\/2024\/05\/Fotos-Inteligencia-Artificial--300x200.jpeg\",\"datePublished\":\"2024-05-22T13:54:21+00:00\",\"breadcrumb\":{\"@id\":\"https:\/\/www.guiaglbts.com.br\/blog\/23a-feira-cultural-da-diversidade-lgbt-apresenta-espaco-vr-com-experiencias-de-realidade-virtual-de-tematicas-lgbt\/#breadcrumb\"},\"inLanguage\":\"pt-BR\",\"potentialAction\":[{\"@type\":\"ReadAction\",\"target\":[\"https:\/\/www.guiaglbts.com.br\/blog\/23a-feira-cultural-da-diversidade-lgbt-apresenta-espaco-vr-com-experiencias-de-realidade-virtual-de-tematicas-lgbt\/\"]}]},{\"@type\":\"ImageObject\",\"inLanguage\":\"pt-BR\",\"@id\":\"https:\/\/www.guiaglbts.com.br\/blog\/23a-feira-cultural-da-diversidade-lgbt-apresenta-espaco-vr-com-experiencias-de-realidade-virtual-de-tematicas-lgbt\/#primaryimage\",\"url\":\"https:\/\/www.guiaglbts.com.br\/blog\/wp-content\/uploads\/2024\/05\/Fotos-Inteligencia-Artificial-.jpeg\",\"contentUrl\":\"https:\/\/www.guiaglbts.com.br\/blog\/wp-content\/uploads\/2024\/05\/Fotos-Inteligencia-Artificial-.jpeg\",\"width\":1000,\"height\":667},{\"@type\":\"BreadcrumbList\",\"@id\":\"https:\/\/www.guiaglbts.com.br\/blog\/23a-feira-cultural-da-diversidade-lgbt-apresenta-espaco-vr-com-experiencias-de-realidade-virtual-de-tematicas-lgbt\/#breadcrumb\",\"itemListElement\":[{\"@type\":\"ListItem\",\"position\":1,\"name\":\"In\u00edcio\",\"item\":\"https:\/\/www.guiaglbts.com.br\/blog\/\"},{\"@type\":\"ListItem\",\"position\":2,\"name\":\"23\u00aa Feira Cultural da Diversidade LGBT+ apresenta Espa\u00e7o VR com experi\u00eancias de Realidade Virtual de tem\u00e1ticas LGBT+\"}]},{\"@type\":\"WebSite\",\"@id\":\"https:\/\/www.guiaglbts.com.br\/blog\/#website\",\"url\":\"https:\/\/www.guiaglbts.com.br\/blog\/\",\"name\":\"Guia GLBTS\",\"description\":\"Guia da Nany People\",\"publisher\":{\"@id\":\"https:\/\/www.guiaglbts.com.br\/blog\/#organization\"},\"potentialAction\":[{\"@type\":\"SearchAction\",\"target\":{\"@type\":\"EntryPoint\",\"urlTemplate\":\"https:\/\/www.guiaglbts.com.br\/blog\/?s={search_term_string}\"},\"query-input\":{\"@type\":\"PropertyValueSpecification\",\"valueRequired\":true,\"valueName\":\"search_term_string\"}}],\"inLanguage\":\"pt-BR\"},{\"@type\":\"Organization\",\"@id\":\"https:\/\/www.guiaglbts.com.br\/blog\/#organization\",\"name\":\"Guia GLBTS\",\"url\":\"https:\/\/www.guiaglbts.com.br\/blog\/\",\"logo\":{\"@type\":\"ImageObject\",\"inLanguage\":\"pt-BR\",\"@id\":\"https:\/\/www.guiaglbts.com.br\/blog\/#\/schema\/logo\/image\/\",\"url\":\"https:\/\/www.guiaglbts.com.br\/blog\/wp-content\/uploads\/2025\/08\/logo_guia.png\",\"contentUrl\":\"https:\/\/www.guiaglbts.com.br\/blog\/wp-content\/uploads\/2025\/08\/logo_guia.png\",\"width\":310,\"height\":78,\"caption\":\"Guia GLBTS\"},\"image\":{\"@id\":\"https:\/\/www.guiaglbts.com.br\/blog\/#\/schema\/logo\/image\/\"},\"sameAs\":[\"https:\/\/www.facebook.com\/guialgbtsclassificados\",\"https:\/\/x.com\/GuiaLGBTS\",\"https:\/\/www.instagram.com\/guiadananypeople\/\",\"https:\/\/www.youtube.com\/user\/GuiaLGBTS\"]},{\"@type\":\"Person\",\"@id\":\"https:\/\/www.guiaglbts.com.br\/blog\/#\/schema\/person\/26d0c7f8b7991962d310475ce84fcd3e\",\"name\":\"Ellos Design\",\"image\":{\"@type\":\"ImageObject\",\"inLanguage\":\"pt-BR\",\"@id\":\"https:\/\/secure.gravatar.com\/avatar\/34b58000c3a22ae0b540f58577ea8359e60439a7b722b361769d039ac0bbf649?s=96&d=mm&r=g\",\"url\":\"https:\/\/secure.gravatar.com\/avatar\/34b58000c3a22ae0b540f58577ea8359e60439a7b722b361769d039ac0bbf649?s=96&d=mm&r=g\",\"contentUrl\":\"https:\/\/secure.gravatar.com\/avatar\/34b58000c3a22ae0b540f58577ea8359e60439a7b722b361769d039ac0bbf649?s=96&d=mm&r=g\",\"caption\":\"Ellos Design\"},\"sameAs\":[\"https:\/\/www.guiaglbts.com.br\"],\"url\":\"https:\/\/www.guiaglbts.com.br\/blog\/author\/ellos\/\"}]}<\/script>\n<!-- \/ Yoast SEO plugin. -->","yoast_head_json":{"title":"23\u00aa Feira Cultural da Diversidade LGBT+ apresenta Espa\u00e7o VR com experi\u00eancias de Realidade Virtual de tem\u00e1ticas LGBT+ - Guia GLBTS","robots":{"index":"index","follow":"follow","max-snippet":"max-snippet:-1","max-image-preview":"max-image-preview:large","max-video-preview":"max-video-preview:-1"},"canonical":"https:\/\/www.guiaglbts.com.br\/blog\/23a-feira-cultural-da-diversidade-lgbt-apresenta-espaco-vr-com-experiencias-de-realidade-virtual-de-tematicas-lgbt\/","og_locale":"pt_BR","og_type":"article","og_title":"23\u00aa Feira Cultural da Diversidade LGBT+ apresenta Espa\u00e7o VR com experi\u00eancias de Realidade Virtual de tem\u00e1ticas LGBT+ - Guia GLBTS","og_description":"A 23\u00aa edi\u00e7\u00e3o da Feira da Diversidade (30 de maio, no Memorial da Am\u00e9rica Latina) traz uma novidade aos visitantes: um espa\u00e7o imersivo de Realidade Virtual (VR) com tr\u00eas experi\u00eancias de tem\u00e1ticas LGBT+. O local fica ativo das 12h \u00e0s 18h e a entrada \u00e9 gratuita, mediante pr\u00e9-cadastro na plataforma Sympla. Uma das atra\u00e7\u00f5es \u00e9 [&hellip;]","og_url":"https:\/\/www.guiaglbts.com.br\/blog\/23a-feira-cultural-da-diversidade-lgbt-apresenta-espaco-vr-com-experiencias-de-realidade-virtual-de-tematicas-lgbt\/","og_site_name":"Guia GLBTS","article_publisher":"https:\/\/www.facebook.com\/guialgbtsclassificados","article_published_time":"2024-05-22T13:54:21+00:00","og_image":[{"width":1000,"height":667,"url":"https:\/\/www.guiaglbts.com.br\/blog\/wp-content\/uploads\/2024\/05\/Fotos-Inteligencia-Artificial-.jpeg","type":"image\/jpeg"}],"author":"Ellos Design","twitter_card":"summary_large_image","twitter_creator":"@GuiaLGBTS","twitter_site":"@GuiaLGBTS","twitter_misc":{"Escrito por":"Ellos Design","Est. tempo de leitura":"3 minutos"},"schema":{"@context":"https:\/\/schema.org","@graph":[{"@type":"Article","@id":"https:\/\/www.guiaglbts.com.br\/blog\/23a-feira-cultural-da-diversidade-lgbt-apresenta-espaco-vr-com-experiencias-de-realidade-virtual-de-tematicas-lgbt\/#article","isPartOf":{"@id":"https:\/\/www.guiaglbts.com.br\/blog\/23a-feira-cultural-da-diversidade-lgbt-apresenta-espaco-vr-com-experiencias-de-realidade-virtual-de-tematicas-lgbt\/"},"author":{"name":"Ellos Design","@id":"https:\/\/www.guiaglbts.com.br\/blog\/#\/schema\/person\/26d0c7f8b7991962d310475ce84fcd3e"},"headline":"23\u00aa Feira Cultural da Diversidade LGBT+ apresenta Espa\u00e7o VR com experi\u00eancias de Realidade Virtual de tem\u00e1ticas LGBT+","datePublished":"2024-05-22T13:54:21+00:00","mainEntityOfPage":{"@id":"https:\/\/www.guiaglbts.com.br\/blog\/23a-feira-cultural-da-diversidade-lgbt-apresenta-espaco-vr-com-experiencias-de-realidade-virtual-de-tematicas-lgbt\/"},"wordCount":712,"commentCount":0,"publisher":{"@id":"https:\/\/www.guiaglbts.com.br\/blog\/#organization"},"image":{"@id":"https:\/\/www.guiaglbts.com.br\/blog\/23a-feira-cultural-da-diversidade-lgbt-apresenta-espaco-vr-com-experiencias-de-realidade-virtual-de-tematicas-lgbt\/#primaryimage"},"thumbnailUrl":"https:\/\/www.guiaglbts.com.br\/blog\/wp-content\/uploads\/2024\/05\/Fotos-Inteligencia-Artificial--300x200.jpeg","inLanguage":"pt-BR","potentialAction":[{"@type":"CommentAction","name":"Comment","target":["https:\/\/www.guiaglbts.com.br\/blog\/23a-feira-cultural-da-diversidade-lgbt-apresenta-espaco-vr-com-experiencias-de-realidade-virtual-de-tematicas-lgbt\/#respond"]}]},{"@type":"WebPage","@id":"https:\/\/www.guiaglbts.com.br\/blog\/23a-feira-cultural-da-diversidade-lgbt-apresenta-espaco-vr-com-experiencias-de-realidade-virtual-de-tematicas-lgbt\/","url":"https:\/\/www.guiaglbts.com.br\/blog\/23a-feira-cultural-da-diversidade-lgbt-apresenta-espaco-vr-com-experiencias-de-realidade-virtual-de-tematicas-lgbt\/","name":"23\u00aa Feira Cultural da Diversidade LGBT+ apresenta Espa\u00e7o VR com experi\u00eancias de Realidade Virtual de tem\u00e1ticas LGBT+ - Guia GLBTS","isPartOf":{"@id":"https:\/\/www.guiaglbts.com.br\/blog\/#website"},"primaryImageOfPage":{"@id":"https:\/\/www.guiaglbts.com.br\/blog\/23a-feira-cultural-da-diversidade-lgbt-apresenta-espaco-vr-com-experiencias-de-realidade-virtual-de-tematicas-lgbt\/#primaryimage"},"image":{"@id":"https:\/\/www.guiaglbts.com.br\/blog\/23a-feira-cultural-da-diversidade-lgbt-apresenta-espaco-vr-com-experiencias-de-realidade-virtual-de-tematicas-lgbt\/#primaryimage"},"thumbnailUrl":"https:\/\/www.guiaglbts.com.br\/blog\/wp-content\/uploads\/2024\/05\/Fotos-Inteligencia-Artificial--300x200.jpeg","datePublished":"2024-05-22T13:54:21+00:00","breadcrumb":{"@id":"https:\/\/www.guiaglbts.com.br\/blog\/23a-feira-cultural-da-diversidade-lgbt-apresenta-espaco-vr-com-experiencias-de-realidade-virtual-de-tematicas-lgbt\/#breadcrumb"},"inLanguage":"pt-BR","potentialAction":[{"@type":"ReadAction","target":["https:\/\/www.guiaglbts.com.br\/blog\/23a-feira-cultural-da-diversidade-lgbt-apresenta-espaco-vr-com-experiencias-de-realidade-virtual-de-tematicas-lgbt\/"]}]},{"@type":"ImageObject","inLanguage":"pt-BR","@id":"https:\/\/www.guiaglbts.com.br\/blog\/23a-feira-cultural-da-diversidade-lgbt-apresenta-espaco-vr-com-experiencias-de-realidade-virtual-de-tematicas-lgbt\/#primaryimage","url":"https:\/\/www.guiaglbts.com.br\/blog\/wp-content\/uploads\/2024\/05\/Fotos-Inteligencia-Artificial-.jpeg","contentUrl":"https:\/\/www.guiaglbts.com.br\/blog\/wp-content\/uploads\/2024\/05\/Fotos-Inteligencia-Artificial-.jpeg","width":1000,"height":667},{"@type":"BreadcrumbList","@id":"https:\/\/www.guiaglbts.com.br\/blog\/23a-feira-cultural-da-diversidade-lgbt-apresenta-espaco-vr-com-experiencias-de-realidade-virtual-de-tematicas-lgbt\/#breadcrumb","itemListElement":[{"@type":"ListItem","position":1,"name":"In\u00edcio","item":"https:\/\/www.guiaglbts.com.br\/blog\/"},{"@type":"ListItem","position":2,"name":"23\u00aa Feira Cultural da Diversidade LGBT+ apresenta Espa\u00e7o VR com experi\u00eancias de Realidade Virtual de tem\u00e1ticas LGBT+"}]},{"@type":"WebSite","@id":"https:\/\/www.guiaglbts.com.br\/blog\/#website","url":"https:\/\/www.guiaglbts.com.br\/blog\/","name":"Guia GLBTS","description":"Guia da Nany People","publisher":{"@id":"https:\/\/www.guiaglbts.com.br\/blog\/#organization"},"potentialAction":[{"@type":"SearchAction","target":{"@type":"EntryPoint","urlTemplate":"https:\/\/www.guiaglbts.com.br\/blog\/?s={search_term_string}"},"query-input":{"@type":"PropertyValueSpecification","valueRequired":true,"valueName":"search_term_string"}}],"inLanguage":"pt-BR"},{"@type":"Organization","@id":"https:\/\/www.guiaglbts.com.br\/blog\/#organization","name":"Guia GLBTS","url":"https:\/\/www.guiaglbts.com.br\/blog\/","logo":{"@type":"ImageObject","inLanguage":"pt-BR","@id":"https:\/\/www.guiaglbts.com.br\/blog\/#\/schema\/logo\/image\/","url":"https:\/\/www.guiaglbts.com.br\/blog\/wp-content\/uploads\/2025\/08\/logo_guia.png","contentUrl":"https:\/\/www.guiaglbts.com.br\/blog\/wp-content\/uploads\/2025\/08\/logo_guia.png","width":310,"height":78,"caption":"Guia GLBTS"},"image":{"@id":"https:\/\/www.guiaglbts.com.br\/blog\/#\/schema\/logo\/image\/"},"sameAs":["https:\/\/www.facebook.com\/guialgbtsclassificados","https:\/\/x.com\/GuiaLGBTS","https:\/\/www.instagram.com\/guiadananypeople\/","https:\/\/www.youtube.com\/user\/GuiaLGBTS"]},{"@type":"Person","@id":"https:\/\/www.guiaglbts.com.br\/blog\/#\/schema\/person\/26d0c7f8b7991962d310475ce84fcd3e","name":"Ellos Design","image":{"@type":"ImageObject","inLanguage":"pt-BR","@id":"https:\/\/secure.gravatar.com\/avatar\/34b58000c3a22ae0b540f58577ea8359e60439a7b722b361769d039ac0bbf649?s=96&d=mm&r=g","url":"https:\/\/secure.gravatar.com\/avatar\/34b58000c3a22ae0b540f58577ea8359e60439a7b722b361769d039ac0bbf649?s=96&d=mm&r=g","contentUrl":"https:\/\/secure.gravatar.com\/avatar\/34b58000c3a22ae0b540f58577ea8359e60439a7b722b361769d039ac0bbf649?s=96&d=mm&r=g","caption":"Ellos Design"},"sameAs":["https:\/\/www.guiaglbts.com.br"],"url":"https:\/\/www.guiaglbts.com.br\/blog\/author\/ellos\/"}]}},"_links":{"self":[{"href":"https:\/\/www.guiaglbts.com.br\/blog\/wp-json\/wp\/v2\/posts\/6558","targetHints":{"allow":["GET"]}}],"collection":[{"href":"https:\/\/www.guiaglbts.com.br\/blog\/wp-json\/wp\/v2\/posts"}],"about":[{"href":"https:\/\/www.guiaglbts.com.br\/blog\/wp-json\/wp\/v2\/types\/post"}],"author":[{"embeddable":true,"href":"https:\/\/www.guiaglbts.com.br\/blog\/wp-json\/wp\/v2\/users\/2"}],"replies":[{"embeddable":true,"href":"https:\/\/www.guiaglbts.com.br\/blog\/wp-json\/wp\/v2\/comments?post=6558"}],"version-history":[{"count":1,"href":"https:\/\/www.guiaglbts.com.br\/blog\/wp-json\/wp\/v2\/posts\/6558\/revisions"}],"predecessor-version":[{"id":6560,"href":"https:\/\/www.guiaglbts.com.br\/blog\/wp-json\/wp\/v2\/posts\/6558\/revisions\/6560"}],"wp:attachment":[{"href":"https:\/\/www.guiaglbts.com.br\/blog\/wp-json\/wp\/v2\/media?parent=6558"}],"wp:term":[{"taxonomy":"category","embeddable":true,"href":"https:\/\/www.guiaglbts.com.br\/blog\/wp-json\/wp\/v2\/categories?post=6558"},{"taxonomy":"post_tag","embeddable":true,"href":"https:\/\/www.guiaglbts.com.br\/blog\/wp-json\/wp\/v2\/tags?post=6558"}],"curies":[{"name":"wp","href":"https:\/\/api.w.org\/{rel}","templated":true}]}}