{"id":6071,"date":"2021-11-19T16:49:36","date_gmt":"2021-11-19T18:49:36","guid":{"rendered":"https:\/\/www.guiaglbts.com.br\/blog\/?p=6071"},"modified":"2021-11-19T16:49:36","modified_gmt":"2021-11-19T18:49:36","slug":"dia-da-consciencia-negra","status":"publish","type":"post","link":"https:\/\/www.guiaglbts.com.br\/blog\/dia-da-consciencia-negra\/","title":{"rendered":"Dia da consci\u00eancia Negra!"},"content":{"rendered":"<p style=\"text-align: left;\"><a href=\"https:\/\/www.guiaglbts.com.br\/blog\/wp-content\/uploads\/2021\/11\/20-11.png\"><img fetchpriority=\"high\" decoding=\"async\" class=\"size-medium wp-image-6072 alignleft\" src=\"https:\/\/www.guiaglbts.com.br\/blog\/wp-content\/uploads\/2021\/11\/20-11-300x300.png\" alt=\"\" width=\"300\" height=\"300\" srcset=\"https:\/\/www.guiaglbts.com.br\/blog\/wp-content\/uploads\/2021\/11\/20-11-300x300.png 300w, https:\/\/www.guiaglbts.com.br\/blog\/wp-content\/uploads\/2021\/11\/20-11-100x100.png 100w, https:\/\/www.guiaglbts.com.br\/blog\/wp-content\/uploads\/2021\/11\/20-11-600x600.png 600w, https:\/\/www.guiaglbts.com.br\/blog\/wp-content\/uploads\/2021\/11\/20-11-1024x1024.png 1024w, https:\/\/www.guiaglbts.com.br\/blog\/wp-content\/uploads\/2021\/11\/20-11-150x150.png 150w, https:\/\/www.guiaglbts.com.br\/blog\/wp-content\/uploads\/2021\/11\/20-11-768x768.png 768w, https:\/\/www.guiaglbts.com.br\/blog\/wp-content\/uploads\/2021\/11\/20-11.png 1080w\" sizes=\"(max-width: 300px) 100vw, 300px\" \/><\/a><\/p>\n<p><span style=\"font-weight: 400;\">Dia 20 de Novembro, celebramos o dia da Consci\u00eancia Negra. H\u00e1 exatos 326 anos, perd\u00edamos o principal l\u00edder da luta pelos direitos de igualdade e liberdade dos povos afrodescentes: Zumbi dos Palmares. \ud83d\udc68\ud83c\udfff\u200d\ud83e\uddb1<\/span><\/p>\n<p><span style=\"font-weight: 400;\">Foram s\u00e9culos de resist\u00eancia, uma luta que ainda segue firme, pois ainda h\u00e1 pend\u00eancias que precisam ser consideradas. S\u00e3o in\u00fameros casos de racismo por todo o mundo, que humilham e at\u00e9 matam jovens inocentes, como aconteceu no recente caso de George Floyd (EUA), assassinado por um policial a sangue frio.<\/span><\/p>\n<p><span style=\"font-weight: 400;\">\u00c9 nosso papel social educar as futuras gera\u00e7\u00f5es para que os erros do passado n\u00e3o se repitam. Seguimos juntos por um mundo com maior representatividade, seja nos cinemas, propagandas, escolas ou nas grandes empresas.<\/span><\/p>\n<p><span style=\"font-weight: 400;\">Celebre o orgulho que vai muito al\u00e9m da cor da pele. Celebre e lute pela liberdade de ser apenas o que voc\u00ea \u00e9. \ud83c\udff3\u200d\ud83c\udf08<\/span><\/p>\n<p><span style=\"font-weight: 400;\">Prepare tamb\u00e9m a sua agenda cultural: entre os dias 17 e 30 de Novembro, S\u00e3o Paulo ter\u00e1 uma programa\u00e7\u00e3o voltada para essa data especial, com encontros liter\u00e1rios, semin\u00e1rios e debates sobre o tema.<\/span><\/p>\n<p><span style=\"font-weight: 400;\">\u201cN\u00e3o precisamos de um dia da consci\u00eancia negra, branca, parda, amarela, albina&#8230; Precisamos de 365 dias de consci\u00eancia humana\u201d. &#8211; Thiago Saraiva<\/span><\/p>\n<p><span style=\"font-weight: 400;\">Desejamos a toda a comunidade LGBTQIA+ um feliz dia da Consci\u00eancia Negra. \ud83d\udc69\ud83c\udffe\u200d\ud83e\uddb1<\/span><\/p>\n","protected":false},"excerpt":{"rendered":"<p>Dia 20 de Novembro, celebramos o dia da Consci\u00eancia Negra. H\u00e1 exatos 326 anos, perd\u00edamos o principal l\u00edder da luta pelos direitos de igualdade e liberdade dos povos afrodescentes: Zumbi dos Palmares. \ud83d\udc68\ud83c\udfff\u200d\ud83e\uddb1 Foram s\u00e9culos de resist\u00eancia, uma luta que ainda segue firme, pois ainda h\u00e1 pend\u00eancias que precisam ser consideradas. S\u00e3o in\u00fameros casos de [&hellip;]<\/p>\n","protected":false},"author":2,"featured_media":0,"comment_status":"open","ping_status":"open","sticky":false,"template":"","format":"standard","meta":{"footnotes":""},"categories":[1],"tags":[],"class_list":["post-6071","post","type-post","status-publish","format-standard","hentry","category-sem-categoria"],"yoast_head":"<!-- This site is optimized with the Yoast SEO plugin v27.2 - https:\/\/yoast.com\/product\/yoast-seo-wordpress\/ -->\n<title>Dia da consci\u00eancia Negra! - Guia GLBTS<\/title>\n<meta name=\"robots\" content=\"index, follow, max-snippet:-1, max-image-preview:large, max-video-preview:-1\" \/>\n<link rel=\"canonical\" href=\"https:\/\/www.guiaglbts.com.br\/blog\/dia-da-consciencia-negra\/\" \/>\n<meta property=\"og:locale\" content=\"pt_BR\" \/>\n<meta property=\"og:type\" content=\"article\" \/>\n<meta property=\"og:title\" content=\"Dia da consci\u00eancia Negra! - Guia GLBTS\" \/>\n<meta property=\"og:description\" content=\"Dia 20 de Novembro, celebramos o dia da Consci\u00eancia Negra. H\u00e1 exatos 326 anos, perd\u00edamos o principal l\u00edder da luta pelos direitos de igualdade e liberdade dos povos afrodescentes: Zumbi dos Palmares. \ud83d\udc68\ud83c\udfff\u200d\ud83e\uddb1 Foram s\u00e9culos de resist\u00eancia, uma luta que ainda segue firme, pois ainda h\u00e1 pend\u00eancias que precisam ser consideradas. S\u00e3o in\u00fameros casos de [&hellip;]\" \/>\n<meta property=\"og:url\" content=\"https:\/\/www.guiaglbts.com.br\/blog\/dia-da-consciencia-negra\/\" \/>\n<meta property=\"og:site_name\" content=\"Guia GLBTS\" \/>\n<meta property=\"article:publisher\" content=\"https:\/\/www.facebook.com\/guialgbtsclassificados\" \/>\n<meta property=\"article:published_time\" content=\"2021-11-19T18:49:36+00:00\" \/>\n<meta property=\"og:image\" content=\"https:\/\/www.guiaglbts.com.br\/blog\/wp-content\/uploads\/2021\/11\/20-11.png\" \/>\n\t<meta property=\"og:image:width\" content=\"1080\" \/>\n\t<meta property=\"og:image:height\" content=\"1080\" \/>\n\t<meta property=\"og:image:type\" content=\"image\/png\" \/>\n<meta name=\"author\" content=\"Ellos Design\" \/>\n<meta name=\"twitter:card\" content=\"summary_large_image\" \/>\n<meta name=\"twitter:creator\" content=\"@GuiaLGBTS\" \/>\n<meta name=\"twitter:site\" content=\"@GuiaLGBTS\" \/>\n<meta name=\"twitter:label1\" content=\"Escrito por\" \/>\n\t<meta name=\"twitter:data1\" content=\"Ellos Design\" \/>\n\t<meta name=\"twitter:label2\" content=\"Est. tempo de leitura\" \/>\n\t<meta name=\"twitter:data2\" content=\"1 minuto\" \/>\n<script type=\"application\/ld+json\" class=\"yoast-schema-graph\">{\"@context\":\"https:\/\/schema.org\",\"@graph\":[{\"@type\":\"Article\",\"@id\":\"https:\/\/www.guiaglbts.com.br\/blog\/dia-da-consciencia-negra\/#article\",\"isPartOf\":{\"@id\":\"https:\/\/www.guiaglbts.com.br\/blog\/dia-da-consciencia-negra\/\"},\"author\":{\"name\":\"Ellos Design\",\"@id\":\"https:\/\/www.guiaglbts.com.br\/blog\/#\/schema\/person\/26d0c7f8b7991962d310475ce84fcd3e\"},\"headline\":\"Dia da consci\u00eancia Negra!\",\"datePublished\":\"2021-11-19T18:49:36+00:00\",\"mainEntityOfPage\":{\"@id\":\"https:\/\/www.guiaglbts.com.br\/blog\/dia-da-consciencia-negra\/\"},\"wordCount\":224,\"commentCount\":0,\"publisher\":{\"@id\":\"https:\/\/www.guiaglbts.com.br\/blog\/#organization\"},\"image\":{\"@id\":\"https:\/\/www.guiaglbts.com.br\/blog\/dia-da-consciencia-negra\/#primaryimage\"},\"thumbnailUrl\":\"https:\/\/www.guiaglbts.com.br\/blog\/wp-content\/uploads\/2021\/11\/20-11-300x300.png\",\"inLanguage\":\"pt-BR\",\"potentialAction\":[{\"@type\":\"CommentAction\",\"name\":\"Comment\",\"target\":[\"https:\/\/www.guiaglbts.com.br\/blog\/dia-da-consciencia-negra\/#respond\"]}]},{\"@type\":\"WebPage\",\"@id\":\"https:\/\/www.guiaglbts.com.br\/blog\/dia-da-consciencia-negra\/\",\"url\":\"https:\/\/www.guiaglbts.com.br\/blog\/dia-da-consciencia-negra\/\",\"name\":\"Dia da consci\u00eancia Negra! - Guia GLBTS\",\"isPartOf\":{\"@id\":\"https:\/\/www.guiaglbts.com.br\/blog\/#website\"},\"primaryImageOfPage\":{\"@id\":\"https:\/\/www.guiaglbts.com.br\/blog\/dia-da-consciencia-negra\/#primaryimage\"},\"image\":{\"@id\":\"https:\/\/www.guiaglbts.com.br\/blog\/dia-da-consciencia-negra\/#primaryimage\"},\"thumbnailUrl\":\"https:\/\/www.guiaglbts.com.br\/blog\/wp-content\/uploads\/2021\/11\/20-11-300x300.png\",\"datePublished\":\"2021-11-19T18:49:36+00:00\",\"breadcrumb\":{\"@id\":\"https:\/\/www.guiaglbts.com.br\/blog\/dia-da-consciencia-negra\/#breadcrumb\"},\"inLanguage\":\"pt-BR\",\"potentialAction\":[{\"@type\":\"ReadAction\",\"target\":[\"https:\/\/www.guiaglbts.com.br\/blog\/dia-da-consciencia-negra\/\"]}]},{\"@type\":\"ImageObject\",\"inLanguage\":\"pt-BR\",\"@id\":\"https:\/\/www.guiaglbts.com.br\/blog\/dia-da-consciencia-negra\/#primaryimage\",\"url\":\"https:\/\/www.guiaglbts.com.br\/blog\/wp-content\/uploads\/2021\/11\/20-11.png\",\"contentUrl\":\"https:\/\/www.guiaglbts.com.br\/blog\/wp-content\/uploads\/2021\/11\/20-11.png\",\"width\":1080,\"height\":1080},{\"@type\":\"BreadcrumbList\",\"@id\":\"https:\/\/www.guiaglbts.com.br\/blog\/dia-da-consciencia-negra\/#breadcrumb\",\"itemListElement\":[{\"@type\":\"ListItem\",\"position\":1,\"name\":\"In\u00edcio\",\"item\":\"https:\/\/www.guiaglbts.com.br\/blog\/\"},{\"@type\":\"ListItem\",\"position\":2,\"name\":\"Dia da consci\u00eancia Negra!\"}]},{\"@type\":\"WebSite\",\"@id\":\"https:\/\/www.guiaglbts.com.br\/blog\/#website\",\"url\":\"https:\/\/www.guiaglbts.com.br\/blog\/\",\"name\":\"Guia GLBTS\",\"description\":\"Guia da Nany People\",\"publisher\":{\"@id\":\"https:\/\/www.guiaglbts.com.br\/blog\/#organization\"},\"potentialAction\":[{\"@type\":\"SearchAction\",\"target\":{\"@type\":\"EntryPoint\",\"urlTemplate\":\"https:\/\/www.guiaglbts.com.br\/blog\/?s={search_term_string}\"},\"query-input\":{\"@type\":\"PropertyValueSpecification\",\"valueRequired\":true,\"valueName\":\"search_term_string\"}}],\"inLanguage\":\"pt-BR\"},{\"@type\":\"Organization\",\"@id\":\"https:\/\/www.guiaglbts.com.br\/blog\/#organization\",\"name\":\"Guia GLBTS\",\"url\":\"https:\/\/www.guiaglbts.com.br\/blog\/\",\"logo\":{\"@type\":\"ImageObject\",\"inLanguage\":\"pt-BR\",\"@id\":\"https:\/\/www.guiaglbts.com.br\/blog\/#\/schema\/logo\/image\/\",\"url\":\"https:\/\/www.guiaglbts.com.br\/blog\/wp-content\/uploads\/2025\/08\/logo_guia.png\",\"contentUrl\":\"https:\/\/www.guiaglbts.com.br\/blog\/wp-content\/uploads\/2025\/08\/logo_guia.png\",\"width\":310,\"height\":78,\"caption\":\"Guia GLBTS\"},\"image\":{\"@id\":\"https:\/\/www.guiaglbts.com.br\/blog\/#\/schema\/logo\/image\/\"},\"sameAs\":[\"https:\/\/www.facebook.com\/guialgbtsclassificados\",\"https:\/\/x.com\/GuiaLGBTS\",\"https:\/\/www.instagram.com\/guiadananypeople\/\",\"https:\/\/www.youtube.com\/user\/GuiaLGBTS\"]},{\"@type\":\"Person\",\"@id\":\"https:\/\/www.guiaglbts.com.br\/blog\/#\/schema\/person\/26d0c7f8b7991962d310475ce84fcd3e\",\"name\":\"Ellos Design\",\"image\":{\"@type\":\"ImageObject\",\"inLanguage\":\"pt-BR\",\"@id\":\"https:\/\/secure.gravatar.com\/avatar\/34b58000c3a22ae0b540f58577ea8359e60439a7b722b361769d039ac0bbf649?s=96&d=mm&r=g\",\"url\":\"https:\/\/secure.gravatar.com\/avatar\/34b58000c3a22ae0b540f58577ea8359e60439a7b722b361769d039ac0bbf649?s=96&d=mm&r=g\",\"contentUrl\":\"https:\/\/secure.gravatar.com\/avatar\/34b58000c3a22ae0b540f58577ea8359e60439a7b722b361769d039ac0bbf649?s=96&d=mm&r=g\",\"caption\":\"Ellos Design\"},\"sameAs\":[\"https:\/\/www.guiaglbts.com.br\"],\"url\":\"https:\/\/www.guiaglbts.com.br\/blog\/author\/ellos\/\"}]}<\/script>\n<!-- \/ Yoast SEO plugin. -->","yoast_head_json":{"title":"Dia da consci\u00eancia Negra! - Guia GLBTS","robots":{"index":"index","follow":"follow","max-snippet":"max-snippet:-1","max-image-preview":"max-image-preview:large","max-video-preview":"max-video-preview:-1"},"canonical":"https:\/\/www.guiaglbts.com.br\/blog\/dia-da-consciencia-negra\/","og_locale":"pt_BR","og_type":"article","og_title":"Dia da consci\u00eancia Negra! - Guia GLBTS","og_description":"Dia 20 de Novembro, celebramos o dia da Consci\u00eancia Negra. H\u00e1 exatos 326 anos, perd\u00edamos o principal l\u00edder da luta pelos direitos de igualdade e liberdade dos povos afrodescentes: Zumbi dos Palmares. \ud83d\udc68\ud83c\udfff\u200d\ud83e\uddb1 Foram s\u00e9culos de resist\u00eancia, uma luta que ainda segue firme, pois ainda h\u00e1 pend\u00eancias que precisam ser consideradas. S\u00e3o in\u00fameros casos de [&hellip;]","og_url":"https:\/\/www.guiaglbts.com.br\/blog\/dia-da-consciencia-negra\/","og_site_name":"Guia GLBTS","article_publisher":"https:\/\/www.facebook.com\/guialgbtsclassificados","article_published_time":"2021-11-19T18:49:36+00:00","og_image":[{"width":1080,"height":1080,"url":"https:\/\/www.guiaglbts.com.br\/blog\/wp-content\/uploads\/2021\/11\/20-11.png","type":"image\/png"}],"author":"Ellos Design","twitter_card":"summary_large_image","twitter_creator":"@GuiaLGBTS","twitter_site":"@GuiaLGBTS","twitter_misc":{"Escrito por":"Ellos Design","Est. tempo de leitura":"1 minuto"},"schema":{"@context":"https:\/\/schema.org","@graph":[{"@type":"Article","@id":"https:\/\/www.guiaglbts.com.br\/blog\/dia-da-consciencia-negra\/#article","isPartOf":{"@id":"https:\/\/www.guiaglbts.com.br\/blog\/dia-da-consciencia-negra\/"},"author":{"name":"Ellos Design","@id":"https:\/\/www.guiaglbts.com.br\/blog\/#\/schema\/person\/26d0c7f8b7991962d310475ce84fcd3e"},"headline":"Dia da consci\u00eancia Negra!","datePublished":"2021-11-19T18:49:36+00:00","mainEntityOfPage":{"@id":"https:\/\/www.guiaglbts.com.br\/blog\/dia-da-consciencia-negra\/"},"wordCount":224,"commentCount":0,"publisher":{"@id":"https:\/\/www.guiaglbts.com.br\/blog\/#organization"},"image":{"@id":"https:\/\/www.guiaglbts.com.br\/blog\/dia-da-consciencia-negra\/#primaryimage"},"thumbnailUrl":"https:\/\/www.guiaglbts.com.br\/blog\/wp-content\/uploads\/2021\/11\/20-11-300x300.png","inLanguage":"pt-BR","potentialAction":[{"@type":"CommentAction","name":"Comment","target":["https:\/\/www.guiaglbts.com.br\/blog\/dia-da-consciencia-negra\/#respond"]}]},{"@type":"WebPage","@id":"https:\/\/www.guiaglbts.com.br\/blog\/dia-da-consciencia-negra\/","url":"https:\/\/www.guiaglbts.com.br\/blog\/dia-da-consciencia-negra\/","name":"Dia da consci\u00eancia Negra! - Guia GLBTS","isPartOf":{"@id":"https:\/\/www.guiaglbts.com.br\/blog\/#website"},"primaryImageOfPage":{"@id":"https:\/\/www.guiaglbts.com.br\/blog\/dia-da-consciencia-negra\/#primaryimage"},"image":{"@id":"https:\/\/www.guiaglbts.com.br\/blog\/dia-da-consciencia-negra\/#primaryimage"},"thumbnailUrl":"https:\/\/www.guiaglbts.com.br\/blog\/wp-content\/uploads\/2021\/11\/20-11-300x300.png","datePublished":"2021-11-19T18:49:36+00:00","breadcrumb":{"@id":"https:\/\/www.guiaglbts.com.br\/blog\/dia-da-consciencia-negra\/#breadcrumb"},"inLanguage":"pt-BR","potentialAction":[{"@type":"ReadAction","target":["https:\/\/www.guiaglbts.com.br\/blog\/dia-da-consciencia-negra\/"]}]},{"@type":"ImageObject","inLanguage":"pt-BR","@id":"https:\/\/www.guiaglbts.com.br\/blog\/dia-da-consciencia-negra\/#primaryimage","url":"https:\/\/www.guiaglbts.com.br\/blog\/wp-content\/uploads\/2021\/11\/20-11.png","contentUrl":"https:\/\/www.guiaglbts.com.br\/blog\/wp-content\/uploads\/2021\/11\/20-11.png","width":1080,"height":1080},{"@type":"BreadcrumbList","@id":"https:\/\/www.guiaglbts.com.br\/blog\/dia-da-consciencia-negra\/#breadcrumb","itemListElement":[{"@type":"ListItem","position":1,"name":"In\u00edcio","item":"https:\/\/www.guiaglbts.com.br\/blog\/"},{"@type":"ListItem","position":2,"name":"Dia da consci\u00eancia Negra!"}]},{"@type":"WebSite","@id":"https:\/\/www.guiaglbts.com.br\/blog\/#website","url":"https:\/\/www.guiaglbts.com.br\/blog\/","name":"Guia GLBTS","description":"Guia da Nany People","publisher":{"@id":"https:\/\/www.guiaglbts.com.br\/blog\/#organization"},"potentialAction":[{"@type":"SearchAction","target":{"@type":"EntryPoint","urlTemplate":"https:\/\/www.guiaglbts.com.br\/blog\/?s={search_term_string}"},"query-input":{"@type":"PropertyValueSpecification","valueRequired":true,"valueName":"search_term_string"}}],"inLanguage":"pt-BR"},{"@type":"Organization","@id":"https:\/\/www.guiaglbts.com.br\/blog\/#organization","name":"Guia GLBTS","url":"https:\/\/www.guiaglbts.com.br\/blog\/","logo":{"@type":"ImageObject","inLanguage":"pt-BR","@id":"https:\/\/www.guiaglbts.com.br\/blog\/#\/schema\/logo\/image\/","url":"https:\/\/www.guiaglbts.com.br\/blog\/wp-content\/uploads\/2025\/08\/logo_guia.png","contentUrl":"https:\/\/www.guiaglbts.com.br\/blog\/wp-content\/uploads\/2025\/08\/logo_guia.png","width":310,"height":78,"caption":"Guia GLBTS"},"image":{"@id":"https:\/\/www.guiaglbts.com.br\/blog\/#\/schema\/logo\/image\/"},"sameAs":["https:\/\/www.facebook.com\/guialgbtsclassificados","https:\/\/x.com\/GuiaLGBTS","https:\/\/www.instagram.com\/guiadananypeople\/","https:\/\/www.youtube.com\/user\/GuiaLGBTS"]},{"@type":"Person","@id":"https:\/\/www.guiaglbts.com.br\/blog\/#\/schema\/person\/26d0c7f8b7991962d310475ce84fcd3e","name":"Ellos Design","image":{"@type":"ImageObject","inLanguage":"pt-BR","@id":"https:\/\/secure.gravatar.com\/avatar\/34b58000c3a22ae0b540f58577ea8359e60439a7b722b361769d039ac0bbf649?s=96&d=mm&r=g","url":"https:\/\/secure.gravatar.com\/avatar\/34b58000c3a22ae0b540f58577ea8359e60439a7b722b361769d039ac0bbf649?s=96&d=mm&r=g","contentUrl":"https:\/\/secure.gravatar.com\/avatar\/34b58000c3a22ae0b540f58577ea8359e60439a7b722b361769d039ac0bbf649?s=96&d=mm&r=g","caption":"Ellos Design"},"sameAs":["https:\/\/www.guiaglbts.com.br"],"url":"https:\/\/www.guiaglbts.com.br\/blog\/author\/ellos\/"}]}},"_links":{"self":[{"href":"https:\/\/www.guiaglbts.com.br\/blog\/wp-json\/wp\/v2\/posts\/6071","targetHints":{"allow":["GET"]}}],"collection":[{"href":"https:\/\/www.guiaglbts.com.br\/blog\/wp-json\/wp\/v2\/posts"}],"about":[{"href":"https:\/\/www.guiaglbts.com.br\/blog\/wp-json\/wp\/v2\/types\/post"}],"author":[{"embeddable":true,"href":"https:\/\/www.guiaglbts.com.br\/blog\/wp-json\/wp\/v2\/users\/2"}],"replies":[{"embeddable":true,"href":"https:\/\/www.guiaglbts.com.br\/blog\/wp-json\/wp\/v2\/comments?post=6071"}],"version-history":[{"count":1,"href":"https:\/\/www.guiaglbts.com.br\/blog\/wp-json\/wp\/v2\/posts\/6071\/revisions"}],"predecessor-version":[{"id":6073,"href":"https:\/\/www.guiaglbts.com.br\/blog\/wp-json\/wp\/v2\/posts\/6071\/revisions\/6073"}],"wp:attachment":[{"href":"https:\/\/www.guiaglbts.com.br\/blog\/wp-json\/wp\/v2\/media?parent=6071"}],"wp:term":[{"taxonomy":"category","embeddable":true,"href":"https:\/\/www.guiaglbts.com.br\/blog\/wp-json\/wp\/v2\/categories?post=6071"},{"taxonomy":"post_tag","embeddable":true,"href":"https:\/\/www.guiaglbts.com.br\/blog\/wp-json\/wp\/v2\/tags?post=6071"}],"curies":[{"name":"wp","href":"https:\/\/api.w.org\/{rel}","templated":true}]}}