{"id":5923,"date":"2021-08-24T13:33:12","date_gmt":"2021-08-24T16:33:12","guid":{"rendered":"https:\/\/www.guiaglbts.com.br\/blog\/?p=5923"},"modified":"2021-08-24T13:33:12","modified_gmt":"2021-08-24T16:33:12","slug":"dia-29-de-agosto-ocorrera-ato-na-av-paulista-pedindo-resposta-do-governo-do-estado-em-relacao-ao-museu-da-diversidade","status":"publish","type":"post","link":"https:\/\/www.guiaglbts.com.br\/blog\/dia-29-de-agosto-ocorrera-ato-na-av-paulista-pedindo-resposta-do-governo-do-estado-em-relacao-ao-museu-da-diversidade\/","title":{"rendered":"Dia 29 de agosto ocorrer\u00e1 ato na Av. Paulista pedindo resposta do Governo do Estado em rela\u00e7\u00e3o ao Museu da Diversidade"},"content":{"rendered":"<p><a href=\"https:\/\/www.guiaglbts.com.br\/blog\/wp-content\/uploads\/2021\/08\/24-08.png\"><img fetchpriority=\"high\" decoding=\"async\" class=\"size-medium wp-image-5926 alignleft\" src=\"https:\/\/www.guiaglbts.com.br\/blog\/wp-content\/uploads\/2021\/08\/24-08-300x300.png\" alt=\"\" width=\"300\" height=\"300\" srcset=\"https:\/\/www.guiaglbts.com.br\/blog\/wp-content\/uploads\/2021\/08\/24-08-300x300.png 300w, https:\/\/www.guiaglbts.com.br\/blog\/wp-content\/uploads\/2021\/08\/24-08-100x100.png 100w, https:\/\/www.guiaglbts.com.br\/blog\/wp-content\/uploads\/2021\/08\/24-08-600x600.png 600w, https:\/\/www.guiaglbts.com.br\/blog\/wp-content\/uploads\/2021\/08\/24-08-1024x1024.png 1024w, https:\/\/www.guiaglbts.com.br\/blog\/wp-content\/uploads\/2021\/08\/24-08-150x150.png 150w, https:\/\/www.guiaglbts.com.br\/blog\/wp-content\/uploads\/2021\/08\/24-08-768x768.png 768w, https:\/\/www.guiaglbts.com.br\/blog\/wp-content\/uploads\/2021\/08\/24-08.png 1080w\" sizes=\"(max-width: 300px) 100vw, 300px\" \/><\/a><\/p>\n<p>&nbsp;<\/p>\n<p>&nbsp;<\/p>\n<p>&nbsp;<\/p>\n<p>&nbsp;<\/p>\n<p>&nbsp;<\/p>\n<p>&nbsp;<\/p>\n<p>&nbsp;<\/p>\n<p><span style=\"font-weight: 400;\">Foi marcado para o dia 29 de Agosto, \u00e0s 14h, um protesto pedindo que o governador Jo\u00e3o D\u00f3ria (PSDB) cumpra a promessa feita em 2014 pelo ex-governador Geraldo Alckmin (PSDB) de levar o Museu da Diversidade Sexual, atualmente localizado na Rep\u00fablica, para a Av. Paulista.<\/span><\/p>\n<p><span style=\"font-weight: 400;\">Quando o mandato de Alckmin acabou em 2018, n\u00e3o foi poss\u00edvel concretizar a mudan\u00e7a do museu. Visto que a Unidade de Preserva\u00e7\u00e3o do Patrim\u00f4nio Museol\u00f3gico ainda n\u00e3o tinha posse do im\u00f3vel.<\/span><\/p>\n<p><span style=\"font-weight: 400;\">Em 2019 o atual governador conseguiu posse do casar\u00e3o, mas informou ao jornal Estado de S.Paulo que abriria um processo p\u00fablico de sele\u00e7\u00e3o para escolher qual projeto se aplicaria ao im\u00f3vel. Deixando em aberto a possibilidade de l\u00e1 n\u00e3o ser mais a nova sede do Museu da Diversidade Cultural.\u00a0<\/span><\/p>\n<p><span style=\"font-weight: 400;\">Em julho de 2020, Doria informou que o casar\u00e3o seria o Museu da Gastronomia, descartando de vez o Museu da Diversidade Cultural. Por isso foi marcada a manifesta\u00e7\u00e3o em busca de uma resposta do Governador.<\/span><\/p>\n<p><span style=\"font-weight: 400;\">#GuiaLGBT #MuseuDaDiversidade #diversidade #respeito #museu #representatividade #paulista #manifestacao<\/span><\/p>\n","protected":false},"excerpt":{"rendered":"<p>&nbsp; &nbsp; &nbsp; &nbsp; &nbsp; &nbsp; &nbsp; Foi marcado para o dia 29 de Agosto, \u00e0s 14h, um protesto pedindo que o governador Jo\u00e3o D\u00f3ria (PSDB) cumpra a promessa feita em 2014 pelo ex-governador Geraldo Alckmin (PSDB) de levar o Museu da Diversidade Sexual, atualmente localizado na Rep\u00fablica, para a Av. Paulista. Quando o mandato [&hellip;]<\/p>\n","protected":false},"author":2,"featured_media":0,"comment_status":"open","ping_status":"open","sticky":false,"template":"","format":"standard","meta":{"footnotes":""},"categories":[1],"tags":[],"class_list":["post-5923","post","type-post","status-publish","format-standard","hentry","category-sem-categoria"],"yoast_head":"<!-- This site is optimized with the Yoast SEO plugin v27.2 - https:\/\/yoast.com\/product\/yoast-seo-wordpress\/ -->\n<title>Dia 29 de agosto ocorrer\u00e1 ato na Av. Paulista pedindo resposta do Governo do Estado em rela\u00e7\u00e3o ao Museu da Diversidade - Guia GLBTS<\/title>\n<meta name=\"robots\" content=\"index, follow, max-snippet:-1, max-image-preview:large, max-video-preview:-1\" \/>\n<link rel=\"canonical\" href=\"https:\/\/www.guiaglbts.com.br\/blog\/dia-29-de-agosto-ocorrera-ato-na-av-paulista-pedindo-resposta-do-governo-do-estado-em-relacao-ao-museu-da-diversidade\/\" \/>\n<meta property=\"og:locale\" content=\"pt_BR\" \/>\n<meta property=\"og:type\" content=\"article\" \/>\n<meta property=\"og:title\" content=\"Dia 29 de agosto ocorrer\u00e1 ato na Av. Paulista pedindo resposta do Governo do Estado em rela\u00e7\u00e3o ao Museu da Diversidade - Guia GLBTS\" \/>\n<meta property=\"og:description\" content=\"&nbsp; &nbsp; &nbsp; &nbsp; &nbsp; &nbsp; &nbsp; Foi marcado para o dia 29 de Agosto, \u00e0s 14h, um protesto pedindo que o governador Jo\u00e3o D\u00f3ria (PSDB) cumpra a promessa feita em 2014 pelo ex-governador Geraldo Alckmin (PSDB) de levar o Museu da Diversidade Sexual, atualmente localizado na Rep\u00fablica, para a Av. Paulista. Quando o mandato [&hellip;]\" \/>\n<meta property=\"og:url\" content=\"https:\/\/www.guiaglbts.com.br\/blog\/dia-29-de-agosto-ocorrera-ato-na-av-paulista-pedindo-resposta-do-governo-do-estado-em-relacao-ao-museu-da-diversidade\/\" \/>\n<meta property=\"og:site_name\" content=\"Guia GLBTS\" \/>\n<meta property=\"article:publisher\" content=\"https:\/\/www.facebook.com\/guialgbtsclassificados\" \/>\n<meta property=\"article:published_time\" content=\"2021-08-24T16:33:12+00:00\" \/>\n<meta property=\"og:image\" content=\"https:\/\/www.guiaglbts.com.br\/blog\/wp-content\/uploads\/2021\/08\/24-08.png\" \/>\n\t<meta property=\"og:image:width\" content=\"1080\" \/>\n\t<meta property=\"og:image:height\" content=\"1080\" \/>\n\t<meta property=\"og:image:type\" content=\"image\/png\" \/>\n<meta name=\"author\" content=\"Ellos Design\" \/>\n<meta name=\"twitter:card\" content=\"summary_large_image\" \/>\n<meta name=\"twitter:creator\" content=\"@GuiaLGBTS\" \/>\n<meta name=\"twitter:site\" content=\"@GuiaLGBTS\" \/>\n<meta name=\"twitter:label1\" content=\"Escrito por\" \/>\n\t<meta name=\"twitter:data1\" content=\"Ellos Design\" \/>\n\t<meta name=\"twitter:label2\" content=\"Est. tempo de leitura\" \/>\n\t<meta name=\"twitter:data2\" content=\"1 minuto\" \/>\n<script type=\"application\/ld+json\" class=\"yoast-schema-graph\">{\"@context\":\"https:\/\/schema.org\",\"@graph\":[{\"@type\":\"Article\",\"@id\":\"https:\/\/www.guiaglbts.com.br\/blog\/dia-29-de-agosto-ocorrera-ato-na-av-paulista-pedindo-resposta-do-governo-do-estado-em-relacao-ao-museu-da-diversidade\/#article\",\"isPartOf\":{\"@id\":\"https:\/\/www.guiaglbts.com.br\/blog\/dia-29-de-agosto-ocorrera-ato-na-av-paulista-pedindo-resposta-do-governo-do-estado-em-relacao-ao-museu-da-diversidade\/\"},\"author\":{\"name\":\"Ellos Design\",\"@id\":\"https:\/\/www.guiaglbts.com.br\/blog\/#\/schema\/person\/26d0c7f8b7991962d310475ce84fcd3e\"},\"headline\":\"Dia 29 de agosto ocorrer\u00e1 ato na Av. Paulista pedindo resposta do Governo do Estado em rela\u00e7\u00e3o ao Museu da Diversidade\",\"datePublished\":\"2021-08-24T16:33:12+00:00\",\"mainEntityOfPage\":{\"@id\":\"https:\/\/www.guiaglbts.com.br\/blog\/dia-29-de-agosto-ocorrera-ato-na-av-paulista-pedindo-resposta-do-governo-do-estado-em-relacao-ao-museu-da-diversidade\/\"},\"wordCount\":210,\"commentCount\":0,\"publisher\":{\"@id\":\"https:\/\/www.guiaglbts.com.br\/blog\/#organization\"},\"image\":{\"@id\":\"https:\/\/www.guiaglbts.com.br\/blog\/dia-29-de-agosto-ocorrera-ato-na-av-paulista-pedindo-resposta-do-governo-do-estado-em-relacao-ao-museu-da-diversidade\/#primaryimage\"},\"thumbnailUrl\":\"https:\/\/www.guiaglbts.com.br\/blog\/wp-content\/uploads\/2021\/08\/24-08-300x300.png\",\"inLanguage\":\"pt-BR\",\"potentialAction\":[{\"@type\":\"CommentAction\",\"name\":\"Comment\",\"target\":[\"https:\/\/www.guiaglbts.com.br\/blog\/dia-29-de-agosto-ocorrera-ato-na-av-paulista-pedindo-resposta-do-governo-do-estado-em-relacao-ao-museu-da-diversidade\/#respond\"]}]},{\"@type\":\"WebPage\",\"@id\":\"https:\/\/www.guiaglbts.com.br\/blog\/dia-29-de-agosto-ocorrera-ato-na-av-paulista-pedindo-resposta-do-governo-do-estado-em-relacao-ao-museu-da-diversidade\/\",\"url\":\"https:\/\/www.guiaglbts.com.br\/blog\/dia-29-de-agosto-ocorrera-ato-na-av-paulista-pedindo-resposta-do-governo-do-estado-em-relacao-ao-museu-da-diversidade\/\",\"name\":\"Dia 29 de agosto ocorrer\u00e1 ato na Av. Paulista pedindo resposta do Governo do Estado em rela\u00e7\u00e3o ao Museu da Diversidade - Guia GLBTS\",\"isPartOf\":{\"@id\":\"https:\/\/www.guiaglbts.com.br\/blog\/#website\"},\"primaryImageOfPage\":{\"@id\":\"https:\/\/www.guiaglbts.com.br\/blog\/dia-29-de-agosto-ocorrera-ato-na-av-paulista-pedindo-resposta-do-governo-do-estado-em-relacao-ao-museu-da-diversidade\/#primaryimage\"},\"image\":{\"@id\":\"https:\/\/www.guiaglbts.com.br\/blog\/dia-29-de-agosto-ocorrera-ato-na-av-paulista-pedindo-resposta-do-governo-do-estado-em-relacao-ao-museu-da-diversidade\/#primaryimage\"},\"thumbnailUrl\":\"https:\/\/www.guiaglbts.com.br\/blog\/wp-content\/uploads\/2021\/08\/24-08-300x300.png\",\"datePublished\":\"2021-08-24T16:33:12+00:00\",\"breadcrumb\":{\"@id\":\"https:\/\/www.guiaglbts.com.br\/blog\/dia-29-de-agosto-ocorrera-ato-na-av-paulista-pedindo-resposta-do-governo-do-estado-em-relacao-ao-museu-da-diversidade\/#breadcrumb\"},\"inLanguage\":\"pt-BR\",\"potentialAction\":[{\"@type\":\"ReadAction\",\"target\":[\"https:\/\/www.guiaglbts.com.br\/blog\/dia-29-de-agosto-ocorrera-ato-na-av-paulista-pedindo-resposta-do-governo-do-estado-em-relacao-ao-museu-da-diversidade\/\"]}]},{\"@type\":\"ImageObject\",\"inLanguage\":\"pt-BR\",\"@id\":\"https:\/\/www.guiaglbts.com.br\/blog\/dia-29-de-agosto-ocorrera-ato-na-av-paulista-pedindo-resposta-do-governo-do-estado-em-relacao-ao-museu-da-diversidade\/#primaryimage\",\"url\":\"https:\/\/www.guiaglbts.com.br\/blog\/wp-content\/uploads\/2021\/08\/24-08.png\",\"contentUrl\":\"https:\/\/www.guiaglbts.com.br\/blog\/wp-content\/uploads\/2021\/08\/24-08.png\",\"width\":1080,\"height\":1080},{\"@type\":\"BreadcrumbList\",\"@id\":\"https:\/\/www.guiaglbts.com.br\/blog\/dia-29-de-agosto-ocorrera-ato-na-av-paulista-pedindo-resposta-do-governo-do-estado-em-relacao-ao-museu-da-diversidade\/#breadcrumb\",\"itemListElement\":[{\"@type\":\"ListItem\",\"position\":1,\"name\":\"In\u00edcio\",\"item\":\"https:\/\/www.guiaglbts.com.br\/blog\/\"},{\"@type\":\"ListItem\",\"position\":2,\"name\":\"Dia 29 de agosto ocorrer\u00e1 ato na Av. Paulista pedindo resposta do Governo do Estado em rela\u00e7\u00e3o ao Museu da Diversidade\"}]},{\"@type\":\"WebSite\",\"@id\":\"https:\/\/www.guiaglbts.com.br\/blog\/#website\",\"url\":\"https:\/\/www.guiaglbts.com.br\/blog\/\",\"name\":\"Guia GLBTS\",\"description\":\"Guia da Nany People\",\"publisher\":{\"@id\":\"https:\/\/www.guiaglbts.com.br\/blog\/#organization\"},\"potentialAction\":[{\"@type\":\"SearchAction\",\"target\":{\"@type\":\"EntryPoint\",\"urlTemplate\":\"https:\/\/www.guiaglbts.com.br\/blog\/?s={search_term_string}\"},\"query-input\":{\"@type\":\"PropertyValueSpecification\",\"valueRequired\":true,\"valueName\":\"search_term_string\"}}],\"inLanguage\":\"pt-BR\"},{\"@type\":\"Organization\",\"@id\":\"https:\/\/www.guiaglbts.com.br\/blog\/#organization\",\"name\":\"Guia GLBTS\",\"url\":\"https:\/\/www.guiaglbts.com.br\/blog\/\",\"logo\":{\"@type\":\"ImageObject\",\"inLanguage\":\"pt-BR\",\"@id\":\"https:\/\/www.guiaglbts.com.br\/blog\/#\/schema\/logo\/image\/\",\"url\":\"https:\/\/www.guiaglbts.com.br\/blog\/wp-content\/uploads\/2025\/08\/logo_guia.png\",\"contentUrl\":\"https:\/\/www.guiaglbts.com.br\/blog\/wp-content\/uploads\/2025\/08\/logo_guia.png\",\"width\":310,\"height\":78,\"caption\":\"Guia GLBTS\"},\"image\":{\"@id\":\"https:\/\/www.guiaglbts.com.br\/blog\/#\/schema\/logo\/image\/\"},\"sameAs\":[\"https:\/\/www.facebook.com\/guialgbtsclassificados\",\"https:\/\/x.com\/GuiaLGBTS\",\"https:\/\/www.instagram.com\/guiadananypeople\/\",\"https:\/\/www.youtube.com\/user\/GuiaLGBTS\"]},{\"@type\":\"Person\",\"@id\":\"https:\/\/www.guiaglbts.com.br\/blog\/#\/schema\/person\/26d0c7f8b7991962d310475ce84fcd3e\",\"name\":\"Ellos Design\",\"image\":{\"@type\":\"ImageObject\",\"inLanguage\":\"pt-BR\",\"@id\":\"https:\/\/secure.gravatar.com\/avatar\/34b58000c3a22ae0b540f58577ea8359e60439a7b722b361769d039ac0bbf649?s=96&d=mm&r=g\",\"url\":\"https:\/\/secure.gravatar.com\/avatar\/34b58000c3a22ae0b540f58577ea8359e60439a7b722b361769d039ac0bbf649?s=96&d=mm&r=g\",\"contentUrl\":\"https:\/\/secure.gravatar.com\/avatar\/34b58000c3a22ae0b540f58577ea8359e60439a7b722b361769d039ac0bbf649?s=96&d=mm&r=g\",\"caption\":\"Ellos Design\"},\"sameAs\":[\"https:\/\/www.guiaglbts.com.br\"],\"url\":\"https:\/\/www.guiaglbts.com.br\/blog\/author\/ellos\/\"}]}<\/script>\n<!-- \/ Yoast SEO plugin. -->","yoast_head_json":{"title":"Dia 29 de agosto ocorrer\u00e1 ato na Av. Paulista pedindo resposta do Governo do Estado em rela\u00e7\u00e3o ao Museu da Diversidade - Guia GLBTS","robots":{"index":"index","follow":"follow","max-snippet":"max-snippet:-1","max-image-preview":"max-image-preview:large","max-video-preview":"max-video-preview:-1"},"canonical":"https:\/\/www.guiaglbts.com.br\/blog\/dia-29-de-agosto-ocorrera-ato-na-av-paulista-pedindo-resposta-do-governo-do-estado-em-relacao-ao-museu-da-diversidade\/","og_locale":"pt_BR","og_type":"article","og_title":"Dia 29 de agosto ocorrer\u00e1 ato na Av. Paulista pedindo resposta do Governo do Estado em rela\u00e7\u00e3o ao Museu da Diversidade - Guia GLBTS","og_description":"&nbsp; &nbsp; &nbsp; &nbsp; &nbsp; &nbsp; &nbsp; Foi marcado para o dia 29 de Agosto, \u00e0s 14h, um protesto pedindo que o governador Jo\u00e3o D\u00f3ria (PSDB) cumpra a promessa feita em 2014 pelo ex-governador Geraldo Alckmin (PSDB) de levar o Museu da Diversidade Sexual, atualmente localizado na Rep\u00fablica, para a Av. Paulista. Quando o mandato [&hellip;]","og_url":"https:\/\/www.guiaglbts.com.br\/blog\/dia-29-de-agosto-ocorrera-ato-na-av-paulista-pedindo-resposta-do-governo-do-estado-em-relacao-ao-museu-da-diversidade\/","og_site_name":"Guia GLBTS","article_publisher":"https:\/\/www.facebook.com\/guialgbtsclassificados","article_published_time":"2021-08-24T16:33:12+00:00","og_image":[{"width":1080,"height":1080,"url":"https:\/\/www.guiaglbts.com.br\/blog\/wp-content\/uploads\/2021\/08\/24-08.png","type":"image\/png"}],"author":"Ellos Design","twitter_card":"summary_large_image","twitter_creator":"@GuiaLGBTS","twitter_site":"@GuiaLGBTS","twitter_misc":{"Escrito por":"Ellos Design","Est. tempo de leitura":"1 minuto"},"schema":{"@context":"https:\/\/schema.org","@graph":[{"@type":"Article","@id":"https:\/\/www.guiaglbts.com.br\/blog\/dia-29-de-agosto-ocorrera-ato-na-av-paulista-pedindo-resposta-do-governo-do-estado-em-relacao-ao-museu-da-diversidade\/#article","isPartOf":{"@id":"https:\/\/www.guiaglbts.com.br\/blog\/dia-29-de-agosto-ocorrera-ato-na-av-paulista-pedindo-resposta-do-governo-do-estado-em-relacao-ao-museu-da-diversidade\/"},"author":{"name":"Ellos Design","@id":"https:\/\/www.guiaglbts.com.br\/blog\/#\/schema\/person\/26d0c7f8b7991962d310475ce84fcd3e"},"headline":"Dia 29 de agosto ocorrer\u00e1 ato na Av. Paulista pedindo resposta do Governo do Estado em rela\u00e7\u00e3o ao Museu da Diversidade","datePublished":"2021-08-24T16:33:12+00:00","mainEntityOfPage":{"@id":"https:\/\/www.guiaglbts.com.br\/blog\/dia-29-de-agosto-ocorrera-ato-na-av-paulista-pedindo-resposta-do-governo-do-estado-em-relacao-ao-museu-da-diversidade\/"},"wordCount":210,"commentCount":0,"publisher":{"@id":"https:\/\/www.guiaglbts.com.br\/blog\/#organization"},"image":{"@id":"https:\/\/www.guiaglbts.com.br\/blog\/dia-29-de-agosto-ocorrera-ato-na-av-paulista-pedindo-resposta-do-governo-do-estado-em-relacao-ao-museu-da-diversidade\/#primaryimage"},"thumbnailUrl":"https:\/\/www.guiaglbts.com.br\/blog\/wp-content\/uploads\/2021\/08\/24-08-300x300.png","inLanguage":"pt-BR","potentialAction":[{"@type":"CommentAction","name":"Comment","target":["https:\/\/www.guiaglbts.com.br\/blog\/dia-29-de-agosto-ocorrera-ato-na-av-paulista-pedindo-resposta-do-governo-do-estado-em-relacao-ao-museu-da-diversidade\/#respond"]}]},{"@type":"WebPage","@id":"https:\/\/www.guiaglbts.com.br\/blog\/dia-29-de-agosto-ocorrera-ato-na-av-paulista-pedindo-resposta-do-governo-do-estado-em-relacao-ao-museu-da-diversidade\/","url":"https:\/\/www.guiaglbts.com.br\/blog\/dia-29-de-agosto-ocorrera-ato-na-av-paulista-pedindo-resposta-do-governo-do-estado-em-relacao-ao-museu-da-diversidade\/","name":"Dia 29 de agosto ocorrer\u00e1 ato na Av. Paulista pedindo resposta do Governo do Estado em rela\u00e7\u00e3o ao Museu da Diversidade - Guia GLBTS","isPartOf":{"@id":"https:\/\/www.guiaglbts.com.br\/blog\/#website"},"primaryImageOfPage":{"@id":"https:\/\/www.guiaglbts.com.br\/blog\/dia-29-de-agosto-ocorrera-ato-na-av-paulista-pedindo-resposta-do-governo-do-estado-em-relacao-ao-museu-da-diversidade\/#primaryimage"},"image":{"@id":"https:\/\/www.guiaglbts.com.br\/blog\/dia-29-de-agosto-ocorrera-ato-na-av-paulista-pedindo-resposta-do-governo-do-estado-em-relacao-ao-museu-da-diversidade\/#primaryimage"},"thumbnailUrl":"https:\/\/www.guiaglbts.com.br\/blog\/wp-content\/uploads\/2021\/08\/24-08-300x300.png","datePublished":"2021-08-24T16:33:12+00:00","breadcrumb":{"@id":"https:\/\/www.guiaglbts.com.br\/blog\/dia-29-de-agosto-ocorrera-ato-na-av-paulista-pedindo-resposta-do-governo-do-estado-em-relacao-ao-museu-da-diversidade\/#breadcrumb"},"inLanguage":"pt-BR","potentialAction":[{"@type":"ReadAction","target":["https:\/\/www.guiaglbts.com.br\/blog\/dia-29-de-agosto-ocorrera-ato-na-av-paulista-pedindo-resposta-do-governo-do-estado-em-relacao-ao-museu-da-diversidade\/"]}]},{"@type":"ImageObject","inLanguage":"pt-BR","@id":"https:\/\/www.guiaglbts.com.br\/blog\/dia-29-de-agosto-ocorrera-ato-na-av-paulista-pedindo-resposta-do-governo-do-estado-em-relacao-ao-museu-da-diversidade\/#primaryimage","url":"https:\/\/www.guiaglbts.com.br\/blog\/wp-content\/uploads\/2021\/08\/24-08.png","contentUrl":"https:\/\/www.guiaglbts.com.br\/blog\/wp-content\/uploads\/2021\/08\/24-08.png","width":1080,"height":1080},{"@type":"BreadcrumbList","@id":"https:\/\/www.guiaglbts.com.br\/blog\/dia-29-de-agosto-ocorrera-ato-na-av-paulista-pedindo-resposta-do-governo-do-estado-em-relacao-ao-museu-da-diversidade\/#breadcrumb","itemListElement":[{"@type":"ListItem","position":1,"name":"In\u00edcio","item":"https:\/\/www.guiaglbts.com.br\/blog\/"},{"@type":"ListItem","position":2,"name":"Dia 29 de agosto ocorrer\u00e1 ato na Av. Paulista pedindo resposta do Governo do Estado em rela\u00e7\u00e3o ao Museu da Diversidade"}]},{"@type":"WebSite","@id":"https:\/\/www.guiaglbts.com.br\/blog\/#website","url":"https:\/\/www.guiaglbts.com.br\/blog\/","name":"Guia GLBTS","description":"Guia da Nany People","publisher":{"@id":"https:\/\/www.guiaglbts.com.br\/blog\/#organization"},"potentialAction":[{"@type":"SearchAction","target":{"@type":"EntryPoint","urlTemplate":"https:\/\/www.guiaglbts.com.br\/blog\/?s={search_term_string}"},"query-input":{"@type":"PropertyValueSpecification","valueRequired":true,"valueName":"search_term_string"}}],"inLanguage":"pt-BR"},{"@type":"Organization","@id":"https:\/\/www.guiaglbts.com.br\/blog\/#organization","name":"Guia GLBTS","url":"https:\/\/www.guiaglbts.com.br\/blog\/","logo":{"@type":"ImageObject","inLanguage":"pt-BR","@id":"https:\/\/www.guiaglbts.com.br\/blog\/#\/schema\/logo\/image\/","url":"https:\/\/www.guiaglbts.com.br\/blog\/wp-content\/uploads\/2025\/08\/logo_guia.png","contentUrl":"https:\/\/www.guiaglbts.com.br\/blog\/wp-content\/uploads\/2025\/08\/logo_guia.png","width":310,"height":78,"caption":"Guia GLBTS"},"image":{"@id":"https:\/\/www.guiaglbts.com.br\/blog\/#\/schema\/logo\/image\/"},"sameAs":["https:\/\/www.facebook.com\/guialgbtsclassificados","https:\/\/x.com\/GuiaLGBTS","https:\/\/www.instagram.com\/guiadananypeople\/","https:\/\/www.youtube.com\/user\/GuiaLGBTS"]},{"@type":"Person","@id":"https:\/\/www.guiaglbts.com.br\/blog\/#\/schema\/person\/26d0c7f8b7991962d310475ce84fcd3e","name":"Ellos Design","image":{"@type":"ImageObject","inLanguage":"pt-BR","@id":"https:\/\/secure.gravatar.com\/avatar\/34b58000c3a22ae0b540f58577ea8359e60439a7b722b361769d039ac0bbf649?s=96&d=mm&r=g","url":"https:\/\/secure.gravatar.com\/avatar\/34b58000c3a22ae0b540f58577ea8359e60439a7b722b361769d039ac0bbf649?s=96&d=mm&r=g","contentUrl":"https:\/\/secure.gravatar.com\/avatar\/34b58000c3a22ae0b540f58577ea8359e60439a7b722b361769d039ac0bbf649?s=96&d=mm&r=g","caption":"Ellos Design"},"sameAs":["https:\/\/www.guiaglbts.com.br"],"url":"https:\/\/www.guiaglbts.com.br\/blog\/author\/ellos\/"}]}},"_links":{"self":[{"href":"https:\/\/www.guiaglbts.com.br\/blog\/wp-json\/wp\/v2\/posts\/5923","targetHints":{"allow":["GET"]}}],"collection":[{"href":"https:\/\/www.guiaglbts.com.br\/blog\/wp-json\/wp\/v2\/posts"}],"about":[{"href":"https:\/\/www.guiaglbts.com.br\/blog\/wp-json\/wp\/v2\/types\/post"}],"author":[{"embeddable":true,"href":"https:\/\/www.guiaglbts.com.br\/blog\/wp-json\/wp\/v2\/users\/2"}],"replies":[{"embeddable":true,"href":"https:\/\/www.guiaglbts.com.br\/blog\/wp-json\/wp\/v2\/comments?post=5923"}],"version-history":[{"count":1,"href":"https:\/\/www.guiaglbts.com.br\/blog\/wp-json\/wp\/v2\/posts\/5923\/revisions"}],"predecessor-version":[{"id":5927,"href":"https:\/\/www.guiaglbts.com.br\/blog\/wp-json\/wp\/v2\/posts\/5923\/revisions\/5927"}],"wp:attachment":[{"href":"https:\/\/www.guiaglbts.com.br\/blog\/wp-json\/wp\/v2\/media?parent=5923"}],"wp:term":[{"taxonomy":"category","embeddable":true,"href":"https:\/\/www.guiaglbts.com.br\/blog\/wp-json\/wp\/v2\/categories?post=5923"},{"taxonomy":"post_tag","embeddable":true,"href":"https:\/\/www.guiaglbts.com.br\/blog\/wp-json\/wp\/v2\/tags?post=5923"}],"curies":[{"name":"wp","href":"https:\/\/api.w.org\/{rel}","templated":true}]}}