{"id":4938,"date":"2021-01-29T14:05:02","date_gmt":"2021-01-29T16:05:02","guid":{"rendered":"https:\/\/www.guiaglbts.com.br\/blog\/?p=4938"},"modified":"2021-01-29T18:05:04","modified_gmt":"2021-01-29T20:05:04","slug":"sao-paulo-celebra-semana-da-visibilidade-trans-com-diversos-eventos-e-divulga-a-primeira-fase-do-inedito-mapeamento-trans","status":"publish","type":"post","link":"https:\/\/www.guiaglbts.com.br\/blog\/sao-paulo-celebra-semana-da-visibilidade-trans-com-diversos-eventos-e-divulga-a-primeira-fase-do-inedito-mapeamento-trans\/","title":{"rendered":"S\u00e3o Paulo celebra Semana da Visibilidade Trans com diversos eventos e divulga a primeira fase do in\u00e9dito Mapeamento Trans"},"content":{"rendered":"<p>&nbsp;<\/p>\n<p><img decoding=\"async\" class=\"size-full wp-image-4939 aligncenter\" src=\"https:\/\/www.guiaglbts.com.br\/blog\/wp-content\/uploads\/2021\/01\/logo.jpg\" alt=\"\" width=\"142\" height=\"167\" \/><\/p>\n<p><strong>S\u00e3o Paulo celebra Semana da Visibilidade Trans com diversos eventos e divulga a primeira fase do in\u00e9dito Mapeamento Trans<\/strong><\/p>\n<p><strong>\u00a0<\/strong><em>Live desta ter\u00e7a-feira promove discuss\u00e3o sobre a necessidade de transforma\u00e7\u00e3o cultural das empresas <\/em><\/p>\n<p>A pr\u00f3xima sexta-feira 29 \u00e9 o Dia da Visibilidade Trans, e para marcar a data, a Prefeitura, por meio da Secretaria Municipal de Direitos Humanos e Cidadania (SMDHC), promove uma programa\u00e7\u00e3o especial de atividades na capital paulista.<\/p>\n<p>A programa\u00e7\u00e3o da Semana da Visibilidade Trans inclui a divulga\u00e7\u00e3o, na sexta-feira, dos resultados da fase quantitativa do primeiro mapeamento Trans realizado na cidade de S\u00e3o Paulo. Os pesquisadores ouviram 1650 pessoas trans de diversos bairros.<\/p>\n<p>Ainda na sexta-feira, no encerramento da programa\u00e7\u00e3o, haver\u00e1 o lan\u00e7amento da placa de reinaugura\u00e7\u00e3o do Centro de Refer\u00eancia de Defesa da Diversidade CRD, que passa da administra\u00e7\u00e3o da Secretaria Municipal de Assist\u00eancia e Desenvolvimento Social, para a SMDHC, e recebe o nome de Brunna Valin, em homenagem \u00e0 ativista trans morta em 2020.<\/p>\n<p>Nesta quarta-feira, (27\/1) \u00e0s 16h, ser\u00e1 realizada nas redes sociais da SMDHC (Youtube e Facebook) a live \u201cComo fazer a\u00a0<em>trans forma\u00e7\u00e3o<\/em>\u00a0na cultura das empresas\u201d, um bate papo importante para o reconhecimento das dificuldades de acesso que a popula\u00e7\u00e3o trans enfrenta no mercado de trabalho e as barreiras a serem derrubadas quando inseridas no ambiente corporativo. Participar\u00e3o do bate papo as ativistas Aline Moreira, Gabriella Bueno e F\u00ea Maidel, com a media\u00e7\u00e3o de Ricardo Olimpio.<\/p>\n<p>Dados da Associa\u00e7\u00e3o Nacional de Travestis e Transexuais (ANTRA), revelam que para a maioria das pessoas trans, o mercado de trabalho formal ainda \u00e9 sin\u00f4nimo de uma luta a ser vencida. Um \u00faltimo levantamento informa que no Brasil, 90% desta popula\u00e7\u00e3o tem a prostitui\u00e7\u00e3o como fonte de renda e possibilidade de subsist\u00eancia.<\/p>\n<p>\u201cA Popula\u00e7\u00e3o Trans \u00e9 um dos grupos sociais mais vulner\u00e1veis da cidade, seja \u00e0 viol\u00eancia, \u00e0 discrimina\u00e7\u00e3o e ao preconceito que o machismo e a transfobia exercem ainda nos dias de hoje. A gest\u00e3o municipal tem um olhar muito atento para o combate a esse tipo de discrimina\u00e7\u00e3o e por isso o investimento nesse programa, que na realidade \u00e9 um programa de garantia de direitos\u201d, explica a secret\u00e1ria municipal de Direitos Humanos e Cidadania, Claudia Carletto.<\/p>\n<p><strong>A\u00e7\u00e3o de Inclus\u00e3o e Diversidade<\/strong><\/p>\n<p><strong>\u00a0<\/strong>O Programa Transcidadania da Prefeitura de S\u00e3o Paulo, sob a responsabilidade da Secretaria Municipal de Direitos Humanos e Cidadania, oferece uma bolsa mensal para pessoas trans que se comprometem a buscar a progress\u00e3o escolar, nas escolas p\u00fablicas referenciadas, que oferecem um ambiente mais prop\u00edcio para essa diversidade. O Programa \u00e9 descentralizado nos Centros de Cidadania LGBTI da prefeitura, onde as participantes t\u00eam apoio psicol\u00f3gico e de assist\u00eancia Social, refor\u00e7o escolar, e cursos e oficinas de capacita\u00e7\u00e3o para aumentar as chances de entrada no mercado de trabalho formal.<\/p>\n<p>De ter\u00e7a a sexta-feira, 26 a 29\/01, ser\u00e3o promovidos eventos na forma de lives sobre diversos aspectos da tem\u00e1tica da transexualidade, abordando pol\u00edticas p\u00fablicas relacionadas a quest\u00f5es de enfrentamento ao preconceito e \u00e0 viol\u00eancia, atendimento e tratamento de sa\u00fade e dificuldades de mulheres transexuais e homens trans para se inserir no mercado de trabalho\u00a0<strong>(veja a programa\u00e7\u00e3o ao final do texto)<\/strong>. Por conta dos cuidados necess\u00e1rios para preven\u00e7\u00e3o da Covid-19, os eventos ser\u00e3o todos online e transmitidos pelas redes sociais da SMDHC.<\/p>\n<p><strong>\u00a0<\/strong><strong>Servi\u00e7o<\/strong><\/p>\n<p><strong>Semana da Visibilidade Trans<\/strong><\/p>\n<p><strong>\u00a0<\/strong><strong>27\/01, quarta-feira \u00e0s 16h<\/strong><\/p>\n<p>Live: Como fazer a\u00a0<em>trans forma\u00e7\u00e3o<\/em>\u00a0na cultura das empresas<\/p>\n<p>Convidados: Aline Moreira, Gabriella Bueno, F\u00ea Maidel<\/p>\n<p>Mediador: Ricardo Olimpio<\/p>\n<p>&nbsp;<\/p>\n<p>Link do Youtube: <a href=\"https:\/\/www.youtube.com\/watch?v=-fiG6Wbq1lg\">https:\/\/www.youtube.com\/watch?v=-fiG6Wbq1lg<\/a><br \/>\nLink do Facebook: ser\u00e1 criada no dia<\/p>\n<p><strong>3 \u2013 Evento on line<\/strong><br \/>\nData 28\/01 \u00e0s 19h00<br \/>\nTema: A sa\u00fade e as dificuldades da pessoa trans?<br \/>\nConvidados: Dr. Ricardo Martins CRT, Pedro Pires (psic\u00f3logo), Dr Daniel Mori<\/p>\n<p>Mediadora: F\u00ea Maidel<\/p>\n<p>Link do Youtube:\u00a0<a href=\"https:\/\/www.youtube.com\/watch?v=8vaZ9X4NaNY\">https:\/\/www.youtube.com\/watch?v=8vaZ9X4NaNY<\/a><br \/>\nLink do Facebook: ser\u00e1 criada no dia<\/p>\n<p><strong>4 \u2013 Evento on line<\/strong><br \/>\nData: 29\/01 \u00e0s 14h00 \u2013 Dia da Visibilidade Trans<\/p>\n<p>Apresenta\u00e7\u00e3o do Resumida do Relat\u00f3rio da 1\u00b0 Fase do Mapeamento Trans<br \/>\n&#8211; Abertura com coordenador LGBTI E Abigail Transcidadania<br \/>\n&#8211; Fala da Secret\u00e1ria Ana Cl\u00e1udia Carletto<br \/>\n&#8211; Fala do Vereador Eduardo Suplicy<br \/>\n&#8211; Apresenta\u00e7\u00e3o do Relat\u00f3rio pelo pessoal do CEDEC<\/p>\n<p>Link do Youtube:\u00a0<a href=\"https:\/\/www.youtube.com\/watch?v=Ddfj5DVO05k\">https:\/\/www.youtube.com\/watch?v=Ddfj5DVO05k<\/a><br \/>\nLink do Facebook: ser\u00e1 criado no dia<\/p>\n<p><strong>5 \u2013 Evento on line<\/strong><br \/>\nData: 29\/01 \u00e0s 15h00 \u2013 Dia da Visibilidade Trans<\/p>\n<p>Lan\u00e7amento do Calend\u00e1rio Trans 2021<br \/>\nOrganiza\u00e7\u00e3o: Centro de Cidadania LGBTI Claudia Wonder<br \/>\nConvidada: Jog\u00ea Pinheiro \u2013 artista e jornalista<br \/>\nInstagram:\u00a0<a href=\"https:\/\/www.instagram.com\/casarao_brasil\/\">@casarao_brasil<\/a> <a href=\"https:\/\/www.instagram.com\/politicaslgbti\/\">@politicaslgbti<\/a><\/p>\n<p><strong>6 \u2013 CRD<\/strong><br \/>\nData 29\/01 \u00e0s 18h00<\/p>\n<p>Evento presencial, fechado, para marcar a transi\u00e7\u00e3o do CRD da SMADS para a SMDHC e a inaugura\u00e7\u00e3o da Placa com o nome CRD Brunna Valin.<\/p>\n<p>Convidados: Secret\u00e1ria Claudia Carletto, Floriano Pesaro, Eduardo Barbosa e equipe da coordena\u00e7\u00e3o de Pol\u00edticas para LGBTI.<br \/>\n<strong>Com transmiss\u00e3o ao vivo pelo Facebook e Youtube da SMDHC<\/strong><\/p>\n<p><strong>7 &#8211; Centro de Cidadania Edson Neris<\/strong><br \/>\nExposi\u00e7\u00e3o de Hist\u00f3rias de Vida e Mural Trans<br \/>\nData: 26 a 29\/01 das 9h \u00e0s 18h<\/p>\n<p>Curadoria e apresenta\u00e7\u00e3o de v\u00eddeos<br \/>\nData: 26 a 29\/01 das 9h \u00e0s 18h<\/p>\n<p><strong>8 &#8211; Centro de Cidadania Luana Barbosa<\/strong><br \/>\nLive de transmiss\u00e3o do espet\u00e1culo Les Girls, gravado no dia 21\/01 no Teatro S\u00e9rgio Cardoso.<br \/>\nData: 29\/01 \u00e0s 21h00<br \/>\nLink de acesso: <a href=\"https:\/\/www.facebook.com\/politicaslgbtisp\">https:\/\/www.facebook.com\/politicaslgbtisp<\/a><\/p>\n<p><strong>9 \u2013 Organiza\u00e7\u00e3o da Parada Gay<\/strong><br \/>\nLive de comemora\u00e7\u00e3o ao Dia Nacional da Visibilidade Trans<br \/>\nData: 29\/01 das 16h \u00e0s 18h<\/p>\n<p>Telefone: +55 (11) 2833-4160\/4174\/4175\/4176 ou 4210<\/p>\n","protected":false},"excerpt":{"rendered":"<p>&nbsp; S\u00e3o Paulo celebra Semana da Visibilidade Trans com diversos eventos e divulga a primeira fase do in\u00e9dito Mapeamento Trans \u00a0Live desta ter\u00e7a-feira promove discuss\u00e3o sobre a necessidade de transforma\u00e7\u00e3o cultural das empresas A pr\u00f3xima sexta-feira 29 \u00e9 o Dia da Visibilidade Trans, e para marcar a data, a Prefeitura, por meio da Secretaria Municipal [&hellip;]<\/p>\n","protected":false},"author":1,"featured_media":0,"comment_status":"open","ping_status":"open","sticky":false,"template":"","format":"standard","meta":{"footnotes":""},"categories":[57],"tags":[],"class_list":["post-4938","post","type-post","status-publish","format-standard","hentry","category-eventos"],"yoast_head":"<!-- This site is optimized with the Yoast SEO plugin v27.2 - https:\/\/yoast.com\/product\/yoast-seo-wordpress\/ -->\n<title>S\u00e3o Paulo celebra Semana da Visibilidade Trans com diversos eventos e divulga a primeira fase do in\u00e9dito Mapeamento Trans - Guia GLBTS<\/title>\n<meta name=\"robots\" content=\"index, follow, max-snippet:-1, max-image-preview:large, max-video-preview:-1\" \/>\n<link rel=\"canonical\" href=\"https:\/\/www.guiaglbts.com.br\/blog\/sao-paulo-celebra-semana-da-visibilidade-trans-com-diversos-eventos-e-divulga-a-primeira-fase-do-inedito-mapeamento-trans\/\" \/>\n<meta property=\"og:locale\" content=\"pt_BR\" \/>\n<meta property=\"og:type\" content=\"article\" \/>\n<meta property=\"og:title\" content=\"S\u00e3o Paulo celebra Semana da Visibilidade Trans com diversos eventos e divulga a primeira fase do in\u00e9dito Mapeamento Trans - Guia GLBTS\" \/>\n<meta property=\"og:description\" content=\"&nbsp; S\u00e3o Paulo celebra Semana da Visibilidade Trans com diversos eventos e divulga a primeira fase do in\u00e9dito Mapeamento Trans \u00a0Live desta ter\u00e7a-feira promove discuss\u00e3o sobre a necessidade de transforma\u00e7\u00e3o cultural das empresas A pr\u00f3xima sexta-feira 29 \u00e9 o Dia da Visibilidade Trans, e para marcar a data, a Prefeitura, por meio da Secretaria Municipal [&hellip;]\" \/>\n<meta property=\"og:url\" content=\"https:\/\/www.guiaglbts.com.br\/blog\/sao-paulo-celebra-semana-da-visibilidade-trans-com-diversos-eventos-e-divulga-a-primeira-fase-do-inedito-mapeamento-trans\/\" \/>\n<meta property=\"og:site_name\" content=\"Guia GLBTS\" \/>\n<meta property=\"article:publisher\" content=\"https:\/\/www.facebook.com\/guialgbtsclassificados\" \/>\n<meta property=\"article:published_time\" content=\"2021-01-29T16:05:02+00:00\" \/>\n<meta property=\"article:modified_time\" content=\"2021-01-29T20:05:04+00:00\" \/>\n<meta property=\"og:image\" content=\"https:\/\/www.guiaglbts.com.br\/blog\/wp-content\/uploads\/2021\/01\/logo.jpg\" \/>\n\t<meta property=\"og:image:width\" content=\"142\" \/>\n\t<meta property=\"og:image:height\" content=\"167\" \/>\n\t<meta property=\"og:image:type\" content=\"image\/jpeg\" \/>\n<meta name=\"author\" content=\"Guia LGBTS\" \/>\n<meta name=\"twitter:card\" content=\"summary_large_image\" \/>\n<meta name=\"twitter:creator\" content=\"@GuiaLGBTS\" \/>\n<meta name=\"twitter:site\" content=\"@GuiaLGBTS\" \/>\n<meta name=\"twitter:label1\" content=\"Escrito por\" \/>\n\t<meta name=\"twitter:data1\" content=\"Guia LGBTS\" \/>\n\t<meta name=\"twitter:label2\" content=\"Est. tempo de leitura\" \/>\n\t<meta name=\"twitter:data2\" content=\"5 minutos\" \/>\n<script type=\"application\/ld+json\" class=\"yoast-schema-graph\">{\"@context\":\"https:\/\/schema.org\",\"@graph\":[{\"@type\":\"Article\",\"@id\":\"https:\/\/www.guiaglbts.com.br\/blog\/sao-paulo-celebra-semana-da-visibilidade-trans-com-diversos-eventos-e-divulga-a-primeira-fase-do-inedito-mapeamento-trans\/#article\",\"isPartOf\":{\"@id\":\"https:\/\/www.guiaglbts.com.br\/blog\/sao-paulo-celebra-semana-da-visibilidade-trans-com-diversos-eventos-e-divulga-a-primeira-fase-do-inedito-mapeamento-trans\/\"},\"author\":{\"name\":\"Guia LGBTS\",\"@id\":\"https:\/\/www.guiaglbts.com.br\/blog\/#\/schema\/person\/ff6ebe0fe94614255f5795ea5e49f943\"},\"headline\":\"S\u00e3o Paulo celebra Semana da Visibilidade Trans com diversos eventos e divulga a primeira fase do in\u00e9dito Mapeamento Trans\",\"datePublished\":\"2021-01-29T16:05:02+00:00\",\"dateModified\":\"2021-01-29T20:05:04+00:00\",\"mainEntityOfPage\":{\"@id\":\"https:\/\/www.guiaglbts.com.br\/blog\/sao-paulo-celebra-semana-da-visibilidade-trans-com-diversos-eventos-e-divulga-a-primeira-fase-do-inedito-mapeamento-trans\/\"},\"wordCount\":958,\"commentCount\":0,\"publisher\":{\"@id\":\"https:\/\/www.guiaglbts.com.br\/blog\/#organization\"},\"image\":{\"@id\":\"https:\/\/www.guiaglbts.com.br\/blog\/sao-paulo-celebra-semana-da-visibilidade-trans-com-diversos-eventos-e-divulga-a-primeira-fase-do-inedito-mapeamento-trans\/#primaryimage\"},\"thumbnailUrl\":\"https:\/\/www.guiaglbts.com.br\/blog\/wp-content\/uploads\/2021\/01\/logo.jpg\",\"articleSection\":[\"Eventos\"],\"inLanguage\":\"pt-BR\",\"potentialAction\":[{\"@type\":\"CommentAction\",\"name\":\"Comment\",\"target\":[\"https:\/\/www.guiaglbts.com.br\/blog\/sao-paulo-celebra-semana-da-visibilidade-trans-com-diversos-eventos-e-divulga-a-primeira-fase-do-inedito-mapeamento-trans\/#respond\"]}]},{\"@type\":\"WebPage\",\"@id\":\"https:\/\/www.guiaglbts.com.br\/blog\/sao-paulo-celebra-semana-da-visibilidade-trans-com-diversos-eventos-e-divulga-a-primeira-fase-do-inedito-mapeamento-trans\/\",\"url\":\"https:\/\/www.guiaglbts.com.br\/blog\/sao-paulo-celebra-semana-da-visibilidade-trans-com-diversos-eventos-e-divulga-a-primeira-fase-do-inedito-mapeamento-trans\/\",\"name\":\"S\u00e3o Paulo celebra Semana da Visibilidade Trans com diversos eventos e divulga a primeira fase do in\u00e9dito Mapeamento Trans - Guia GLBTS\",\"isPartOf\":{\"@id\":\"https:\/\/www.guiaglbts.com.br\/blog\/#website\"},\"primaryImageOfPage\":{\"@id\":\"https:\/\/www.guiaglbts.com.br\/blog\/sao-paulo-celebra-semana-da-visibilidade-trans-com-diversos-eventos-e-divulga-a-primeira-fase-do-inedito-mapeamento-trans\/#primaryimage\"},\"image\":{\"@id\":\"https:\/\/www.guiaglbts.com.br\/blog\/sao-paulo-celebra-semana-da-visibilidade-trans-com-diversos-eventos-e-divulga-a-primeira-fase-do-inedito-mapeamento-trans\/#primaryimage\"},\"thumbnailUrl\":\"https:\/\/www.guiaglbts.com.br\/blog\/wp-content\/uploads\/2021\/01\/logo.jpg\",\"datePublished\":\"2021-01-29T16:05:02+00:00\",\"dateModified\":\"2021-01-29T20:05:04+00:00\",\"breadcrumb\":{\"@id\":\"https:\/\/www.guiaglbts.com.br\/blog\/sao-paulo-celebra-semana-da-visibilidade-trans-com-diversos-eventos-e-divulga-a-primeira-fase-do-inedito-mapeamento-trans\/#breadcrumb\"},\"inLanguage\":\"pt-BR\",\"potentialAction\":[{\"@type\":\"ReadAction\",\"target\":[\"https:\/\/www.guiaglbts.com.br\/blog\/sao-paulo-celebra-semana-da-visibilidade-trans-com-diversos-eventos-e-divulga-a-primeira-fase-do-inedito-mapeamento-trans\/\"]}]},{\"@type\":\"ImageObject\",\"inLanguage\":\"pt-BR\",\"@id\":\"https:\/\/www.guiaglbts.com.br\/blog\/sao-paulo-celebra-semana-da-visibilidade-trans-com-diversos-eventos-e-divulga-a-primeira-fase-do-inedito-mapeamento-trans\/#primaryimage\",\"url\":\"https:\/\/www.guiaglbts.com.br\/blog\/wp-content\/uploads\/2021\/01\/logo.jpg\",\"contentUrl\":\"https:\/\/www.guiaglbts.com.br\/blog\/wp-content\/uploads\/2021\/01\/logo.jpg\",\"width\":142,\"height\":167},{\"@type\":\"BreadcrumbList\",\"@id\":\"https:\/\/www.guiaglbts.com.br\/blog\/sao-paulo-celebra-semana-da-visibilidade-trans-com-diversos-eventos-e-divulga-a-primeira-fase-do-inedito-mapeamento-trans\/#breadcrumb\",\"itemListElement\":[{\"@type\":\"ListItem\",\"position\":1,\"name\":\"In\u00edcio\",\"item\":\"https:\/\/www.guiaglbts.com.br\/blog\/\"},{\"@type\":\"ListItem\",\"position\":2,\"name\":\"S\u00e3o Paulo celebra Semana da Visibilidade Trans com diversos eventos e divulga a primeira fase do in\u00e9dito Mapeamento Trans\"}]},{\"@type\":\"WebSite\",\"@id\":\"https:\/\/www.guiaglbts.com.br\/blog\/#website\",\"url\":\"https:\/\/www.guiaglbts.com.br\/blog\/\",\"name\":\"Guia GLBTS\",\"description\":\"Guia da Nany People\",\"publisher\":{\"@id\":\"https:\/\/www.guiaglbts.com.br\/blog\/#organization\"},\"potentialAction\":[{\"@type\":\"SearchAction\",\"target\":{\"@type\":\"EntryPoint\",\"urlTemplate\":\"https:\/\/www.guiaglbts.com.br\/blog\/?s={search_term_string}\"},\"query-input\":{\"@type\":\"PropertyValueSpecification\",\"valueRequired\":true,\"valueName\":\"search_term_string\"}}],\"inLanguage\":\"pt-BR\"},{\"@type\":\"Organization\",\"@id\":\"https:\/\/www.guiaglbts.com.br\/blog\/#organization\",\"name\":\"Guia GLBTS\",\"url\":\"https:\/\/www.guiaglbts.com.br\/blog\/\",\"logo\":{\"@type\":\"ImageObject\",\"inLanguage\":\"pt-BR\",\"@id\":\"https:\/\/www.guiaglbts.com.br\/blog\/#\/schema\/logo\/image\/\",\"url\":\"https:\/\/www.guiaglbts.com.br\/blog\/wp-content\/uploads\/2025\/08\/logo_guia.png\",\"contentUrl\":\"https:\/\/www.guiaglbts.com.br\/blog\/wp-content\/uploads\/2025\/08\/logo_guia.png\",\"width\":310,\"height\":78,\"caption\":\"Guia GLBTS\"},\"image\":{\"@id\":\"https:\/\/www.guiaglbts.com.br\/blog\/#\/schema\/logo\/image\/\"},\"sameAs\":[\"https:\/\/www.facebook.com\/guialgbtsclassificados\",\"https:\/\/x.com\/GuiaLGBTS\",\"https:\/\/www.instagram.com\/guiadananypeople\/\",\"https:\/\/www.youtube.com\/user\/GuiaLGBTS\"]},{\"@type\":\"Person\",\"@id\":\"https:\/\/www.guiaglbts.com.br\/blog\/#\/schema\/person\/ff6ebe0fe94614255f5795ea5e49f943\",\"name\":\"Guia LGBTS\",\"image\":{\"@type\":\"ImageObject\",\"inLanguage\":\"pt-BR\",\"@id\":\"https:\/\/secure.gravatar.com\/avatar\/208a93bfca4e77bb7adb63052c085d311fc94da511c45466139bb7737d3af921?s=96&d=mm&r=g\",\"url\":\"https:\/\/secure.gravatar.com\/avatar\/208a93bfca4e77bb7adb63052c085d311fc94da511c45466139bb7737d3af921?s=96&d=mm&r=g\",\"contentUrl\":\"https:\/\/secure.gravatar.com\/avatar\/208a93bfca4e77bb7adb63052c085d311fc94da511c45466139bb7737d3af921?s=96&d=mm&r=g\",\"caption\":\"Guia LGBTS\"},\"url\":\"https:\/\/www.guiaglbts.com.br\/blog\/author\/admin\/\"}]}<\/script>\n<!-- \/ Yoast SEO plugin. -->","yoast_head_json":{"title":"S\u00e3o Paulo celebra Semana da Visibilidade Trans com diversos eventos e divulga a primeira fase do in\u00e9dito Mapeamento Trans - Guia GLBTS","robots":{"index":"index","follow":"follow","max-snippet":"max-snippet:-1","max-image-preview":"max-image-preview:large","max-video-preview":"max-video-preview:-1"},"canonical":"https:\/\/www.guiaglbts.com.br\/blog\/sao-paulo-celebra-semana-da-visibilidade-trans-com-diversos-eventos-e-divulga-a-primeira-fase-do-inedito-mapeamento-trans\/","og_locale":"pt_BR","og_type":"article","og_title":"S\u00e3o Paulo celebra Semana da Visibilidade Trans com diversos eventos e divulga a primeira fase do in\u00e9dito Mapeamento Trans - Guia GLBTS","og_description":"&nbsp; S\u00e3o Paulo celebra Semana da Visibilidade Trans com diversos eventos e divulga a primeira fase do in\u00e9dito Mapeamento Trans \u00a0Live desta ter\u00e7a-feira promove discuss\u00e3o sobre a necessidade de transforma\u00e7\u00e3o cultural das empresas A pr\u00f3xima sexta-feira 29 \u00e9 o Dia da Visibilidade Trans, e para marcar a data, a Prefeitura, por meio da Secretaria Municipal [&hellip;]","og_url":"https:\/\/www.guiaglbts.com.br\/blog\/sao-paulo-celebra-semana-da-visibilidade-trans-com-diversos-eventos-e-divulga-a-primeira-fase-do-inedito-mapeamento-trans\/","og_site_name":"Guia GLBTS","article_publisher":"https:\/\/www.facebook.com\/guialgbtsclassificados","article_published_time":"2021-01-29T16:05:02+00:00","article_modified_time":"2021-01-29T20:05:04+00:00","og_image":[{"width":142,"height":167,"url":"https:\/\/www.guiaglbts.com.br\/blog\/wp-content\/uploads\/2021\/01\/logo.jpg","type":"image\/jpeg"}],"author":"Guia LGBTS","twitter_card":"summary_large_image","twitter_creator":"@GuiaLGBTS","twitter_site":"@GuiaLGBTS","twitter_misc":{"Escrito por":"Guia LGBTS","Est. tempo de leitura":"5 minutos"},"schema":{"@context":"https:\/\/schema.org","@graph":[{"@type":"Article","@id":"https:\/\/www.guiaglbts.com.br\/blog\/sao-paulo-celebra-semana-da-visibilidade-trans-com-diversos-eventos-e-divulga-a-primeira-fase-do-inedito-mapeamento-trans\/#article","isPartOf":{"@id":"https:\/\/www.guiaglbts.com.br\/blog\/sao-paulo-celebra-semana-da-visibilidade-trans-com-diversos-eventos-e-divulga-a-primeira-fase-do-inedito-mapeamento-trans\/"},"author":{"name":"Guia LGBTS","@id":"https:\/\/www.guiaglbts.com.br\/blog\/#\/schema\/person\/ff6ebe0fe94614255f5795ea5e49f943"},"headline":"S\u00e3o Paulo celebra Semana da Visibilidade Trans com diversos eventos e divulga a primeira fase do in\u00e9dito Mapeamento Trans","datePublished":"2021-01-29T16:05:02+00:00","dateModified":"2021-01-29T20:05:04+00:00","mainEntityOfPage":{"@id":"https:\/\/www.guiaglbts.com.br\/blog\/sao-paulo-celebra-semana-da-visibilidade-trans-com-diversos-eventos-e-divulga-a-primeira-fase-do-inedito-mapeamento-trans\/"},"wordCount":958,"commentCount":0,"publisher":{"@id":"https:\/\/www.guiaglbts.com.br\/blog\/#organization"},"image":{"@id":"https:\/\/www.guiaglbts.com.br\/blog\/sao-paulo-celebra-semana-da-visibilidade-trans-com-diversos-eventos-e-divulga-a-primeira-fase-do-inedito-mapeamento-trans\/#primaryimage"},"thumbnailUrl":"https:\/\/www.guiaglbts.com.br\/blog\/wp-content\/uploads\/2021\/01\/logo.jpg","articleSection":["Eventos"],"inLanguage":"pt-BR","potentialAction":[{"@type":"CommentAction","name":"Comment","target":["https:\/\/www.guiaglbts.com.br\/blog\/sao-paulo-celebra-semana-da-visibilidade-trans-com-diversos-eventos-e-divulga-a-primeira-fase-do-inedito-mapeamento-trans\/#respond"]}]},{"@type":"WebPage","@id":"https:\/\/www.guiaglbts.com.br\/blog\/sao-paulo-celebra-semana-da-visibilidade-trans-com-diversos-eventos-e-divulga-a-primeira-fase-do-inedito-mapeamento-trans\/","url":"https:\/\/www.guiaglbts.com.br\/blog\/sao-paulo-celebra-semana-da-visibilidade-trans-com-diversos-eventos-e-divulga-a-primeira-fase-do-inedito-mapeamento-trans\/","name":"S\u00e3o Paulo celebra Semana da Visibilidade Trans com diversos eventos e divulga a primeira fase do in\u00e9dito Mapeamento Trans - Guia GLBTS","isPartOf":{"@id":"https:\/\/www.guiaglbts.com.br\/blog\/#website"},"primaryImageOfPage":{"@id":"https:\/\/www.guiaglbts.com.br\/blog\/sao-paulo-celebra-semana-da-visibilidade-trans-com-diversos-eventos-e-divulga-a-primeira-fase-do-inedito-mapeamento-trans\/#primaryimage"},"image":{"@id":"https:\/\/www.guiaglbts.com.br\/blog\/sao-paulo-celebra-semana-da-visibilidade-trans-com-diversos-eventos-e-divulga-a-primeira-fase-do-inedito-mapeamento-trans\/#primaryimage"},"thumbnailUrl":"https:\/\/www.guiaglbts.com.br\/blog\/wp-content\/uploads\/2021\/01\/logo.jpg","datePublished":"2021-01-29T16:05:02+00:00","dateModified":"2021-01-29T20:05:04+00:00","breadcrumb":{"@id":"https:\/\/www.guiaglbts.com.br\/blog\/sao-paulo-celebra-semana-da-visibilidade-trans-com-diversos-eventos-e-divulga-a-primeira-fase-do-inedito-mapeamento-trans\/#breadcrumb"},"inLanguage":"pt-BR","potentialAction":[{"@type":"ReadAction","target":["https:\/\/www.guiaglbts.com.br\/blog\/sao-paulo-celebra-semana-da-visibilidade-trans-com-diversos-eventos-e-divulga-a-primeira-fase-do-inedito-mapeamento-trans\/"]}]},{"@type":"ImageObject","inLanguage":"pt-BR","@id":"https:\/\/www.guiaglbts.com.br\/blog\/sao-paulo-celebra-semana-da-visibilidade-trans-com-diversos-eventos-e-divulga-a-primeira-fase-do-inedito-mapeamento-trans\/#primaryimage","url":"https:\/\/www.guiaglbts.com.br\/blog\/wp-content\/uploads\/2021\/01\/logo.jpg","contentUrl":"https:\/\/www.guiaglbts.com.br\/blog\/wp-content\/uploads\/2021\/01\/logo.jpg","width":142,"height":167},{"@type":"BreadcrumbList","@id":"https:\/\/www.guiaglbts.com.br\/blog\/sao-paulo-celebra-semana-da-visibilidade-trans-com-diversos-eventos-e-divulga-a-primeira-fase-do-inedito-mapeamento-trans\/#breadcrumb","itemListElement":[{"@type":"ListItem","position":1,"name":"In\u00edcio","item":"https:\/\/www.guiaglbts.com.br\/blog\/"},{"@type":"ListItem","position":2,"name":"S\u00e3o Paulo celebra Semana da Visibilidade Trans com diversos eventos e divulga a primeira fase do in\u00e9dito Mapeamento Trans"}]},{"@type":"WebSite","@id":"https:\/\/www.guiaglbts.com.br\/blog\/#website","url":"https:\/\/www.guiaglbts.com.br\/blog\/","name":"Guia GLBTS","description":"Guia da Nany People","publisher":{"@id":"https:\/\/www.guiaglbts.com.br\/blog\/#organization"},"potentialAction":[{"@type":"SearchAction","target":{"@type":"EntryPoint","urlTemplate":"https:\/\/www.guiaglbts.com.br\/blog\/?s={search_term_string}"},"query-input":{"@type":"PropertyValueSpecification","valueRequired":true,"valueName":"search_term_string"}}],"inLanguage":"pt-BR"},{"@type":"Organization","@id":"https:\/\/www.guiaglbts.com.br\/blog\/#organization","name":"Guia GLBTS","url":"https:\/\/www.guiaglbts.com.br\/blog\/","logo":{"@type":"ImageObject","inLanguage":"pt-BR","@id":"https:\/\/www.guiaglbts.com.br\/blog\/#\/schema\/logo\/image\/","url":"https:\/\/www.guiaglbts.com.br\/blog\/wp-content\/uploads\/2025\/08\/logo_guia.png","contentUrl":"https:\/\/www.guiaglbts.com.br\/blog\/wp-content\/uploads\/2025\/08\/logo_guia.png","width":310,"height":78,"caption":"Guia GLBTS"},"image":{"@id":"https:\/\/www.guiaglbts.com.br\/blog\/#\/schema\/logo\/image\/"},"sameAs":["https:\/\/www.facebook.com\/guialgbtsclassificados","https:\/\/x.com\/GuiaLGBTS","https:\/\/www.instagram.com\/guiadananypeople\/","https:\/\/www.youtube.com\/user\/GuiaLGBTS"]},{"@type":"Person","@id":"https:\/\/www.guiaglbts.com.br\/blog\/#\/schema\/person\/ff6ebe0fe94614255f5795ea5e49f943","name":"Guia LGBTS","image":{"@type":"ImageObject","inLanguage":"pt-BR","@id":"https:\/\/secure.gravatar.com\/avatar\/208a93bfca4e77bb7adb63052c085d311fc94da511c45466139bb7737d3af921?s=96&d=mm&r=g","url":"https:\/\/secure.gravatar.com\/avatar\/208a93bfca4e77bb7adb63052c085d311fc94da511c45466139bb7737d3af921?s=96&d=mm&r=g","contentUrl":"https:\/\/secure.gravatar.com\/avatar\/208a93bfca4e77bb7adb63052c085d311fc94da511c45466139bb7737d3af921?s=96&d=mm&r=g","caption":"Guia LGBTS"},"url":"https:\/\/www.guiaglbts.com.br\/blog\/author\/admin\/"}]}},"_links":{"self":[{"href":"https:\/\/www.guiaglbts.com.br\/blog\/wp-json\/wp\/v2\/posts\/4938","targetHints":{"allow":["GET"]}}],"collection":[{"href":"https:\/\/www.guiaglbts.com.br\/blog\/wp-json\/wp\/v2\/posts"}],"about":[{"href":"https:\/\/www.guiaglbts.com.br\/blog\/wp-json\/wp\/v2\/types\/post"}],"author":[{"embeddable":true,"href":"https:\/\/www.guiaglbts.com.br\/blog\/wp-json\/wp\/v2\/users\/1"}],"replies":[{"embeddable":true,"href":"https:\/\/www.guiaglbts.com.br\/blog\/wp-json\/wp\/v2\/comments?post=4938"}],"version-history":[{"count":1,"href":"https:\/\/www.guiaglbts.com.br\/blog\/wp-json\/wp\/v2\/posts\/4938\/revisions"}],"predecessor-version":[{"id":4940,"href":"https:\/\/www.guiaglbts.com.br\/blog\/wp-json\/wp\/v2\/posts\/4938\/revisions\/4940"}],"wp:attachment":[{"href":"https:\/\/www.guiaglbts.com.br\/blog\/wp-json\/wp\/v2\/media?parent=4938"}],"wp:term":[{"taxonomy":"category","embeddable":true,"href":"https:\/\/www.guiaglbts.com.br\/blog\/wp-json\/wp\/v2\/categories?post=4938"},{"taxonomy":"post_tag","embeddable":true,"href":"https:\/\/www.guiaglbts.com.br\/blog\/wp-json\/wp\/v2\/tags?post=4938"}],"curies":[{"name":"wp","href":"https:\/\/api.w.org\/{rel}","templated":true}]}}