{"id":4622,"date":"2020-09-17T17:44:51","date_gmt":"2020-09-17T20:44:51","guid":{"rendered":"https:\/\/www.guiaglbts.com.br\/blog\/?p=4622"},"modified":"2020-09-17T17:44:51","modified_gmt":"2020-09-17T20:44:51","slug":"merck-em-parceria-com-a-transempregos-quer-ampliar-sua-diversidade-buscando-tambem-profissionais-trans-e-abre-seu-programa-de-estagio-2021-em-sao-paulo-e-rio-de-janeiro","status":"publish","type":"post","link":"https:\/\/www.guiaglbts.com.br\/blog\/merck-em-parceria-com-a-transempregos-quer-ampliar-sua-diversidade-buscando-tambem-profissionais-trans-e-abre-seu-programa-de-estagio-2021-em-sao-paulo-e-rio-de-janeiro\/","title":{"rendered":"MERCK em parceria com a TRANSEMPREGOS, quer ampliar sua Diversidade buscando tamb\u00e9m profissionais TRANS e abre seu PROGRAMA DE EST\u00c1GIO 2021 em S\u00c3O PAULO e RIO DE JANEIRO"},"content":{"rendered":"<p><img decoding=\"async\" class=\"alignnone size-full wp-image-4623\" src=\"https:\/\/www.guiaglbts.com.br\/blog\/wp-content\/uploads\/2020\/09\/foto-06.jpg\" alt=\"\" width=\"251\" height=\"101\" \/><\/p>\n<p>MERCK em parceria com a TRANSEMPREGOS, quer ampliar sua Diversidade buscando tamb\u00e9m profissionais TRANS e abre seu PROGRAMA DE EST\u00c1GIO 2021 em S\u00c3O PAULO e RIO DE JANEIRO<\/p>\n<p>H\u00e1 mais de 350 anos trabalhamos para desenvolver solu\u00e7\u00f5es para as \u00e1reas de Healthcare (Cuidados com a Sa\u00fade), Life Science e Performance Materials. A Merck foi fundada por Friedrich Jacob Merck em 1668, em Darmstadt, na Alemanha. E, desde ent\u00e3o, nos tornamos uma empresa totalmente global, com 56 mil colaboradores em 66 pa\u00edses, trabalhando com solu\u00e7\u00f5es e tecnologias inovadoras. Em 2019, investimos um total de 2,2 bilh\u00f5es de euros em Pesquisa e Desenvolvimento (P&amp;D).<\/p>\n<p>A Diversidade &amp; Inclus\u00e3o faz parte do pilar estrat\u00e9gico da Merck, portanto, temos compromissos e metas a cumprir para avan\u00e7armos para um mundo mais inclusivo. A porcentagem de mulheres na lideran\u00e7a cresceu de 32% em 2015 para 47% em 2019, em sinergia com o programa global \u201cWIL\u201d (Women in Leadership).<\/p>\n<p>E o nosso compromisso \u00e9 que at\u00e9 2023 tenhamos equidade de g\u00eanero em todos os cargos de lideran\u00e7a globalmente. No ano passado, foram criados grupos de trabalho de Diversidade &amp; Inclus\u00e3o para pensar em ideias e tirar novos projetos do papel sobre responsabilidade com a comunidade, quest\u00f5es raciais, culturais, de vulnerabilidade social, identidade de g\u00eanero, orienta\u00e7\u00e3o afetiva-sexual e gera\u00e7\u00f5es, caracter\u00edsticas f\u00edsicas e mulheres na lideran\u00e7a.<\/p>\n<p>Em um mundo que muda cada vez mais r\u00e1pido e com diferentes desafios, atrair novas mentes curiosas para moldar um futuro inovador e mais inclusivo \u00e9 uma das prioridades da Merck.<\/p>\n<p>Por isso, est\u00e3o abertas as inscri\u00e7\u00f5es para o Programa de Est\u00e1gio 2021! S\u00e3o mais de 40 vagas dispon\u00edveis nos sites do Robocop, Barueri e Rio de Janeiro para pessoas curiosas e que se interessam por ci\u00eancia e tecnologia, independente de ra\u00e7a, cultura, g\u00eanero, orienta\u00e7\u00e3o afetiva-sexual e idade.<\/p>\n<p>Pr\u00e9-requisitos: Conclus\u00e3o da Gradua\u00e7\u00e3o em Dezembro\/2022.<\/p>\n<p>Bolsa-Aux\u00edlio: R$ 1.940,00<\/p>\n<p>Benef\u00edcios: Plano de sa\u00fade e dental, Vale transporte e\/ou fretado, Vale refei\u00e7\u00e3o e\/ou Refeit\u00f3rio no local.<\/p>\n<p>Para mais informa\u00e7\u00f5es como cursos e \u00e1reas de atua\u00e7\u00e3o, acesse nosso site: https:\/\/merck.randstad.com.br\/<\/p>\n","protected":false},"excerpt":{"rendered":"<p>MERCK em parceria com a TRANSEMPREGOS, quer ampliar sua Diversidade buscando tamb\u00e9m profissionais TRANS e abre seu PROGRAMA DE EST\u00c1GIO 2021 em S\u00c3O PAULO e RIO DE JANEIRO H\u00e1 mais de 350 anos trabalhamos para desenvolver solu\u00e7\u00f5es para as \u00e1reas de Healthcare (Cuidados com a Sa\u00fade), Life Science e Performance Materials. A Merck foi fundada [&hellip;]<\/p>\n","protected":false},"author":1,"featured_media":0,"comment_status":"open","ping_status":"open","sticky":false,"template":"","format":"standard","meta":{"footnotes":""},"categories":[931],"tags":[],"class_list":["post-4622","post","type-post","status-publish","format-standard","hentry","category-transempregos"],"yoast_head":"<!-- This site is optimized with the Yoast SEO plugin v27.2 - https:\/\/yoast.com\/product\/yoast-seo-wordpress\/ -->\n<title>MERCK em parceria com a TRANSEMPREGOS, quer ampliar sua Diversidade buscando tamb\u00e9m profissionais TRANS e abre seu PROGRAMA DE EST\u00c1GIO 2021 em S\u00c3O PAULO e RIO DE JANEIRO - Guia GLBTS<\/title>\n<meta name=\"robots\" content=\"index, follow, max-snippet:-1, max-image-preview:large, max-video-preview:-1\" \/>\n<link rel=\"canonical\" href=\"https:\/\/www.guiaglbts.com.br\/blog\/merck-em-parceria-com-a-transempregos-quer-ampliar-sua-diversidade-buscando-tambem-profissionais-trans-e-abre-seu-programa-de-estagio-2021-em-sao-paulo-e-rio-de-janeiro\/\" \/>\n<meta property=\"og:locale\" content=\"pt_BR\" \/>\n<meta property=\"og:type\" content=\"article\" \/>\n<meta property=\"og:title\" content=\"MERCK em parceria com a TRANSEMPREGOS, quer ampliar sua Diversidade buscando tamb\u00e9m profissionais TRANS e abre seu PROGRAMA DE EST\u00c1GIO 2021 em S\u00c3O PAULO e RIO DE JANEIRO - Guia GLBTS\" \/>\n<meta property=\"og:description\" content=\"MERCK em parceria com a TRANSEMPREGOS, quer ampliar sua Diversidade buscando tamb\u00e9m profissionais TRANS e abre seu PROGRAMA DE EST\u00c1GIO 2021 em S\u00c3O PAULO e RIO DE JANEIRO H\u00e1 mais de 350 anos trabalhamos para desenvolver solu\u00e7\u00f5es para as \u00e1reas de Healthcare (Cuidados com a Sa\u00fade), Life Science e Performance Materials. A Merck foi fundada [&hellip;]\" \/>\n<meta property=\"og:url\" content=\"https:\/\/www.guiaglbts.com.br\/blog\/merck-em-parceria-com-a-transempregos-quer-ampliar-sua-diversidade-buscando-tambem-profissionais-trans-e-abre-seu-programa-de-estagio-2021-em-sao-paulo-e-rio-de-janeiro\/\" \/>\n<meta property=\"og:site_name\" content=\"Guia GLBTS\" \/>\n<meta property=\"article:publisher\" content=\"https:\/\/www.facebook.com\/guialgbtsclassificados\" \/>\n<meta property=\"article:published_time\" content=\"2020-09-17T20:44:51+00:00\" \/>\n<meta property=\"og:image\" content=\"https:\/\/www.guiaglbts.com.br\/blog\/wp-content\/uploads\/2020\/09\/foto-06.jpg\" \/>\n\t<meta property=\"og:image:width\" content=\"251\" \/>\n\t<meta property=\"og:image:height\" content=\"101\" \/>\n\t<meta property=\"og:image:type\" content=\"image\/jpeg\" \/>\n<meta name=\"author\" content=\"Guia LGBTS\" \/>\n<meta name=\"twitter:card\" content=\"summary_large_image\" \/>\n<meta name=\"twitter:creator\" content=\"@GuiaLGBTS\" \/>\n<meta name=\"twitter:site\" content=\"@GuiaLGBTS\" \/>\n<meta name=\"twitter:label1\" content=\"Escrito por\" \/>\n\t<meta name=\"twitter:data1\" content=\"Guia LGBTS\" \/>\n\t<meta name=\"twitter:label2\" content=\"Est. tempo de leitura\" \/>\n\t<meta name=\"twitter:data2\" content=\"2 minutos\" \/>\n<script type=\"application\/ld+json\" class=\"yoast-schema-graph\">{\"@context\":\"https:\/\/schema.org\",\"@graph\":[{\"@type\":\"Article\",\"@id\":\"https:\/\/www.guiaglbts.com.br\/blog\/merck-em-parceria-com-a-transempregos-quer-ampliar-sua-diversidade-buscando-tambem-profissionais-trans-e-abre-seu-programa-de-estagio-2021-em-sao-paulo-e-rio-de-janeiro\/#article\",\"isPartOf\":{\"@id\":\"https:\/\/www.guiaglbts.com.br\/blog\/merck-em-parceria-com-a-transempregos-quer-ampliar-sua-diversidade-buscando-tambem-profissionais-trans-e-abre-seu-programa-de-estagio-2021-em-sao-paulo-e-rio-de-janeiro\/\"},\"author\":{\"name\":\"Guia LGBTS\",\"@id\":\"https:\/\/www.guiaglbts.com.br\/blog\/#\/schema\/person\/ff6ebe0fe94614255f5795ea5e49f943\"},\"headline\":\"MERCK em parceria com a TRANSEMPREGOS, quer ampliar sua Diversidade buscando tamb\u00e9m profissionais TRANS e abre seu PROGRAMA DE EST\u00c1GIO 2021 em S\u00c3O PAULO e RIO DE JANEIRO\",\"datePublished\":\"2020-09-17T20:44:51+00:00\",\"mainEntityOfPage\":{\"@id\":\"https:\/\/www.guiaglbts.com.br\/blog\/merck-em-parceria-com-a-transempregos-quer-ampliar-sua-diversidade-buscando-tambem-profissionais-trans-e-abre-seu-programa-de-estagio-2021-em-sao-paulo-e-rio-de-janeiro\/\"},\"wordCount\":397,\"commentCount\":0,\"publisher\":{\"@id\":\"https:\/\/www.guiaglbts.com.br\/blog\/#organization\"},\"image\":{\"@id\":\"https:\/\/www.guiaglbts.com.br\/blog\/merck-em-parceria-com-a-transempregos-quer-ampliar-sua-diversidade-buscando-tambem-profissionais-trans-e-abre-seu-programa-de-estagio-2021-em-sao-paulo-e-rio-de-janeiro\/#primaryimage\"},\"thumbnailUrl\":\"https:\/\/www.guiaglbts.com.br\/blog\/wp-content\/uploads\/2020\/09\/foto-06.jpg\",\"articleSection\":[\"Transempregos\"],\"inLanguage\":\"pt-BR\",\"potentialAction\":[{\"@type\":\"CommentAction\",\"name\":\"Comment\",\"target\":[\"https:\/\/www.guiaglbts.com.br\/blog\/merck-em-parceria-com-a-transempregos-quer-ampliar-sua-diversidade-buscando-tambem-profissionais-trans-e-abre-seu-programa-de-estagio-2021-em-sao-paulo-e-rio-de-janeiro\/#respond\"]}]},{\"@type\":\"WebPage\",\"@id\":\"https:\/\/www.guiaglbts.com.br\/blog\/merck-em-parceria-com-a-transempregos-quer-ampliar-sua-diversidade-buscando-tambem-profissionais-trans-e-abre-seu-programa-de-estagio-2021-em-sao-paulo-e-rio-de-janeiro\/\",\"url\":\"https:\/\/www.guiaglbts.com.br\/blog\/merck-em-parceria-com-a-transempregos-quer-ampliar-sua-diversidade-buscando-tambem-profissionais-trans-e-abre-seu-programa-de-estagio-2021-em-sao-paulo-e-rio-de-janeiro\/\",\"name\":\"MERCK em parceria com a TRANSEMPREGOS, quer ampliar sua Diversidade buscando tamb\u00e9m profissionais TRANS e abre seu PROGRAMA DE EST\u00c1GIO 2021 em S\u00c3O PAULO e RIO DE JANEIRO - Guia GLBTS\",\"isPartOf\":{\"@id\":\"https:\/\/www.guiaglbts.com.br\/blog\/#website\"},\"primaryImageOfPage\":{\"@id\":\"https:\/\/www.guiaglbts.com.br\/blog\/merck-em-parceria-com-a-transempregos-quer-ampliar-sua-diversidade-buscando-tambem-profissionais-trans-e-abre-seu-programa-de-estagio-2021-em-sao-paulo-e-rio-de-janeiro\/#primaryimage\"},\"image\":{\"@id\":\"https:\/\/www.guiaglbts.com.br\/blog\/merck-em-parceria-com-a-transempregos-quer-ampliar-sua-diversidade-buscando-tambem-profissionais-trans-e-abre-seu-programa-de-estagio-2021-em-sao-paulo-e-rio-de-janeiro\/#primaryimage\"},\"thumbnailUrl\":\"https:\/\/www.guiaglbts.com.br\/blog\/wp-content\/uploads\/2020\/09\/foto-06.jpg\",\"datePublished\":\"2020-09-17T20:44:51+00:00\",\"breadcrumb\":{\"@id\":\"https:\/\/www.guiaglbts.com.br\/blog\/merck-em-parceria-com-a-transempregos-quer-ampliar-sua-diversidade-buscando-tambem-profissionais-trans-e-abre-seu-programa-de-estagio-2021-em-sao-paulo-e-rio-de-janeiro\/#breadcrumb\"},\"inLanguage\":\"pt-BR\",\"potentialAction\":[{\"@type\":\"ReadAction\",\"target\":[\"https:\/\/www.guiaglbts.com.br\/blog\/merck-em-parceria-com-a-transempregos-quer-ampliar-sua-diversidade-buscando-tambem-profissionais-trans-e-abre-seu-programa-de-estagio-2021-em-sao-paulo-e-rio-de-janeiro\/\"]}]},{\"@type\":\"ImageObject\",\"inLanguage\":\"pt-BR\",\"@id\":\"https:\/\/www.guiaglbts.com.br\/blog\/merck-em-parceria-com-a-transempregos-quer-ampliar-sua-diversidade-buscando-tambem-profissionais-trans-e-abre-seu-programa-de-estagio-2021-em-sao-paulo-e-rio-de-janeiro\/#primaryimage\",\"url\":\"https:\/\/www.guiaglbts.com.br\/blog\/wp-content\/uploads\/2020\/09\/foto-06.jpg\",\"contentUrl\":\"https:\/\/www.guiaglbts.com.br\/blog\/wp-content\/uploads\/2020\/09\/foto-06.jpg\",\"width\":251,\"height\":101},{\"@type\":\"BreadcrumbList\",\"@id\":\"https:\/\/www.guiaglbts.com.br\/blog\/merck-em-parceria-com-a-transempregos-quer-ampliar-sua-diversidade-buscando-tambem-profissionais-trans-e-abre-seu-programa-de-estagio-2021-em-sao-paulo-e-rio-de-janeiro\/#breadcrumb\",\"itemListElement\":[{\"@type\":\"ListItem\",\"position\":1,\"name\":\"In\u00edcio\",\"item\":\"https:\/\/www.guiaglbts.com.br\/blog\/\"},{\"@type\":\"ListItem\",\"position\":2,\"name\":\"MERCK em parceria com a TRANSEMPREGOS, quer ampliar sua Diversidade buscando tamb\u00e9m profissionais TRANS e abre seu PROGRAMA DE EST\u00c1GIO 2021 em S\u00c3O PAULO e RIO DE JANEIRO\"}]},{\"@type\":\"WebSite\",\"@id\":\"https:\/\/www.guiaglbts.com.br\/blog\/#website\",\"url\":\"https:\/\/www.guiaglbts.com.br\/blog\/\",\"name\":\"Guia GLBTS\",\"description\":\"Guia da Nany People\",\"publisher\":{\"@id\":\"https:\/\/www.guiaglbts.com.br\/blog\/#organization\"},\"potentialAction\":[{\"@type\":\"SearchAction\",\"target\":{\"@type\":\"EntryPoint\",\"urlTemplate\":\"https:\/\/www.guiaglbts.com.br\/blog\/?s={search_term_string}\"},\"query-input\":{\"@type\":\"PropertyValueSpecification\",\"valueRequired\":true,\"valueName\":\"search_term_string\"}}],\"inLanguage\":\"pt-BR\"},{\"@type\":\"Organization\",\"@id\":\"https:\/\/www.guiaglbts.com.br\/blog\/#organization\",\"name\":\"Guia GLBTS\",\"url\":\"https:\/\/www.guiaglbts.com.br\/blog\/\",\"logo\":{\"@type\":\"ImageObject\",\"inLanguage\":\"pt-BR\",\"@id\":\"https:\/\/www.guiaglbts.com.br\/blog\/#\/schema\/logo\/image\/\",\"url\":\"https:\/\/www.guiaglbts.com.br\/blog\/wp-content\/uploads\/2025\/08\/logo_guia.png\",\"contentUrl\":\"https:\/\/www.guiaglbts.com.br\/blog\/wp-content\/uploads\/2025\/08\/logo_guia.png\",\"width\":310,\"height\":78,\"caption\":\"Guia GLBTS\"},\"image\":{\"@id\":\"https:\/\/www.guiaglbts.com.br\/blog\/#\/schema\/logo\/image\/\"},\"sameAs\":[\"https:\/\/www.facebook.com\/guialgbtsclassificados\",\"https:\/\/x.com\/GuiaLGBTS\",\"https:\/\/www.instagram.com\/guiadananypeople\/\",\"https:\/\/www.youtube.com\/user\/GuiaLGBTS\"]},{\"@type\":\"Person\",\"@id\":\"https:\/\/www.guiaglbts.com.br\/blog\/#\/schema\/person\/ff6ebe0fe94614255f5795ea5e49f943\",\"name\":\"Guia LGBTS\",\"image\":{\"@type\":\"ImageObject\",\"inLanguage\":\"pt-BR\",\"@id\":\"https:\/\/secure.gravatar.com\/avatar\/208a93bfca4e77bb7adb63052c085d311fc94da511c45466139bb7737d3af921?s=96&d=mm&r=g\",\"url\":\"https:\/\/secure.gravatar.com\/avatar\/208a93bfca4e77bb7adb63052c085d311fc94da511c45466139bb7737d3af921?s=96&d=mm&r=g\",\"contentUrl\":\"https:\/\/secure.gravatar.com\/avatar\/208a93bfca4e77bb7adb63052c085d311fc94da511c45466139bb7737d3af921?s=96&d=mm&r=g\",\"caption\":\"Guia LGBTS\"},\"url\":\"https:\/\/www.guiaglbts.com.br\/blog\/author\/admin\/\"}]}<\/script>\n<!-- \/ Yoast SEO plugin. -->","yoast_head_json":{"title":"MERCK em parceria com a TRANSEMPREGOS, quer ampliar sua Diversidade buscando tamb\u00e9m profissionais TRANS e abre seu PROGRAMA DE EST\u00c1GIO 2021 em S\u00c3O PAULO e RIO DE JANEIRO - Guia GLBTS","robots":{"index":"index","follow":"follow","max-snippet":"max-snippet:-1","max-image-preview":"max-image-preview:large","max-video-preview":"max-video-preview:-1"},"canonical":"https:\/\/www.guiaglbts.com.br\/blog\/merck-em-parceria-com-a-transempregos-quer-ampliar-sua-diversidade-buscando-tambem-profissionais-trans-e-abre-seu-programa-de-estagio-2021-em-sao-paulo-e-rio-de-janeiro\/","og_locale":"pt_BR","og_type":"article","og_title":"MERCK em parceria com a TRANSEMPREGOS, quer ampliar sua Diversidade buscando tamb\u00e9m profissionais TRANS e abre seu PROGRAMA DE EST\u00c1GIO 2021 em S\u00c3O PAULO e RIO DE JANEIRO - Guia GLBTS","og_description":"MERCK em parceria com a TRANSEMPREGOS, quer ampliar sua Diversidade buscando tamb\u00e9m profissionais TRANS e abre seu PROGRAMA DE EST\u00c1GIO 2021 em S\u00c3O PAULO e RIO DE JANEIRO H\u00e1 mais de 350 anos trabalhamos para desenvolver solu\u00e7\u00f5es para as \u00e1reas de Healthcare (Cuidados com a Sa\u00fade), Life Science e Performance Materials. A Merck foi fundada [&hellip;]","og_url":"https:\/\/www.guiaglbts.com.br\/blog\/merck-em-parceria-com-a-transempregos-quer-ampliar-sua-diversidade-buscando-tambem-profissionais-trans-e-abre-seu-programa-de-estagio-2021-em-sao-paulo-e-rio-de-janeiro\/","og_site_name":"Guia GLBTS","article_publisher":"https:\/\/www.facebook.com\/guialgbtsclassificados","article_published_time":"2020-09-17T20:44:51+00:00","og_image":[{"width":251,"height":101,"url":"https:\/\/www.guiaglbts.com.br\/blog\/wp-content\/uploads\/2020\/09\/foto-06.jpg","type":"image\/jpeg"}],"author":"Guia LGBTS","twitter_card":"summary_large_image","twitter_creator":"@GuiaLGBTS","twitter_site":"@GuiaLGBTS","twitter_misc":{"Escrito por":"Guia LGBTS","Est. tempo de leitura":"2 minutos"},"schema":{"@context":"https:\/\/schema.org","@graph":[{"@type":"Article","@id":"https:\/\/www.guiaglbts.com.br\/blog\/merck-em-parceria-com-a-transempregos-quer-ampliar-sua-diversidade-buscando-tambem-profissionais-trans-e-abre-seu-programa-de-estagio-2021-em-sao-paulo-e-rio-de-janeiro\/#article","isPartOf":{"@id":"https:\/\/www.guiaglbts.com.br\/blog\/merck-em-parceria-com-a-transempregos-quer-ampliar-sua-diversidade-buscando-tambem-profissionais-trans-e-abre-seu-programa-de-estagio-2021-em-sao-paulo-e-rio-de-janeiro\/"},"author":{"name":"Guia LGBTS","@id":"https:\/\/www.guiaglbts.com.br\/blog\/#\/schema\/person\/ff6ebe0fe94614255f5795ea5e49f943"},"headline":"MERCK em parceria com a TRANSEMPREGOS, quer ampliar sua Diversidade buscando tamb\u00e9m profissionais TRANS e abre seu PROGRAMA DE EST\u00c1GIO 2021 em S\u00c3O PAULO e RIO DE JANEIRO","datePublished":"2020-09-17T20:44:51+00:00","mainEntityOfPage":{"@id":"https:\/\/www.guiaglbts.com.br\/blog\/merck-em-parceria-com-a-transempregos-quer-ampliar-sua-diversidade-buscando-tambem-profissionais-trans-e-abre-seu-programa-de-estagio-2021-em-sao-paulo-e-rio-de-janeiro\/"},"wordCount":397,"commentCount":0,"publisher":{"@id":"https:\/\/www.guiaglbts.com.br\/blog\/#organization"},"image":{"@id":"https:\/\/www.guiaglbts.com.br\/blog\/merck-em-parceria-com-a-transempregos-quer-ampliar-sua-diversidade-buscando-tambem-profissionais-trans-e-abre-seu-programa-de-estagio-2021-em-sao-paulo-e-rio-de-janeiro\/#primaryimage"},"thumbnailUrl":"https:\/\/www.guiaglbts.com.br\/blog\/wp-content\/uploads\/2020\/09\/foto-06.jpg","articleSection":["Transempregos"],"inLanguage":"pt-BR","potentialAction":[{"@type":"CommentAction","name":"Comment","target":["https:\/\/www.guiaglbts.com.br\/blog\/merck-em-parceria-com-a-transempregos-quer-ampliar-sua-diversidade-buscando-tambem-profissionais-trans-e-abre-seu-programa-de-estagio-2021-em-sao-paulo-e-rio-de-janeiro\/#respond"]}]},{"@type":"WebPage","@id":"https:\/\/www.guiaglbts.com.br\/blog\/merck-em-parceria-com-a-transempregos-quer-ampliar-sua-diversidade-buscando-tambem-profissionais-trans-e-abre-seu-programa-de-estagio-2021-em-sao-paulo-e-rio-de-janeiro\/","url":"https:\/\/www.guiaglbts.com.br\/blog\/merck-em-parceria-com-a-transempregos-quer-ampliar-sua-diversidade-buscando-tambem-profissionais-trans-e-abre-seu-programa-de-estagio-2021-em-sao-paulo-e-rio-de-janeiro\/","name":"MERCK em parceria com a TRANSEMPREGOS, quer ampliar sua Diversidade buscando tamb\u00e9m profissionais TRANS e abre seu PROGRAMA DE EST\u00c1GIO 2021 em S\u00c3O PAULO e RIO DE JANEIRO - Guia GLBTS","isPartOf":{"@id":"https:\/\/www.guiaglbts.com.br\/blog\/#website"},"primaryImageOfPage":{"@id":"https:\/\/www.guiaglbts.com.br\/blog\/merck-em-parceria-com-a-transempregos-quer-ampliar-sua-diversidade-buscando-tambem-profissionais-trans-e-abre-seu-programa-de-estagio-2021-em-sao-paulo-e-rio-de-janeiro\/#primaryimage"},"image":{"@id":"https:\/\/www.guiaglbts.com.br\/blog\/merck-em-parceria-com-a-transempregos-quer-ampliar-sua-diversidade-buscando-tambem-profissionais-trans-e-abre-seu-programa-de-estagio-2021-em-sao-paulo-e-rio-de-janeiro\/#primaryimage"},"thumbnailUrl":"https:\/\/www.guiaglbts.com.br\/blog\/wp-content\/uploads\/2020\/09\/foto-06.jpg","datePublished":"2020-09-17T20:44:51+00:00","breadcrumb":{"@id":"https:\/\/www.guiaglbts.com.br\/blog\/merck-em-parceria-com-a-transempregos-quer-ampliar-sua-diversidade-buscando-tambem-profissionais-trans-e-abre-seu-programa-de-estagio-2021-em-sao-paulo-e-rio-de-janeiro\/#breadcrumb"},"inLanguage":"pt-BR","potentialAction":[{"@type":"ReadAction","target":["https:\/\/www.guiaglbts.com.br\/blog\/merck-em-parceria-com-a-transempregos-quer-ampliar-sua-diversidade-buscando-tambem-profissionais-trans-e-abre-seu-programa-de-estagio-2021-em-sao-paulo-e-rio-de-janeiro\/"]}]},{"@type":"ImageObject","inLanguage":"pt-BR","@id":"https:\/\/www.guiaglbts.com.br\/blog\/merck-em-parceria-com-a-transempregos-quer-ampliar-sua-diversidade-buscando-tambem-profissionais-trans-e-abre-seu-programa-de-estagio-2021-em-sao-paulo-e-rio-de-janeiro\/#primaryimage","url":"https:\/\/www.guiaglbts.com.br\/blog\/wp-content\/uploads\/2020\/09\/foto-06.jpg","contentUrl":"https:\/\/www.guiaglbts.com.br\/blog\/wp-content\/uploads\/2020\/09\/foto-06.jpg","width":251,"height":101},{"@type":"BreadcrumbList","@id":"https:\/\/www.guiaglbts.com.br\/blog\/merck-em-parceria-com-a-transempregos-quer-ampliar-sua-diversidade-buscando-tambem-profissionais-trans-e-abre-seu-programa-de-estagio-2021-em-sao-paulo-e-rio-de-janeiro\/#breadcrumb","itemListElement":[{"@type":"ListItem","position":1,"name":"In\u00edcio","item":"https:\/\/www.guiaglbts.com.br\/blog\/"},{"@type":"ListItem","position":2,"name":"MERCK em parceria com a TRANSEMPREGOS, quer ampliar sua Diversidade buscando tamb\u00e9m profissionais TRANS e abre seu PROGRAMA DE EST\u00c1GIO 2021 em S\u00c3O PAULO e RIO DE JANEIRO"}]},{"@type":"WebSite","@id":"https:\/\/www.guiaglbts.com.br\/blog\/#website","url":"https:\/\/www.guiaglbts.com.br\/blog\/","name":"Guia GLBTS","description":"Guia da Nany People","publisher":{"@id":"https:\/\/www.guiaglbts.com.br\/blog\/#organization"},"potentialAction":[{"@type":"SearchAction","target":{"@type":"EntryPoint","urlTemplate":"https:\/\/www.guiaglbts.com.br\/blog\/?s={search_term_string}"},"query-input":{"@type":"PropertyValueSpecification","valueRequired":true,"valueName":"search_term_string"}}],"inLanguage":"pt-BR"},{"@type":"Organization","@id":"https:\/\/www.guiaglbts.com.br\/blog\/#organization","name":"Guia GLBTS","url":"https:\/\/www.guiaglbts.com.br\/blog\/","logo":{"@type":"ImageObject","inLanguage":"pt-BR","@id":"https:\/\/www.guiaglbts.com.br\/blog\/#\/schema\/logo\/image\/","url":"https:\/\/www.guiaglbts.com.br\/blog\/wp-content\/uploads\/2025\/08\/logo_guia.png","contentUrl":"https:\/\/www.guiaglbts.com.br\/blog\/wp-content\/uploads\/2025\/08\/logo_guia.png","width":310,"height":78,"caption":"Guia GLBTS"},"image":{"@id":"https:\/\/www.guiaglbts.com.br\/blog\/#\/schema\/logo\/image\/"},"sameAs":["https:\/\/www.facebook.com\/guialgbtsclassificados","https:\/\/x.com\/GuiaLGBTS","https:\/\/www.instagram.com\/guiadananypeople\/","https:\/\/www.youtube.com\/user\/GuiaLGBTS"]},{"@type":"Person","@id":"https:\/\/www.guiaglbts.com.br\/blog\/#\/schema\/person\/ff6ebe0fe94614255f5795ea5e49f943","name":"Guia LGBTS","image":{"@type":"ImageObject","inLanguage":"pt-BR","@id":"https:\/\/secure.gravatar.com\/avatar\/208a93bfca4e77bb7adb63052c085d311fc94da511c45466139bb7737d3af921?s=96&d=mm&r=g","url":"https:\/\/secure.gravatar.com\/avatar\/208a93bfca4e77bb7adb63052c085d311fc94da511c45466139bb7737d3af921?s=96&d=mm&r=g","contentUrl":"https:\/\/secure.gravatar.com\/avatar\/208a93bfca4e77bb7adb63052c085d311fc94da511c45466139bb7737d3af921?s=96&d=mm&r=g","caption":"Guia LGBTS"},"url":"https:\/\/www.guiaglbts.com.br\/blog\/author\/admin\/"}]}},"_links":{"self":[{"href":"https:\/\/www.guiaglbts.com.br\/blog\/wp-json\/wp\/v2\/posts\/4622","targetHints":{"allow":["GET"]}}],"collection":[{"href":"https:\/\/www.guiaglbts.com.br\/blog\/wp-json\/wp\/v2\/posts"}],"about":[{"href":"https:\/\/www.guiaglbts.com.br\/blog\/wp-json\/wp\/v2\/types\/post"}],"author":[{"embeddable":true,"href":"https:\/\/www.guiaglbts.com.br\/blog\/wp-json\/wp\/v2\/users\/1"}],"replies":[{"embeddable":true,"href":"https:\/\/www.guiaglbts.com.br\/blog\/wp-json\/wp\/v2\/comments?post=4622"}],"version-history":[{"count":1,"href":"https:\/\/www.guiaglbts.com.br\/blog\/wp-json\/wp\/v2\/posts\/4622\/revisions"}],"predecessor-version":[{"id":4624,"href":"https:\/\/www.guiaglbts.com.br\/blog\/wp-json\/wp\/v2\/posts\/4622\/revisions\/4624"}],"wp:attachment":[{"href":"https:\/\/www.guiaglbts.com.br\/blog\/wp-json\/wp\/v2\/media?parent=4622"}],"wp:term":[{"taxonomy":"category","embeddable":true,"href":"https:\/\/www.guiaglbts.com.br\/blog\/wp-json\/wp\/v2\/categories?post=4622"},{"taxonomy":"post_tag","embeddable":true,"href":"https:\/\/www.guiaglbts.com.br\/blog\/wp-json\/wp\/v2\/tags?post=4622"}],"curies":[{"name":"wp","href":"https:\/\/api.w.org\/{rel}","templated":true}]}}