{"id":4560,"date":"2020-08-21T16:16:43","date_gmt":"2020-08-21T19:16:43","guid":{"rendered":"https:\/\/www.guiaglbts.com.br\/blog\/?p=4560"},"modified":"2020-08-21T16:16:43","modified_gmt":"2020-08-21T19:16:43","slug":"vicente-darde-e-jornalista-e-doutor-em-comunicacao-e-propoe-discutir-uma-das-tematicas-mais-sensiveis-e-importantes-da-atualidade","status":"publish","type":"post","link":"https:\/\/www.guiaglbts.com.br\/blog\/vicente-darde-e-jornalista-e-doutor-em-comunicacao-e-propoe-discutir-uma-das-tematicas-mais-sensiveis-e-importantes-da-atualidade\/","title":{"rendered":"Vicente Darde \u00e9 jornalista e doutor em Comunica\u00e7\u00e3o e prop\u00f5e discutir uma das tem\u00e1ticas mais sens\u00edveis e importantes da atualidade."},"content":{"rendered":"<p><img fetchpriority=\"high\" decoding=\"async\" class=\"alignnone size-full wp-image-4561\" src=\"https:\/\/www.guiaglbts.com.br\/blog\/wp-content\/uploads\/2020\/08\/post.jpg\" alt=\"\" width=\"1080\" height=\"1080\" srcset=\"https:\/\/www.guiaglbts.com.br\/blog\/wp-content\/uploads\/2020\/08\/post.jpg 1080w, https:\/\/www.guiaglbts.com.br\/blog\/wp-content\/uploads\/2020\/08\/post-300x300.jpg 300w, https:\/\/www.guiaglbts.com.br\/blog\/wp-content\/uploads\/2020\/08\/post-100x100.jpg 100w, https:\/\/www.guiaglbts.com.br\/blog\/wp-content\/uploads\/2020\/08\/post-600x600.jpg 600w, https:\/\/www.guiaglbts.com.br\/blog\/wp-content\/uploads\/2020\/08\/post-1024x1024.jpg 1024w, https:\/\/www.guiaglbts.com.br\/blog\/wp-content\/uploads\/2020\/08\/post-150x150.jpg 150w, https:\/\/www.guiaglbts.com.br\/blog\/wp-content\/uploads\/2020\/08\/post-768x768.jpg 768w\" sizes=\"(max-width: 1080px) 100vw, 1080px\" \/><\/p>\n<p><strong>Jornalista discute diversidade na comunica\u00e7\u00e3o em curso<\/strong><\/p>\n<p><strong>\u00a0<\/strong><em>Vicente Darde \u00e9 jornalista e doutor em Comunica\u00e7\u00e3o e prop\u00f5e discutir uma das tem\u00e1ticas mais sens\u00edveis e importantes da atualidade<\/em><\/p>\n<p><em>\u00a0<\/em>\u201cMulher tem que se dar o respeito\u201d, \u201cisso \u00e9 coisa de viado\u201d e \u201cn\u00e3o sou preconceituoso, at\u00e9 tenho um amigo negro\u201d. Quantas vezes voc\u00ea j\u00e1 ouviu ou mesmo pronunciou uma dessas falas? Segundo uma pesquisa feita pelo Ibope em 2017, essas est\u00e3o entre as frases preconceituosas mais faladas no Brasil. A mesma pesquisa, que buscou tra\u00e7ar um retrato do preconceito no pa\u00eds, apontou que sete em cada dez brasileiros j\u00e1 fizeram observa\u00e7\u00f5es carregadas de prejulgamentos contra mulheres, negros, LGBTQIA+ e outros. Inquieto com esta realidade, o jornalista e doutor em Comunica\u00e7\u00e3o, Vicente Darde, decidiu se dedicar a estudar este cen\u00e1rio.<\/p>\n<p>Darde \u00e9 formado em Jornalismo Pela Universidade Federal do Rio Grande do Sul (UFRGS). Desde a gradua\u00e7\u00e3o est\u00e1 envolvido em iniciativas ligadas \u00e0 diversidade, tendo atuado como assessor de comunica\u00e7\u00e3o do Grupo de Apoio \u00e0 Preven\u00e7\u00e3o da AIDS (GAPA), do RS, ainda no final dos anos 1990. Depois de passar por alguns ve\u00edculos de comunica\u00e7\u00e3o, decidiu se dedicar mais \u00e0 vida acad\u00eamica e ingressou no Programa de P\u00f3s-Gradua\u00e7\u00e3o em Comunica\u00e7\u00e3o e Informa\u00e7\u00e3o da UFRGS, onde defendeu a disserta\u00e7\u00e3o de mestrado intitulada \u201cAs vozes da AIDS na imprensa: Um estudo das fontes de informa\u00e7\u00e3o dos jornais Folha de S. Paulo e O Globo\u201d, em 2006.<\/p>\n<p>Em 2012, concluiu o doutorado na mesma institui\u00e7\u00e3o com a tese \u201cAs representa\u00e7\u00f5es sobre cidadania de gays, l\u00e9sbicas, bissexuais, travestis e transexuais no discurso jornal\u00edstico da Folha e do Estad\u00e3o\u201d. Desde ent\u00e3o, vem se aprofundando nos estudos sobre diversidade, como no curso que fez na Universidade de Lodz, na Pol\u00f4nia, em 2019, sobre aspectos sociais e econ\u00f4micos do multiculturalismo.<\/p>\n<p>Profissionalmente, atua na \u00e1rea acad\u00eamica h\u00e1 cerca de dez anos, na qual construiu uma s\u00f3lida carreira. Atualmente, Darde \u00e9 professor e coordenador dos cursos de Comunica\u00e7\u00e3o no Centro Universit\u00e1rio das Am\u00e9ricas &#8211; FAM e, entre suas experi\u00eancias anteriores, est\u00e3o a coordena\u00e7\u00e3o do Mestrado Profissional em Jornalismo do FIAMFAAM Centro Universit\u00e1rio, a coordena\u00e7\u00e3o dos cursos de Jornalismo e Rela\u00e7\u00f5es P\u00fablicas da mesma institui\u00e7\u00e3o; al\u00e9m de ter atuado como gerente acad\u00eamico da Escola de Comunica\u00e7\u00e3o, Artes, Design, Humanidades, Educa\u00e7\u00e3o e Moda do Centro Universit\u00e1rio FMU.<\/p>\n<p>Por conta de sua trajet\u00f3ria, o pesquisador constantemente \u00e9 convidado por ve\u00edculos de comunica\u00e7\u00e3o para conceder entrevistas como fonte especializada. Entre elas, est\u00e1 sua participa\u00e7\u00e3o no programa Todo Seu, da Rede Gazeta, no Dia Internacional de Combate \u00e0 Homofobia. Na ocasi\u00e3o, Darde fez uma reflex\u00e3o sobre a representatividade do grupo LGBTQIA+ na m\u00eddia brasileira. Confira a entrevista completa neste link: <a href=\"https:\/\/www.tvgazeta.com.br\/videos\/representatividade-grupo-lgbt-na-midia-brasileira\/\">https:\/\/www.tvgazeta.com.br\/videos\/representatividade-grupo-lgbt-na-midia-brasileira\/<\/a><\/p>\n<p><strong>Compartilhando o conhecimento<\/strong><\/p>\n<p><strong>\u00a0<\/strong>Darde afirma que n\u00e3o h\u00e1 d\u00favida de que h\u00e1 preconceito no Brasil. \u201cA pesquisa do Ibope apontou que o machismo \u00e9 percebido por 99% dos entrevistados e a discrimina\u00e7\u00e3o racial por 97%. Outro dado alarmante \u00e9 em rela\u00e7\u00e3o \u00e0 homofobia: entre as discrimina\u00e7\u00f5es declaradas, ela \u00e9 a prevalente, expressa por 29% dos brasileiros que admitem ter preconceito\u201d, afirma.<\/p>\n<p>O pesquisador explica, ainda, que a pesquisa apontou que dos 45% que responderam j\u00e1 ter visto preconceito nos coment\u00e1rios feitos por pessoas do seu conv\u00edvio, apenas metade decidiu reagir diante da situa\u00e7\u00e3o. E foi pensando em mudar este cen\u00e1rio que Darde decidiu propor o curso \u201cComunica\u00e7\u00e3o e Diversidade\u201d. Oferecido em parceria com a Trilha da Educa\u00e7\u00e3o, o objetivo \u00e9 discutir o papel da comunica\u00e7\u00e3o na gest\u00e3o e promo\u00e7\u00e3o de uma cultura que valorize as cinco dimens\u00f5es da diversidade: LGBTQIA+, g\u00eanero, \u00e9tnico-racial, PCD e geracional.<\/p>\n<p>O curso ser\u00e1 de 17 de agosto a 26 de setembro, com videoaulas e encontros ao vivo no site da Trilha da Educa\u00e7\u00e3o (<a href=\"http:\/\/www.trilhadaeducacao.com.br\">www.trilhadaeducacao.com.br<\/a>), e vai discutir com os participantes estrat\u00e9gias na produ\u00e7\u00e3o de conte\u00fados para as diferentes formas de comunica\u00e7\u00e3o: textos jornal\u00edsticos, publicidade, m\u00eddias digitais, rela\u00e7\u00f5es p\u00fablicas, design e games.<\/p>\n<p>Para mais informa\u00e7\u00f5es, como investimento e conte\u00fado program\u00e1tico, acesse: <a href=\"https:\/\/trilhadaeducacao.com.br\/local\/pages\/?id=11\">https:\/\/trilhadaeducacao.com.br\/local\/pages\/?id=11<\/a><\/p>\n<p><strong>Sobre a Trilha da Educa\u00e7\u00e3o<\/strong><\/p>\n<p><strong>\u00a0<\/strong>A Trilha da Educa\u00e7\u00e3o \u00e9 uma plataforma inovadora de ensino complementar que oferece cursos livres de diversas \u00e1reas do conhecimento e em diferentes formatos fundada em 2019. Com uma equipe formada por mestres e doutores, a iniciativa espera contribuir para a democratiza\u00e7\u00e3o da educa\u00e7\u00e3o de qualidade por meio do ensino \u00e0 dist\u00e2ncia e de valores acess\u00edveis. Hoje a plataforma conta com cerca de 30 cursos em seu cat\u00e1logo.<\/p>\n<p>Para saber das novidades da Trilha, curta a plataforma no Instagram (@trilhadaeducacao) e no Facebook (<a href=\"https:\/\/www.facebook.com\/trilhadaeducacao\">https:\/\/www.facebook.com\/trilhadaeducacao<\/a>) ou entre em contato pelo e-mail: contato@trilhadaeducacao.com.br.<\/p>\n","protected":false},"excerpt":{"rendered":"<p>Jornalista discute diversidade na comunica\u00e7\u00e3o em curso \u00a0Vicente Darde \u00e9 jornalista e doutor em Comunica\u00e7\u00e3o e prop\u00f5e discutir uma das tem\u00e1ticas mais sens\u00edveis e importantes da atualidade \u00a0\u201cMulher tem que se dar o respeito\u201d, \u201cisso \u00e9 coisa de viado\u201d e \u201cn\u00e3o sou preconceituoso, at\u00e9 tenho um amigo negro\u201d. Quantas vezes voc\u00ea j\u00e1 ouviu ou mesmo [&hellip;]<\/p>\n","protected":false},"author":1,"featured_media":0,"comment_status":"open","ping_status":"open","sticky":false,"template":"","format":"standard","meta":{"footnotes":""},"categories":[45],"tags":[],"class_list":["post-4560","post","type-post","status-publish","format-standard","hentry","category-sugestoes-e-dicas"],"yoast_head":"<!-- This site is optimized with the Yoast SEO plugin v27.2 - https:\/\/yoast.com\/product\/yoast-seo-wordpress\/ -->\n<title>Vicente Darde \u00e9 jornalista e doutor em Comunica\u00e7\u00e3o e prop\u00f5e discutir uma das tem\u00e1ticas mais sens\u00edveis e importantes da atualidade. - Guia GLBTS<\/title>\n<meta name=\"robots\" content=\"index, follow, max-snippet:-1, max-image-preview:large, max-video-preview:-1\" \/>\n<link rel=\"canonical\" href=\"https:\/\/www.guiaglbts.com.br\/blog\/vicente-darde-e-jornalista-e-doutor-em-comunicacao-e-propoe-discutir-uma-das-tematicas-mais-sensiveis-e-importantes-da-atualidade\/\" \/>\n<meta property=\"og:locale\" content=\"pt_BR\" \/>\n<meta property=\"og:type\" content=\"article\" \/>\n<meta property=\"og:title\" content=\"Vicente Darde \u00e9 jornalista e doutor em Comunica\u00e7\u00e3o e prop\u00f5e discutir uma das tem\u00e1ticas mais sens\u00edveis e importantes da atualidade. - Guia GLBTS\" \/>\n<meta property=\"og:description\" content=\"Jornalista discute diversidade na comunica\u00e7\u00e3o em curso \u00a0Vicente Darde \u00e9 jornalista e doutor em Comunica\u00e7\u00e3o e prop\u00f5e discutir uma das tem\u00e1ticas mais sens\u00edveis e importantes da atualidade \u00a0\u201cMulher tem que se dar o respeito\u201d, \u201cisso \u00e9 coisa de viado\u201d e \u201cn\u00e3o sou preconceituoso, at\u00e9 tenho um amigo negro\u201d. Quantas vezes voc\u00ea j\u00e1 ouviu ou mesmo [&hellip;]\" \/>\n<meta property=\"og:url\" content=\"https:\/\/www.guiaglbts.com.br\/blog\/vicente-darde-e-jornalista-e-doutor-em-comunicacao-e-propoe-discutir-uma-das-tematicas-mais-sensiveis-e-importantes-da-atualidade\/\" \/>\n<meta property=\"og:site_name\" content=\"Guia GLBTS\" \/>\n<meta property=\"article:publisher\" content=\"https:\/\/www.facebook.com\/guialgbtsclassificados\" \/>\n<meta property=\"article:published_time\" content=\"2020-08-21T19:16:43+00:00\" \/>\n<meta property=\"og:image\" content=\"https:\/\/www.guiaglbts.com.br\/blog\/wp-content\/uploads\/2020\/08\/post.jpg\" \/>\n\t<meta property=\"og:image:width\" content=\"1080\" \/>\n\t<meta property=\"og:image:height\" content=\"1080\" \/>\n\t<meta property=\"og:image:type\" content=\"image\/jpeg\" \/>\n<meta name=\"author\" content=\"Guia LGBTS\" \/>\n<meta name=\"twitter:card\" content=\"summary_large_image\" \/>\n<meta name=\"twitter:creator\" content=\"@GuiaLGBTS\" \/>\n<meta name=\"twitter:site\" content=\"@GuiaLGBTS\" \/>\n<meta name=\"twitter:label1\" content=\"Escrito por\" \/>\n\t<meta name=\"twitter:data1\" content=\"Guia LGBTS\" \/>\n\t<meta name=\"twitter:label2\" content=\"Est. tempo de leitura\" \/>\n\t<meta name=\"twitter:data2\" content=\"4 minutos\" \/>\n<script type=\"application\/ld+json\" class=\"yoast-schema-graph\">{\"@context\":\"https:\/\/schema.org\",\"@graph\":[{\"@type\":\"Article\",\"@id\":\"https:\/\/www.guiaglbts.com.br\/blog\/vicente-darde-e-jornalista-e-doutor-em-comunicacao-e-propoe-discutir-uma-das-tematicas-mais-sensiveis-e-importantes-da-atualidade\/#article\",\"isPartOf\":{\"@id\":\"https:\/\/www.guiaglbts.com.br\/blog\/vicente-darde-e-jornalista-e-doutor-em-comunicacao-e-propoe-discutir-uma-das-tematicas-mais-sensiveis-e-importantes-da-atualidade\/\"},\"author\":{\"name\":\"Guia LGBTS\",\"@id\":\"https:\/\/www.guiaglbts.com.br\/blog\/#\/schema\/person\/ff6ebe0fe94614255f5795ea5e49f943\"},\"headline\":\"Vicente Darde \u00e9 jornalista e doutor em Comunica\u00e7\u00e3o e prop\u00f5e discutir uma das tem\u00e1ticas mais sens\u00edveis e importantes da atualidade.\",\"datePublished\":\"2020-08-21T19:16:43+00:00\",\"mainEntityOfPage\":{\"@id\":\"https:\/\/www.guiaglbts.com.br\/blog\/vicente-darde-e-jornalista-e-doutor-em-comunicacao-e-propoe-discutir-uma-das-tematicas-mais-sensiveis-e-importantes-da-atualidade\/\"},\"wordCount\":844,\"commentCount\":0,\"publisher\":{\"@id\":\"https:\/\/www.guiaglbts.com.br\/blog\/#organization\"},\"image\":{\"@id\":\"https:\/\/www.guiaglbts.com.br\/blog\/vicente-darde-e-jornalista-e-doutor-em-comunicacao-e-propoe-discutir-uma-das-tematicas-mais-sensiveis-e-importantes-da-atualidade\/#primaryimage\"},\"thumbnailUrl\":\"https:\/\/www.guiaglbts.com.br\/blog\/wp-content\/uploads\/2020\/08\/post.jpg\",\"articleSection\":[\"Sugest\u00f5es e Dicas\"],\"inLanguage\":\"pt-BR\",\"potentialAction\":[{\"@type\":\"CommentAction\",\"name\":\"Comment\",\"target\":[\"https:\/\/www.guiaglbts.com.br\/blog\/vicente-darde-e-jornalista-e-doutor-em-comunicacao-e-propoe-discutir-uma-das-tematicas-mais-sensiveis-e-importantes-da-atualidade\/#respond\"]}]},{\"@type\":\"WebPage\",\"@id\":\"https:\/\/www.guiaglbts.com.br\/blog\/vicente-darde-e-jornalista-e-doutor-em-comunicacao-e-propoe-discutir-uma-das-tematicas-mais-sensiveis-e-importantes-da-atualidade\/\",\"url\":\"https:\/\/www.guiaglbts.com.br\/blog\/vicente-darde-e-jornalista-e-doutor-em-comunicacao-e-propoe-discutir-uma-das-tematicas-mais-sensiveis-e-importantes-da-atualidade\/\",\"name\":\"Vicente Darde \u00e9 jornalista e doutor em Comunica\u00e7\u00e3o e prop\u00f5e discutir uma das tem\u00e1ticas mais sens\u00edveis e importantes da atualidade. - Guia GLBTS\",\"isPartOf\":{\"@id\":\"https:\/\/www.guiaglbts.com.br\/blog\/#website\"},\"primaryImageOfPage\":{\"@id\":\"https:\/\/www.guiaglbts.com.br\/blog\/vicente-darde-e-jornalista-e-doutor-em-comunicacao-e-propoe-discutir-uma-das-tematicas-mais-sensiveis-e-importantes-da-atualidade\/#primaryimage\"},\"image\":{\"@id\":\"https:\/\/www.guiaglbts.com.br\/blog\/vicente-darde-e-jornalista-e-doutor-em-comunicacao-e-propoe-discutir-uma-das-tematicas-mais-sensiveis-e-importantes-da-atualidade\/#primaryimage\"},\"thumbnailUrl\":\"https:\/\/www.guiaglbts.com.br\/blog\/wp-content\/uploads\/2020\/08\/post.jpg\",\"datePublished\":\"2020-08-21T19:16:43+00:00\",\"breadcrumb\":{\"@id\":\"https:\/\/www.guiaglbts.com.br\/blog\/vicente-darde-e-jornalista-e-doutor-em-comunicacao-e-propoe-discutir-uma-das-tematicas-mais-sensiveis-e-importantes-da-atualidade\/#breadcrumb\"},\"inLanguage\":\"pt-BR\",\"potentialAction\":[{\"@type\":\"ReadAction\",\"target\":[\"https:\/\/www.guiaglbts.com.br\/blog\/vicente-darde-e-jornalista-e-doutor-em-comunicacao-e-propoe-discutir-uma-das-tematicas-mais-sensiveis-e-importantes-da-atualidade\/\"]}]},{\"@type\":\"ImageObject\",\"inLanguage\":\"pt-BR\",\"@id\":\"https:\/\/www.guiaglbts.com.br\/blog\/vicente-darde-e-jornalista-e-doutor-em-comunicacao-e-propoe-discutir-uma-das-tematicas-mais-sensiveis-e-importantes-da-atualidade\/#primaryimage\",\"url\":\"https:\/\/www.guiaglbts.com.br\/blog\/wp-content\/uploads\/2020\/08\/post.jpg\",\"contentUrl\":\"https:\/\/www.guiaglbts.com.br\/blog\/wp-content\/uploads\/2020\/08\/post.jpg\",\"width\":1080,\"height\":1080},{\"@type\":\"BreadcrumbList\",\"@id\":\"https:\/\/www.guiaglbts.com.br\/blog\/vicente-darde-e-jornalista-e-doutor-em-comunicacao-e-propoe-discutir-uma-das-tematicas-mais-sensiveis-e-importantes-da-atualidade\/#breadcrumb\",\"itemListElement\":[{\"@type\":\"ListItem\",\"position\":1,\"name\":\"In\u00edcio\",\"item\":\"https:\/\/www.guiaglbts.com.br\/blog\/\"},{\"@type\":\"ListItem\",\"position\":2,\"name\":\"Vicente Darde \u00e9 jornalista e doutor em Comunica\u00e7\u00e3o e prop\u00f5e discutir uma das tem\u00e1ticas mais sens\u00edveis e importantes da atualidade.\"}]},{\"@type\":\"WebSite\",\"@id\":\"https:\/\/www.guiaglbts.com.br\/blog\/#website\",\"url\":\"https:\/\/www.guiaglbts.com.br\/blog\/\",\"name\":\"Guia GLBTS\",\"description\":\"Guia da Nany People\",\"publisher\":{\"@id\":\"https:\/\/www.guiaglbts.com.br\/blog\/#organization\"},\"potentialAction\":[{\"@type\":\"SearchAction\",\"target\":{\"@type\":\"EntryPoint\",\"urlTemplate\":\"https:\/\/www.guiaglbts.com.br\/blog\/?s={search_term_string}\"},\"query-input\":{\"@type\":\"PropertyValueSpecification\",\"valueRequired\":true,\"valueName\":\"search_term_string\"}}],\"inLanguage\":\"pt-BR\"},{\"@type\":\"Organization\",\"@id\":\"https:\/\/www.guiaglbts.com.br\/blog\/#organization\",\"name\":\"Guia GLBTS\",\"url\":\"https:\/\/www.guiaglbts.com.br\/blog\/\",\"logo\":{\"@type\":\"ImageObject\",\"inLanguage\":\"pt-BR\",\"@id\":\"https:\/\/www.guiaglbts.com.br\/blog\/#\/schema\/logo\/image\/\",\"url\":\"https:\/\/www.guiaglbts.com.br\/blog\/wp-content\/uploads\/2025\/08\/logo_guia.png\",\"contentUrl\":\"https:\/\/www.guiaglbts.com.br\/blog\/wp-content\/uploads\/2025\/08\/logo_guia.png\",\"width\":310,\"height\":78,\"caption\":\"Guia GLBTS\"},\"image\":{\"@id\":\"https:\/\/www.guiaglbts.com.br\/blog\/#\/schema\/logo\/image\/\"},\"sameAs\":[\"https:\/\/www.facebook.com\/guialgbtsclassificados\",\"https:\/\/x.com\/GuiaLGBTS\",\"https:\/\/www.instagram.com\/guiadananypeople\/\",\"https:\/\/www.youtube.com\/user\/GuiaLGBTS\"]},{\"@type\":\"Person\",\"@id\":\"https:\/\/www.guiaglbts.com.br\/blog\/#\/schema\/person\/ff6ebe0fe94614255f5795ea5e49f943\",\"name\":\"Guia LGBTS\",\"image\":{\"@type\":\"ImageObject\",\"inLanguage\":\"pt-BR\",\"@id\":\"https:\/\/secure.gravatar.com\/avatar\/208a93bfca4e77bb7adb63052c085d311fc94da511c45466139bb7737d3af921?s=96&d=mm&r=g\",\"url\":\"https:\/\/secure.gravatar.com\/avatar\/208a93bfca4e77bb7adb63052c085d311fc94da511c45466139bb7737d3af921?s=96&d=mm&r=g\",\"contentUrl\":\"https:\/\/secure.gravatar.com\/avatar\/208a93bfca4e77bb7adb63052c085d311fc94da511c45466139bb7737d3af921?s=96&d=mm&r=g\",\"caption\":\"Guia LGBTS\"},\"url\":\"https:\/\/www.guiaglbts.com.br\/blog\/author\/admin\/\"}]}<\/script>\n<!-- \/ Yoast SEO plugin. -->","yoast_head_json":{"title":"Vicente Darde \u00e9 jornalista e doutor em Comunica\u00e7\u00e3o e prop\u00f5e discutir uma das tem\u00e1ticas mais sens\u00edveis e importantes da atualidade. - Guia GLBTS","robots":{"index":"index","follow":"follow","max-snippet":"max-snippet:-1","max-image-preview":"max-image-preview:large","max-video-preview":"max-video-preview:-1"},"canonical":"https:\/\/www.guiaglbts.com.br\/blog\/vicente-darde-e-jornalista-e-doutor-em-comunicacao-e-propoe-discutir-uma-das-tematicas-mais-sensiveis-e-importantes-da-atualidade\/","og_locale":"pt_BR","og_type":"article","og_title":"Vicente Darde \u00e9 jornalista e doutor em Comunica\u00e7\u00e3o e prop\u00f5e discutir uma das tem\u00e1ticas mais sens\u00edveis e importantes da atualidade. - Guia GLBTS","og_description":"Jornalista discute diversidade na comunica\u00e7\u00e3o em curso \u00a0Vicente Darde \u00e9 jornalista e doutor em Comunica\u00e7\u00e3o e prop\u00f5e discutir uma das tem\u00e1ticas mais sens\u00edveis e importantes da atualidade \u00a0\u201cMulher tem que se dar o respeito\u201d, \u201cisso \u00e9 coisa de viado\u201d e \u201cn\u00e3o sou preconceituoso, at\u00e9 tenho um amigo negro\u201d. Quantas vezes voc\u00ea j\u00e1 ouviu ou mesmo [&hellip;]","og_url":"https:\/\/www.guiaglbts.com.br\/blog\/vicente-darde-e-jornalista-e-doutor-em-comunicacao-e-propoe-discutir-uma-das-tematicas-mais-sensiveis-e-importantes-da-atualidade\/","og_site_name":"Guia GLBTS","article_publisher":"https:\/\/www.facebook.com\/guialgbtsclassificados","article_published_time":"2020-08-21T19:16:43+00:00","og_image":[{"width":1080,"height":1080,"url":"https:\/\/www.guiaglbts.com.br\/blog\/wp-content\/uploads\/2020\/08\/post.jpg","type":"image\/jpeg"}],"author":"Guia LGBTS","twitter_card":"summary_large_image","twitter_creator":"@GuiaLGBTS","twitter_site":"@GuiaLGBTS","twitter_misc":{"Escrito por":"Guia LGBTS","Est. tempo de leitura":"4 minutos"},"schema":{"@context":"https:\/\/schema.org","@graph":[{"@type":"Article","@id":"https:\/\/www.guiaglbts.com.br\/blog\/vicente-darde-e-jornalista-e-doutor-em-comunicacao-e-propoe-discutir-uma-das-tematicas-mais-sensiveis-e-importantes-da-atualidade\/#article","isPartOf":{"@id":"https:\/\/www.guiaglbts.com.br\/blog\/vicente-darde-e-jornalista-e-doutor-em-comunicacao-e-propoe-discutir-uma-das-tematicas-mais-sensiveis-e-importantes-da-atualidade\/"},"author":{"name":"Guia LGBTS","@id":"https:\/\/www.guiaglbts.com.br\/blog\/#\/schema\/person\/ff6ebe0fe94614255f5795ea5e49f943"},"headline":"Vicente Darde \u00e9 jornalista e doutor em Comunica\u00e7\u00e3o e prop\u00f5e discutir uma das tem\u00e1ticas mais sens\u00edveis e importantes da atualidade.","datePublished":"2020-08-21T19:16:43+00:00","mainEntityOfPage":{"@id":"https:\/\/www.guiaglbts.com.br\/blog\/vicente-darde-e-jornalista-e-doutor-em-comunicacao-e-propoe-discutir-uma-das-tematicas-mais-sensiveis-e-importantes-da-atualidade\/"},"wordCount":844,"commentCount":0,"publisher":{"@id":"https:\/\/www.guiaglbts.com.br\/blog\/#organization"},"image":{"@id":"https:\/\/www.guiaglbts.com.br\/blog\/vicente-darde-e-jornalista-e-doutor-em-comunicacao-e-propoe-discutir-uma-das-tematicas-mais-sensiveis-e-importantes-da-atualidade\/#primaryimage"},"thumbnailUrl":"https:\/\/www.guiaglbts.com.br\/blog\/wp-content\/uploads\/2020\/08\/post.jpg","articleSection":["Sugest\u00f5es e Dicas"],"inLanguage":"pt-BR","potentialAction":[{"@type":"CommentAction","name":"Comment","target":["https:\/\/www.guiaglbts.com.br\/blog\/vicente-darde-e-jornalista-e-doutor-em-comunicacao-e-propoe-discutir-uma-das-tematicas-mais-sensiveis-e-importantes-da-atualidade\/#respond"]}]},{"@type":"WebPage","@id":"https:\/\/www.guiaglbts.com.br\/blog\/vicente-darde-e-jornalista-e-doutor-em-comunicacao-e-propoe-discutir-uma-das-tematicas-mais-sensiveis-e-importantes-da-atualidade\/","url":"https:\/\/www.guiaglbts.com.br\/blog\/vicente-darde-e-jornalista-e-doutor-em-comunicacao-e-propoe-discutir-uma-das-tematicas-mais-sensiveis-e-importantes-da-atualidade\/","name":"Vicente Darde \u00e9 jornalista e doutor em Comunica\u00e7\u00e3o e prop\u00f5e discutir uma das tem\u00e1ticas mais sens\u00edveis e importantes da atualidade. - Guia GLBTS","isPartOf":{"@id":"https:\/\/www.guiaglbts.com.br\/blog\/#website"},"primaryImageOfPage":{"@id":"https:\/\/www.guiaglbts.com.br\/blog\/vicente-darde-e-jornalista-e-doutor-em-comunicacao-e-propoe-discutir-uma-das-tematicas-mais-sensiveis-e-importantes-da-atualidade\/#primaryimage"},"image":{"@id":"https:\/\/www.guiaglbts.com.br\/blog\/vicente-darde-e-jornalista-e-doutor-em-comunicacao-e-propoe-discutir-uma-das-tematicas-mais-sensiveis-e-importantes-da-atualidade\/#primaryimage"},"thumbnailUrl":"https:\/\/www.guiaglbts.com.br\/blog\/wp-content\/uploads\/2020\/08\/post.jpg","datePublished":"2020-08-21T19:16:43+00:00","breadcrumb":{"@id":"https:\/\/www.guiaglbts.com.br\/blog\/vicente-darde-e-jornalista-e-doutor-em-comunicacao-e-propoe-discutir-uma-das-tematicas-mais-sensiveis-e-importantes-da-atualidade\/#breadcrumb"},"inLanguage":"pt-BR","potentialAction":[{"@type":"ReadAction","target":["https:\/\/www.guiaglbts.com.br\/blog\/vicente-darde-e-jornalista-e-doutor-em-comunicacao-e-propoe-discutir-uma-das-tematicas-mais-sensiveis-e-importantes-da-atualidade\/"]}]},{"@type":"ImageObject","inLanguage":"pt-BR","@id":"https:\/\/www.guiaglbts.com.br\/blog\/vicente-darde-e-jornalista-e-doutor-em-comunicacao-e-propoe-discutir-uma-das-tematicas-mais-sensiveis-e-importantes-da-atualidade\/#primaryimage","url":"https:\/\/www.guiaglbts.com.br\/blog\/wp-content\/uploads\/2020\/08\/post.jpg","contentUrl":"https:\/\/www.guiaglbts.com.br\/blog\/wp-content\/uploads\/2020\/08\/post.jpg","width":1080,"height":1080},{"@type":"BreadcrumbList","@id":"https:\/\/www.guiaglbts.com.br\/blog\/vicente-darde-e-jornalista-e-doutor-em-comunicacao-e-propoe-discutir-uma-das-tematicas-mais-sensiveis-e-importantes-da-atualidade\/#breadcrumb","itemListElement":[{"@type":"ListItem","position":1,"name":"In\u00edcio","item":"https:\/\/www.guiaglbts.com.br\/blog\/"},{"@type":"ListItem","position":2,"name":"Vicente Darde \u00e9 jornalista e doutor em Comunica\u00e7\u00e3o e prop\u00f5e discutir uma das tem\u00e1ticas mais sens\u00edveis e importantes da atualidade."}]},{"@type":"WebSite","@id":"https:\/\/www.guiaglbts.com.br\/blog\/#website","url":"https:\/\/www.guiaglbts.com.br\/blog\/","name":"Guia GLBTS","description":"Guia da Nany People","publisher":{"@id":"https:\/\/www.guiaglbts.com.br\/blog\/#organization"},"potentialAction":[{"@type":"SearchAction","target":{"@type":"EntryPoint","urlTemplate":"https:\/\/www.guiaglbts.com.br\/blog\/?s={search_term_string}"},"query-input":{"@type":"PropertyValueSpecification","valueRequired":true,"valueName":"search_term_string"}}],"inLanguage":"pt-BR"},{"@type":"Organization","@id":"https:\/\/www.guiaglbts.com.br\/blog\/#organization","name":"Guia GLBTS","url":"https:\/\/www.guiaglbts.com.br\/blog\/","logo":{"@type":"ImageObject","inLanguage":"pt-BR","@id":"https:\/\/www.guiaglbts.com.br\/blog\/#\/schema\/logo\/image\/","url":"https:\/\/www.guiaglbts.com.br\/blog\/wp-content\/uploads\/2025\/08\/logo_guia.png","contentUrl":"https:\/\/www.guiaglbts.com.br\/blog\/wp-content\/uploads\/2025\/08\/logo_guia.png","width":310,"height":78,"caption":"Guia GLBTS"},"image":{"@id":"https:\/\/www.guiaglbts.com.br\/blog\/#\/schema\/logo\/image\/"},"sameAs":["https:\/\/www.facebook.com\/guialgbtsclassificados","https:\/\/x.com\/GuiaLGBTS","https:\/\/www.instagram.com\/guiadananypeople\/","https:\/\/www.youtube.com\/user\/GuiaLGBTS"]},{"@type":"Person","@id":"https:\/\/www.guiaglbts.com.br\/blog\/#\/schema\/person\/ff6ebe0fe94614255f5795ea5e49f943","name":"Guia LGBTS","image":{"@type":"ImageObject","inLanguage":"pt-BR","@id":"https:\/\/secure.gravatar.com\/avatar\/208a93bfca4e77bb7adb63052c085d311fc94da511c45466139bb7737d3af921?s=96&d=mm&r=g","url":"https:\/\/secure.gravatar.com\/avatar\/208a93bfca4e77bb7adb63052c085d311fc94da511c45466139bb7737d3af921?s=96&d=mm&r=g","contentUrl":"https:\/\/secure.gravatar.com\/avatar\/208a93bfca4e77bb7adb63052c085d311fc94da511c45466139bb7737d3af921?s=96&d=mm&r=g","caption":"Guia LGBTS"},"url":"https:\/\/www.guiaglbts.com.br\/blog\/author\/admin\/"}]}},"_links":{"self":[{"href":"https:\/\/www.guiaglbts.com.br\/blog\/wp-json\/wp\/v2\/posts\/4560","targetHints":{"allow":["GET"]}}],"collection":[{"href":"https:\/\/www.guiaglbts.com.br\/blog\/wp-json\/wp\/v2\/posts"}],"about":[{"href":"https:\/\/www.guiaglbts.com.br\/blog\/wp-json\/wp\/v2\/types\/post"}],"author":[{"embeddable":true,"href":"https:\/\/www.guiaglbts.com.br\/blog\/wp-json\/wp\/v2\/users\/1"}],"replies":[{"embeddable":true,"href":"https:\/\/www.guiaglbts.com.br\/blog\/wp-json\/wp\/v2\/comments?post=4560"}],"version-history":[{"count":1,"href":"https:\/\/www.guiaglbts.com.br\/blog\/wp-json\/wp\/v2\/posts\/4560\/revisions"}],"predecessor-version":[{"id":4562,"href":"https:\/\/www.guiaglbts.com.br\/blog\/wp-json\/wp\/v2\/posts\/4560\/revisions\/4562"}],"wp:attachment":[{"href":"https:\/\/www.guiaglbts.com.br\/blog\/wp-json\/wp\/v2\/media?parent=4560"}],"wp:term":[{"taxonomy":"category","embeddable":true,"href":"https:\/\/www.guiaglbts.com.br\/blog\/wp-json\/wp\/v2\/categories?post=4560"},{"taxonomy":"post_tag","embeddable":true,"href":"https:\/\/www.guiaglbts.com.br\/blog\/wp-json\/wp\/v2\/tags?post=4560"}],"curies":[{"name":"wp","href":"https:\/\/api.w.org\/{rel}","templated":true}]}}