{"id":4508,"date":"2020-08-07T16:21:34","date_gmt":"2020-08-07T19:21:34","guid":{"rendered":"https:\/\/www.guiaglbts.com.br\/blog\/?p=4508"},"modified":"2020-08-07T16:21:34","modified_gmt":"2020-08-07T19:21:34","slug":"maite-transemprego-casa-da-maite-museu-da-pessoa-em-parceria-com-a-transempregos-quer-ampliar-sua-diversidade-buscando-tambem-profissionais-trans-e-abre-vagas-de-coordencao-de-comunicacao-e-coordena","status":"publish","type":"post","link":"https:\/\/www.guiaglbts.com.br\/blog\/maite-transemprego-casa-da-maite-museu-da-pessoa-em-parceria-com-a-transempregos-quer-ampliar-sua-diversidade-buscando-tambem-profissionais-trans-e-abre-vagas-de-coordencao-de-comunicacao-e-coordena\/","title":{"rendered":"MAITE TRANSEMPREGO CASA DA MAITE: MUSEU DA PESSOA em parceria com a TRANSEMPREGOS, quer ampliar sua Diversidade buscando tamb\u00e9m profissionais TRANS e abre vagas de Coorden\u00e7\u00e3o de Comunica\u00e7\u00e3o e Coordena\u00e7\u00e3o de Social Media em S\u00c3O PAULO"},"content":{"rendered":"<p><img fetchpriority=\"high\" decoding=\"async\" class=\"alignnone size-full wp-image-4509\" src=\"https:\/\/www.guiaglbts.com.br\/blog\/wp-content\/uploads\/2020\/08\/imagem-11.jpg\" alt=\"\" width=\"1080\" height=\"1080\" srcset=\"https:\/\/www.guiaglbts.com.br\/blog\/wp-content\/uploads\/2020\/08\/imagem-11.jpg 1080w, https:\/\/www.guiaglbts.com.br\/blog\/wp-content\/uploads\/2020\/08\/imagem-11-300x300.jpg 300w, https:\/\/www.guiaglbts.com.br\/blog\/wp-content\/uploads\/2020\/08\/imagem-11-100x100.jpg 100w, https:\/\/www.guiaglbts.com.br\/blog\/wp-content\/uploads\/2020\/08\/imagem-11-600x600.jpg 600w, https:\/\/www.guiaglbts.com.br\/blog\/wp-content\/uploads\/2020\/08\/imagem-11-1024x1024.jpg 1024w, https:\/\/www.guiaglbts.com.br\/blog\/wp-content\/uploads\/2020\/08\/imagem-11-150x150.jpg 150w, https:\/\/www.guiaglbts.com.br\/blog\/wp-content\/uploads\/2020\/08\/imagem-11-768x768.jpg 768w\" sizes=\"(max-width: 1080px) 100vw, 1080px\" \/><\/p>\n<p>MAITE TRANSEMPREGO CASA DA MAITE: MUSEU DA PESSOA em parceria com a TRANSEMPREGOS, quer ampliar sua Diversidade buscando tamb\u00e9m profissionais TRANS e abre vagas de Coorden\u00e7\u00e3o de Comunica\u00e7\u00e3o e Coordena\u00e7\u00e3o de Social Media em S\u00c3O PAULO<\/p>\n<p>COORDENA\u00c7\u00c3O DE SOCIAL MEDIA- CONTE\u00daDO<\/p>\n<p>Principais Responsabilidades<\/p>\n<ul>\n<li>Gerir os canais digitais pr\u00f3prios de comunica\u00e7\u00e3o do Museu (linkedin, instagram, facebook, twitter, youtube)<\/li>\n<li>Criar a estrat\u00e9gia de social media em coer\u00eancia com a identidade da marca, seu p\u00fablico e seus objetivos<\/li>\n<li>Definir a estrat\u00e9gia para construir\/aumentar as bases de followers\/f\u00e3s e para desenvolver canais que reforcem o engajamento<\/li>\n<li>Definir a estrat\u00e9gia de conte\u00fado, estilo de comunica\u00e7\u00e3o e a execu\u00e7\u00e3o do calend\u00e1rio de conte\u00fado.<\/li>\n<li>Trabalhar no desenvolvimento de alian\u00e7as estrat\u00e9gicas dentro do setor de social media, para a\u00e7\u00f5es futuras que possam refor\u00e7ar o crescimento das comunidades e da marca da institui\u00e7\u00e3o<\/li>\n<li>Gerir, estudar e analisar resultados de relat\u00f3rios de performance digital (Supermetrics; Hotjar e outros) para detectar tanto amea\u00e7as e oportunidades quanto a efici\u00eancia das diferentes a\u00e7\u00f5es<\/li>\n<li>Gest\u00e3o e produ\u00e7\u00e3o de Google Grants, SEM e SEO<\/li>\n<li>Gest\u00e3o do fluxo de comunica\u00e7\u00e3o dos conte\u00fados digitais criados pela curadoria e museologia<\/li>\n<\/ul>\n<p>PERFIL \/ AFINIDADES<\/p>\n<ul>\n<li>Conhecimentos de Marketing, Comunica\u00e7\u00e3o Social, Publicidade, Administra\u00e7\u00e3o, Branding e desenvolvimento de conte\u00fado<\/li>\n<li>Uso e afinidades intensas com redes sociais<\/li>\n<li>Experi\u00eancia em gest\u00e3o e opera\u00e7\u00e3o de relat\u00f3rios e campanhas digital\/social.<\/li>\n<li>Familiaridade com os sistemas de web analytics, business analytics, e m\u00e9tricas sociais (Google Analytics, Google DataStudio e outros)<\/li>\n<li>Conhecimentos nos diferentes sistemas de an\u00e1lises de ROI, com convers\u00f5es e social media KPIs (ROI, Convers\u00e3o, Engajamento)<\/li>\n<li>Conhecimento em diferentes t\u00e9cnicas para o desenvolvimento de estrat\u00e9gias de Search Engine Marketing e SEO<\/li>\n<li>Familiaridade com os diferentes sistemas de campanhas de publicidade e promo\u00e7\u00e3o pagas das diferentes plataformas de social media<\/li>\n<\/ul>\n<p>Interessades devem enviar seu curr\u00edculo anexado para producao@museudapessoa.org indicando a vaga interessada e que veio pela Transempregos no t\u00edtulo do e-mail. Descreva tamb\u00e9m seu interesse na vaga, no Museu da Pessoa e indique sua pretens\u00e3o salarial.<\/p>\n<p>COORDENA\u00c7\u00c3O DE COMUNICA\u00c7\u00c3O:<\/p>\n<p>Principais responsabilidades<\/p>\n<ul>\n<li>Participar e conduzir a cria\u00e7\u00e3o do plano de comunica\u00e7\u00e3o: objetivos, p\u00fablicos, mensagens, a\u00e7\u00f5es, cronograma e or\u00e7amento<\/li>\n<li>Garantir a implementa\u00e7\u00e3o das a\u00e7\u00f5es de comunica\u00e7\u00e3o, com base em plano definido<\/li>\n<li>Prospectar e efetivar parcerias de comunica\u00e7\u00e3o, definir e gerindo os fluxo gerados<\/li>\n<li>Oferecer suporte \u00e0 capta\u00e7\u00e3o de recursos nos materiais de vendas e outras ferramentas necess\u00e1rias<\/li>\n<li>Criar e gerir r\u00e9gua de relacionamento do Museu com seus diversos p\u00fablicos<\/li>\n<li>Fornecer suporte ao Comit\u00ea de Comunica\u00e7\u00e3o para execu\u00e7\u00e3o de suas fun\u00e7\u00f5es<\/li>\n<li>Planejar e conduzir a grade das comunica\u00e7\u00f5es dos projetos em execu\u00e7\u00e3o em todos os meios<\/li>\n<li>Elaborar os conte\u00fados institucionais e program\u00e1ticos do Museu da Pessoa<\/li>\n<li>Planejar e conduzir projetos de comunica\u00e7\u00e3o interna<\/li>\n<li>Respons\u00e1vel pelo relacionamento e fluxo junto \u00e0s assessorias e ve\u00edculos de imprensa da institui\u00e7\u00e3o<\/li>\n<\/ul>\n<p>PERFIL\/AFINIDADES<\/p>\n<ul>\n<li>Conhecimento\/Forma\u00e7\u00e3o em Marketing, Comunica\u00e7\u00e3o Social, Administra\u00e7\u00e3o, Branding e desenvolvimento de conte\u00fado<\/li>\n<li>Habilidade para produ\u00e7\u00e3o de conte\u00fados<\/li>\n<li>Agilidade, proatividade e autonomia no dia-a-dia do trabalho<\/li>\n<li>Facilidade para relacionamento e adapta\u00e7\u00e3o<\/li>\n<li>Capacidade de organiza\u00e7\u00e3o e supervis\u00e3o<\/li>\n<li>Pacote Office<\/li>\n<li>Desej\u00e1vel hist\u00f3rico de atua\u00e7\u00e3o junto a organiza\u00e7\u00f5es culturais\/sociais<\/li>\n<\/ul>\n<p>Interessadxs devem enviar seu curr\u00edculo anexado para producao@museudapessoa.org indicando a vaga interessada no t\u00edtulo do e-mail e que veio pela Transempregos. Descreva tamb\u00e9m seu interesse na vaga, no Museu da Pessoa e indique sua pretens\u00e3o salarial.<\/p>\n<p>O Museu da Pessoa, um museu virtual e colaborativo de Hist\u00f3rias de Vida, tem como miss\u00e3o tornar a hist\u00f3ria de vida de toda e qualquer pessoa patrim\u00f4nio da humanidade. Somos uma organiza\u00e7\u00e3o sem fins lucrativos que est\u00e1 transformando e ampliando sua atua\u00e7\u00e3o e otimizando sua comunica\u00e7\u00e3o:.<\/p>\n<p>[31\/7 17:28] MAITE TRANSEMPREGO CASA SA MAITE: TRANSEMPREGOS DIVULGA:<\/p>\n<p>P\u00d3S-GRADUA\u00c7\u00c3O EM URBANISMO SOCIAL &#8211; 30 BOLSAS INTEGRAIS GRATUITAS PARA O BRASIL INTEIRO<\/p>\n<p>Como pensar o territ\u00f3rio urbano e a articula\u00e7\u00e3o dos v\u00e1rios elementos que o comp\u00f5em, como enfrentar os desafios desse contexto \u2013 em especial, a vulnerabilidade social? Com essa problem\u00e1tica em vista, o Insper, o Arq. Futuro e o Ita\u00fa Cultural realizam o curso de p\u00f3s-gradua\u00e7\u00e3o em urbanismo social Gest\u00e3o Urbana, Pol\u00edticas P\u00fablicas e Sociedade, cujo processo seletivo tem inscri\u00e7\u00f5es abertas at\u00e9 o dia 20 de agosto.<\/p>\n<p>Por meio do apoio do Ita\u00fa Cultural, ser\u00e3o concedidas bolsas de estudo integrais a estudantes de todo o Brasil, com possibilidade de participa\u00e7\u00e3o de alunos sem a escolaridade m\u00ednima exigida, os quais receber\u00e3o certificado de conclus\u00e3o em curso de extens\u00e3o.<\/p>\n<p>O curso \u00e9 composto de quatro trilhas, uma por trimestre: Problematiza\u00e7\u00e3o e conceitos em urbanismo social, Contextualiza\u00e7\u00e3o e caracteriza\u00e7\u00e3o dos territ\u00f3rios; Governan\u00e7a do territ\u00f3rio, articula\u00e7\u00e3o e engajamento social e cultural; e Inova\u00e7\u00e3o e proposi\u00e7\u00e3o de mudan\u00e7a. Ao longo do percurso, o aluno \u00e9 instru\u00eddo sobre instrumentos de financiamento urbano, m\u00e9todos de pesquisa quantitativa e qualitativa, comunica\u00e7\u00e3o, estrutura\u00e7\u00e3o institucional, design thinking e avalia\u00e7\u00e3o de impacto.<\/p>\n<p>As aulas come\u00e7am em 26 de outubro e acontecem \u00e0s quintas e sextas, das 9h \u00e0s 18h, e aos s\u00e1bados, das 8h \u00e0s 17h. Saiba mais e fa\u00e7a sua inscri\u00e7\u00e3o no site do Insper<\/p>\n<p>A R\u00e1dio Comunidade tem 30 bolsas integrais e das quais 10 s\u00e3o para lideran\u00e7as comunit\u00e1rias que n\u00e3o necessitar\u00e3o ter diploma de gradua\u00e7\u00e3o. Al\u00e9m disso para esses candidatos ofereceremos tamb\u00e9m transporte, estadia e alimenta\u00e7\u00e3o. Por favor divulguem e fa\u00e7am indica\u00e7\u00f5es, a composi\u00e7\u00e3o do corpo discente \u00e9 um dos pontos chaves da proposta do curso e queremos trazer lideran\u00e7as do pa\u00eds todo.<\/p>\n<p>http:\/\/www.itaucultural.org.br\/secoes\/formacao\/insper-futuro-itau-cultural-lancam-graduacao<\/p>\n<p>Informe o c\u00f3digo: R\u00e1dio Comunidade<\/p>\n","protected":false},"excerpt":{"rendered":"<p>MAITE TRANSEMPREGO CASA DA MAITE: MUSEU DA PESSOA em parceria com a TRANSEMPREGOS, quer ampliar sua Diversidade buscando tamb\u00e9m profissionais TRANS e abre vagas de Coorden\u00e7\u00e3o de Comunica\u00e7\u00e3o e Coordena\u00e7\u00e3o de Social Media em S\u00c3O PAULO COORDENA\u00c7\u00c3O DE SOCIAL MEDIA- CONTE\u00daDO Principais Responsabilidades Gerir os canais digitais pr\u00f3prios de comunica\u00e7\u00e3o do Museu (linkedin, instagram, facebook, [&hellip;]<\/p>\n","protected":false},"author":1,"featured_media":0,"comment_status":"open","ping_status":"open","sticky":false,"template":"","format":"standard","meta":{"footnotes":""},"categories":[931],"tags":[],"class_list":["post-4508","post","type-post","status-publish","format-standard","hentry","category-transempregos"],"yoast_head":"<!-- This site is optimized with the Yoast SEO plugin v27.2 - https:\/\/yoast.com\/product\/yoast-seo-wordpress\/ -->\n<title>MAITE TRANSEMPREGO CASA DA MAITE: MUSEU DA PESSOA em parceria com a TRANSEMPREGOS, quer ampliar sua Diversidade buscando tamb\u00e9m profissionais TRANS e abre vagas de Coorden\u00e7\u00e3o de Comunica\u00e7\u00e3o e Coordena\u00e7\u00e3o de Social Media em S\u00c3O PAULO - Guia GLBTS<\/title>\n<meta name=\"robots\" content=\"index, follow, max-snippet:-1, max-image-preview:large, max-video-preview:-1\" \/>\n<link rel=\"canonical\" href=\"https:\/\/www.guiaglbts.com.br\/blog\/maite-transemprego-casa-da-maite-museu-da-pessoa-em-parceria-com-a-transempregos-quer-ampliar-sua-diversidade-buscando-tambem-profissionais-trans-e-abre-vagas-de-coordencao-de-comunicacao-e-coordena\/\" \/>\n<meta property=\"og:locale\" content=\"pt_BR\" \/>\n<meta property=\"og:type\" content=\"article\" \/>\n<meta property=\"og:title\" content=\"MAITE TRANSEMPREGO CASA DA MAITE: MUSEU DA PESSOA em parceria com a TRANSEMPREGOS, quer ampliar sua Diversidade buscando tamb\u00e9m profissionais TRANS e abre vagas de Coorden\u00e7\u00e3o de Comunica\u00e7\u00e3o e Coordena\u00e7\u00e3o de Social Media em S\u00c3O PAULO - Guia GLBTS\" \/>\n<meta property=\"og:description\" content=\"MAITE TRANSEMPREGO CASA DA MAITE: MUSEU DA PESSOA em parceria com a TRANSEMPREGOS, quer ampliar sua Diversidade buscando tamb\u00e9m profissionais TRANS e abre vagas de Coorden\u00e7\u00e3o de Comunica\u00e7\u00e3o e Coordena\u00e7\u00e3o de Social Media em S\u00c3O PAULO COORDENA\u00c7\u00c3O DE SOCIAL MEDIA- CONTE\u00daDO Principais Responsabilidades Gerir os canais digitais pr\u00f3prios de comunica\u00e7\u00e3o do Museu (linkedin, instagram, facebook, [&hellip;]\" \/>\n<meta property=\"og:url\" content=\"https:\/\/www.guiaglbts.com.br\/blog\/maite-transemprego-casa-da-maite-museu-da-pessoa-em-parceria-com-a-transempregos-quer-ampliar-sua-diversidade-buscando-tambem-profissionais-trans-e-abre-vagas-de-coordencao-de-comunicacao-e-coordena\/\" \/>\n<meta property=\"og:site_name\" content=\"Guia GLBTS\" \/>\n<meta property=\"article:publisher\" content=\"https:\/\/www.facebook.com\/guialgbtsclassificados\" \/>\n<meta property=\"article:published_time\" content=\"2020-08-07T19:21:34+00:00\" \/>\n<meta property=\"og:image\" content=\"https:\/\/www.guiaglbts.com.br\/blog\/wp-content\/uploads\/2020\/08\/imagem-11.jpg\" \/>\n\t<meta property=\"og:image:width\" content=\"1080\" \/>\n\t<meta property=\"og:image:height\" content=\"1080\" \/>\n\t<meta property=\"og:image:type\" content=\"image\/jpeg\" \/>\n<meta name=\"author\" content=\"Guia LGBTS\" \/>\n<meta name=\"twitter:card\" content=\"summary_large_image\" \/>\n<meta name=\"twitter:creator\" content=\"@GuiaLGBTS\" \/>\n<meta name=\"twitter:site\" content=\"@GuiaLGBTS\" \/>\n<meta name=\"twitter:label1\" content=\"Escrito por\" \/>\n\t<meta name=\"twitter:data1\" content=\"Guia LGBTS\" \/>\n\t<meta name=\"twitter:label2\" content=\"Est. tempo de leitura\" \/>\n\t<meta name=\"twitter:data2\" content=\"5 minutos\" \/>\n<script type=\"application\/ld+json\" class=\"yoast-schema-graph\">{\"@context\":\"https:\/\/schema.org\",\"@graph\":[{\"@type\":\"Article\",\"@id\":\"https:\/\/www.guiaglbts.com.br\/blog\/maite-transemprego-casa-da-maite-museu-da-pessoa-em-parceria-com-a-transempregos-quer-ampliar-sua-diversidade-buscando-tambem-profissionais-trans-e-abre-vagas-de-coordencao-de-comunicacao-e-coordena\/#article\",\"isPartOf\":{\"@id\":\"https:\/\/www.guiaglbts.com.br\/blog\/maite-transemprego-casa-da-maite-museu-da-pessoa-em-parceria-com-a-transempregos-quer-ampliar-sua-diversidade-buscando-tambem-profissionais-trans-e-abre-vagas-de-coordencao-de-comunicacao-e-coordena\/\"},\"author\":{\"name\":\"Guia LGBTS\",\"@id\":\"https:\/\/www.guiaglbts.com.br\/blog\/#\/schema\/person\/ff6ebe0fe94614255f5795ea5e49f943\"},\"headline\":\"MAITE TRANSEMPREGO CASA DA MAITE: MUSEU DA PESSOA em parceria com a TRANSEMPREGOS, quer ampliar sua Diversidade buscando tamb\u00e9m profissionais TRANS e abre vagas de Coorden\u00e7\u00e3o de Comunica\u00e7\u00e3o e Coordena\u00e7\u00e3o de Social Media em S\u00c3O PAULO\",\"datePublished\":\"2020-08-07T19:21:34+00:00\",\"mainEntityOfPage\":{\"@id\":\"https:\/\/www.guiaglbts.com.br\/blog\/maite-transemprego-casa-da-maite-museu-da-pessoa-em-parceria-com-a-transempregos-quer-ampliar-sua-diversidade-buscando-tambem-profissionais-trans-e-abre-vagas-de-coordencao-de-comunicacao-e-coordena\/\"},\"wordCount\":1067,\"commentCount\":0,\"publisher\":{\"@id\":\"https:\/\/www.guiaglbts.com.br\/blog\/#organization\"},\"image\":{\"@id\":\"https:\/\/www.guiaglbts.com.br\/blog\/maite-transemprego-casa-da-maite-museu-da-pessoa-em-parceria-com-a-transempregos-quer-ampliar-sua-diversidade-buscando-tambem-profissionais-trans-e-abre-vagas-de-coordencao-de-comunicacao-e-coordena\/#primaryimage\"},\"thumbnailUrl\":\"https:\/\/www.guiaglbts.com.br\/blog\/wp-content\/uploads\/2020\/08\/imagem-11.jpg\",\"articleSection\":[\"Transempregos\"],\"inLanguage\":\"pt-BR\",\"potentialAction\":[{\"@type\":\"CommentAction\",\"name\":\"Comment\",\"target\":[\"https:\/\/www.guiaglbts.com.br\/blog\/maite-transemprego-casa-da-maite-museu-da-pessoa-em-parceria-com-a-transempregos-quer-ampliar-sua-diversidade-buscando-tambem-profissionais-trans-e-abre-vagas-de-coordencao-de-comunicacao-e-coordena\/#respond\"]}]},{\"@type\":\"WebPage\",\"@id\":\"https:\/\/www.guiaglbts.com.br\/blog\/maite-transemprego-casa-da-maite-museu-da-pessoa-em-parceria-com-a-transempregos-quer-ampliar-sua-diversidade-buscando-tambem-profissionais-trans-e-abre-vagas-de-coordencao-de-comunicacao-e-coordena\/\",\"url\":\"https:\/\/www.guiaglbts.com.br\/blog\/maite-transemprego-casa-da-maite-museu-da-pessoa-em-parceria-com-a-transempregos-quer-ampliar-sua-diversidade-buscando-tambem-profissionais-trans-e-abre-vagas-de-coordencao-de-comunicacao-e-coordena\/\",\"name\":\"MAITE TRANSEMPREGO CASA DA MAITE: MUSEU DA PESSOA em parceria com a TRANSEMPREGOS, quer ampliar sua Diversidade buscando tamb\u00e9m profissionais TRANS e abre vagas de Coorden\u00e7\u00e3o de Comunica\u00e7\u00e3o e Coordena\u00e7\u00e3o de Social Media em S\u00c3O PAULO - Guia GLBTS\",\"isPartOf\":{\"@id\":\"https:\/\/www.guiaglbts.com.br\/blog\/#website\"},\"primaryImageOfPage\":{\"@id\":\"https:\/\/www.guiaglbts.com.br\/blog\/maite-transemprego-casa-da-maite-museu-da-pessoa-em-parceria-com-a-transempregos-quer-ampliar-sua-diversidade-buscando-tambem-profissionais-trans-e-abre-vagas-de-coordencao-de-comunicacao-e-coordena\/#primaryimage\"},\"image\":{\"@id\":\"https:\/\/www.guiaglbts.com.br\/blog\/maite-transemprego-casa-da-maite-museu-da-pessoa-em-parceria-com-a-transempregos-quer-ampliar-sua-diversidade-buscando-tambem-profissionais-trans-e-abre-vagas-de-coordencao-de-comunicacao-e-coordena\/#primaryimage\"},\"thumbnailUrl\":\"https:\/\/www.guiaglbts.com.br\/blog\/wp-content\/uploads\/2020\/08\/imagem-11.jpg\",\"datePublished\":\"2020-08-07T19:21:34+00:00\",\"breadcrumb\":{\"@id\":\"https:\/\/www.guiaglbts.com.br\/blog\/maite-transemprego-casa-da-maite-museu-da-pessoa-em-parceria-com-a-transempregos-quer-ampliar-sua-diversidade-buscando-tambem-profissionais-trans-e-abre-vagas-de-coordencao-de-comunicacao-e-coordena\/#breadcrumb\"},\"inLanguage\":\"pt-BR\",\"potentialAction\":[{\"@type\":\"ReadAction\",\"target\":[\"https:\/\/www.guiaglbts.com.br\/blog\/maite-transemprego-casa-da-maite-museu-da-pessoa-em-parceria-com-a-transempregos-quer-ampliar-sua-diversidade-buscando-tambem-profissionais-trans-e-abre-vagas-de-coordencao-de-comunicacao-e-coordena\/\"]}]},{\"@type\":\"ImageObject\",\"inLanguage\":\"pt-BR\",\"@id\":\"https:\/\/www.guiaglbts.com.br\/blog\/maite-transemprego-casa-da-maite-museu-da-pessoa-em-parceria-com-a-transempregos-quer-ampliar-sua-diversidade-buscando-tambem-profissionais-trans-e-abre-vagas-de-coordencao-de-comunicacao-e-coordena\/#primaryimage\",\"url\":\"https:\/\/www.guiaglbts.com.br\/blog\/wp-content\/uploads\/2020\/08\/imagem-11.jpg\",\"contentUrl\":\"https:\/\/www.guiaglbts.com.br\/blog\/wp-content\/uploads\/2020\/08\/imagem-11.jpg\",\"width\":1080,\"height\":1080},{\"@type\":\"BreadcrumbList\",\"@id\":\"https:\/\/www.guiaglbts.com.br\/blog\/maite-transemprego-casa-da-maite-museu-da-pessoa-em-parceria-com-a-transempregos-quer-ampliar-sua-diversidade-buscando-tambem-profissionais-trans-e-abre-vagas-de-coordencao-de-comunicacao-e-coordena\/#breadcrumb\",\"itemListElement\":[{\"@type\":\"ListItem\",\"position\":1,\"name\":\"In\u00edcio\",\"item\":\"https:\/\/www.guiaglbts.com.br\/blog\/\"},{\"@type\":\"ListItem\",\"position\":2,\"name\":\"MAITE TRANSEMPREGO CASA DA MAITE: MUSEU DA PESSOA em parceria com a TRANSEMPREGOS, quer ampliar sua Diversidade buscando tamb\u00e9m profissionais TRANS e abre vagas de Coorden\u00e7\u00e3o de Comunica\u00e7\u00e3o e Coordena\u00e7\u00e3o de Social Media em S\u00c3O PAULO\"}]},{\"@type\":\"WebSite\",\"@id\":\"https:\/\/www.guiaglbts.com.br\/blog\/#website\",\"url\":\"https:\/\/www.guiaglbts.com.br\/blog\/\",\"name\":\"Guia GLBTS\",\"description\":\"Guia da Nany People\",\"publisher\":{\"@id\":\"https:\/\/www.guiaglbts.com.br\/blog\/#organization\"},\"potentialAction\":[{\"@type\":\"SearchAction\",\"target\":{\"@type\":\"EntryPoint\",\"urlTemplate\":\"https:\/\/www.guiaglbts.com.br\/blog\/?s={search_term_string}\"},\"query-input\":{\"@type\":\"PropertyValueSpecification\",\"valueRequired\":true,\"valueName\":\"search_term_string\"}}],\"inLanguage\":\"pt-BR\"},{\"@type\":\"Organization\",\"@id\":\"https:\/\/www.guiaglbts.com.br\/blog\/#organization\",\"name\":\"Guia GLBTS\",\"url\":\"https:\/\/www.guiaglbts.com.br\/blog\/\",\"logo\":{\"@type\":\"ImageObject\",\"inLanguage\":\"pt-BR\",\"@id\":\"https:\/\/www.guiaglbts.com.br\/blog\/#\/schema\/logo\/image\/\",\"url\":\"https:\/\/www.guiaglbts.com.br\/blog\/wp-content\/uploads\/2025\/08\/logo_guia.png\",\"contentUrl\":\"https:\/\/www.guiaglbts.com.br\/blog\/wp-content\/uploads\/2025\/08\/logo_guia.png\",\"width\":310,\"height\":78,\"caption\":\"Guia GLBTS\"},\"image\":{\"@id\":\"https:\/\/www.guiaglbts.com.br\/blog\/#\/schema\/logo\/image\/\"},\"sameAs\":[\"https:\/\/www.facebook.com\/guialgbtsclassificados\",\"https:\/\/x.com\/GuiaLGBTS\",\"https:\/\/www.instagram.com\/guiadananypeople\/\",\"https:\/\/www.youtube.com\/user\/GuiaLGBTS\"]},{\"@type\":\"Person\",\"@id\":\"https:\/\/www.guiaglbts.com.br\/blog\/#\/schema\/person\/ff6ebe0fe94614255f5795ea5e49f943\",\"name\":\"Guia LGBTS\",\"image\":{\"@type\":\"ImageObject\",\"inLanguage\":\"pt-BR\",\"@id\":\"https:\/\/secure.gravatar.com\/avatar\/208a93bfca4e77bb7adb63052c085d311fc94da511c45466139bb7737d3af921?s=96&d=mm&r=g\",\"url\":\"https:\/\/secure.gravatar.com\/avatar\/208a93bfca4e77bb7adb63052c085d311fc94da511c45466139bb7737d3af921?s=96&d=mm&r=g\",\"contentUrl\":\"https:\/\/secure.gravatar.com\/avatar\/208a93bfca4e77bb7adb63052c085d311fc94da511c45466139bb7737d3af921?s=96&d=mm&r=g\",\"caption\":\"Guia LGBTS\"},\"url\":\"https:\/\/www.guiaglbts.com.br\/blog\/author\/admin\/\"}]}<\/script>\n<!-- \/ Yoast SEO plugin. -->","yoast_head_json":{"title":"MAITE TRANSEMPREGO CASA DA MAITE: MUSEU DA PESSOA em parceria com a TRANSEMPREGOS, quer ampliar sua Diversidade buscando tamb\u00e9m profissionais TRANS e abre vagas de Coorden\u00e7\u00e3o de Comunica\u00e7\u00e3o e Coordena\u00e7\u00e3o de Social Media em S\u00c3O PAULO - Guia GLBTS","robots":{"index":"index","follow":"follow","max-snippet":"max-snippet:-1","max-image-preview":"max-image-preview:large","max-video-preview":"max-video-preview:-1"},"canonical":"https:\/\/www.guiaglbts.com.br\/blog\/maite-transemprego-casa-da-maite-museu-da-pessoa-em-parceria-com-a-transempregos-quer-ampliar-sua-diversidade-buscando-tambem-profissionais-trans-e-abre-vagas-de-coordencao-de-comunicacao-e-coordena\/","og_locale":"pt_BR","og_type":"article","og_title":"MAITE TRANSEMPREGO CASA DA MAITE: MUSEU DA PESSOA em parceria com a TRANSEMPREGOS, quer ampliar sua Diversidade buscando tamb\u00e9m profissionais TRANS e abre vagas de Coorden\u00e7\u00e3o de Comunica\u00e7\u00e3o e Coordena\u00e7\u00e3o de Social Media em S\u00c3O PAULO - Guia GLBTS","og_description":"MAITE TRANSEMPREGO CASA DA MAITE: MUSEU DA PESSOA em parceria com a TRANSEMPREGOS, quer ampliar sua Diversidade buscando tamb\u00e9m profissionais TRANS e abre vagas de Coorden\u00e7\u00e3o de Comunica\u00e7\u00e3o e Coordena\u00e7\u00e3o de Social Media em S\u00c3O PAULO COORDENA\u00c7\u00c3O DE SOCIAL MEDIA- CONTE\u00daDO Principais Responsabilidades Gerir os canais digitais pr\u00f3prios de comunica\u00e7\u00e3o do Museu (linkedin, instagram, facebook, [&hellip;]","og_url":"https:\/\/www.guiaglbts.com.br\/blog\/maite-transemprego-casa-da-maite-museu-da-pessoa-em-parceria-com-a-transempregos-quer-ampliar-sua-diversidade-buscando-tambem-profissionais-trans-e-abre-vagas-de-coordencao-de-comunicacao-e-coordena\/","og_site_name":"Guia GLBTS","article_publisher":"https:\/\/www.facebook.com\/guialgbtsclassificados","article_published_time":"2020-08-07T19:21:34+00:00","og_image":[{"width":1080,"height":1080,"url":"https:\/\/www.guiaglbts.com.br\/blog\/wp-content\/uploads\/2020\/08\/imagem-11.jpg","type":"image\/jpeg"}],"author":"Guia LGBTS","twitter_card":"summary_large_image","twitter_creator":"@GuiaLGBTS","twitter_site":"@GuiaLGBTS","twitter_misc":{"Escrito por":"Guia LGBTS","Est. tempo de leitura":"5 minutos"},"schema":{"@context":"https:\/\/schema.org","@graph":[{"@type":"Article","@id":"https:\/\/www.guiaglbts.com.br\/blog\/maite-transemprego-casa-da-maite-museu-da-pessoa-em-parceria-com-a-transempregos-quer-ampliar-sua-diversidade-buscando-tambem-profissionais-trans-e-abre-vagas-de-coordencao-de-comunicacao-e-coordena\/#article","isPartOf":{"@id":"https:\/\/www.guiaglbts.com.br\/blog\/maite-transemprego-casa-da-maite-museu-da-pessoa-em-parceria-com-a-transempregos-quer-ampliar-sua-diversidade-buscando-tambem-profissionais-trans-e-abre-vagas-de-coordencao-de-comunicacao-e-coordena\/"},"author":{"name":"Guia LGBTS","@id":"https:\/\/www.guiaglbts.com.br\/blog\/#\/schema\/person\/ff6ebe0fe94614255f5795ea5e49f943"},"headline":"MAITE TRANSEMPREGO CASA DA MAITE: MUSEU DA PESSOA em parceria com a TRANSEMPREGOS, quer ampliar sua Diversidade buscando tamb\u00e9m profissionais TRANS e abre vagas de Coorden\u00e7\u00e3o de Comunica\u00e7\u00e3o e Coordena\u00e7\u00e3o de Social Media em S\u00c3O PAULO","datePublished":"2020-08-07T19:21:34+00:00","mainEntityOfPage":{"@id":"https:\/\/www.guiaglbts.com.br\/blog\/maite-transemprego-casa-da-maite-museu-da-pessoa-em-parceria-com-a-transempregos-quer-ampliar-sua-diversidade-buscando-tambem-profissionais-trans-e-abre-vagas-de-coordencao-de-comunicacao-e-coordena\/"},"wordCount":1067,"commentCount":0,"publisher":{"@id":"https:\/\/www.guiaglbts.com.br\/blog\/#organization"},"image":{"@id":"https:\/\/www.guiaglbts.com.br\/blog\/maite-transemprego-casa-da-maite-museu-da-pessoa-em-parceria-com-a-transempregos-quer-ampliar-sua-diversidade-buscando-tambem-profissionais-trans-e-abre-vagas-de-coordencao-de-comunicacao-e-coordena\/#primaryimage"},"thumbnailUrl":"https:\/\/www.guiaglbts.com.br\/blog\/wp-content\/uploads\/2020\/08\/imagem-11.jpg","articleSection":["Transempregos"],"inLanguage":"pt-BR","potentialAction":[{"@type":"CommentAction","name":"Comment","target":["https:\/\/www.guiaglbts.com.br\/blog\/maite-transemprego-casa-da-maite-museu-da-pessoa-em-parceria-com-a-transempregos-quer-ampliar-sua-diversidade-buscando-tambem-profissionais-trans-e-abre-vagas-de-coordencao-de-comunicacao-e-coordena\/#respond"]}]},{"@type":"WebPage","@id":"https:\/\/www.guiaglbts.com.br\/blog\/maite-transemprego-casa-da-maite-museu-da-pessoa-em-parceria-com-a-transempregos-quer-ampliar-sua-diversidade-buscando-tambem-profissionais-trans-e-abre-vagas-de-coordencao-de-comunicacao-e-coordena\/","url":"https:\/\/www.guiaglbts.com.br\/blog\/maite-transemprego-casa-da-maite-museu-da-pessoa-em-parceria-com-a-transempregos-quer-ampliar-sua-diversidade-buscando-tambem-profissionais-trans-e-abre-vagas-de-coordencao-de-comunicacao-e-coordena\/","name":"MAITE TRANSEMPREGO CASA DA MAITE: MUSEU DA PESSOA em parceria com a TRANSEMPREGOS, quer ampliar sua Diversidade buscando tamb\u00e9m profissionais TRANS e abre vagas de Coorden\u00e7\u00e3o de Comunica\u00e7\u00e3o e Coordena\u00e7\u00e3o de Social Media em S\u00c3O PAULO - Guia GLBTS","isPartOf":{"@id":"https:\/\/www.guiaglbts.com.br\/blog\/#website"},"primaryImageOfPage":{"@id":"https:\/\/www.guiaglbts.com.br\/blog\/maite-transemprego-casa-da-maite-museu-da-pessoa-em-parceria-com-a-transempregos-quer-ampliar-sua-diversidade-buscando-tambem-profissionais-trans-e-abre-vagas-de-coordencao-de-comunicacao-e-coordena\/#primaryimage"},"image":{"@id":"https:\/\/www.guiaglbts.com.br\/blog\/maite-transemprego-casa-da-maite-museu-da-pessoa-em-parceria-com-a-transempregos-quer-ampliar-sua-diversidade-buscando-tambem-profissionais-trans-e-abre-vagas-de-coordencao-de-comunicacao-e-coordena\/#primaryimage"},"thumbnailUrl":"https:\/\/www.guiaglbts.com.br\/blog\/wp-content\/uploads\/2020\/08\/imagem-11.jpg","datePublished":"2020-08-07T19:21:34+00:00","breadcrumb":{"@id":"https:\/\/www.guiaglbts.com.br\/blog\/maite-transemprego-casa-da-maite-museu-da-pessoa-em-parceria-com-a-transempregos-quer-ampliar-sua-diversidade-buscando-tambem-profissionais-trans-e-abre-vagas-de-coordencao-de-comunicacao-e-coordena\/#breadcrumb"},"inLanguage":"pt-BR","potentialAction":[{"@type":"ReadAction","target":["https:\/\/www.guiaglbts.com.br\/blog\/maite-transemprego-casa-da-maite-museu-da-pessoa-em-parceria-com-a-transempregos-quer-ampliar-sua-diversidade-buscando-tambem-profissionais-trans-e-abre-vagas-de-coordencao-de-comunicacao-e-coordena\/"]}]},{"@type":"ImageObject","inLanguage":"pt-BR","@id":"https:\/\/www.guiaglbts.com.br\/blog\/maite-transemprego-casa-da-maite-museu-da-pessoa-em-parceria-com-a-transempregos-quer-ampliar-sua-diversidade-buscando-tambem-profissionais-trans-e-abre-vagas-de-coordencao-de-comunicacao-e-coordena\/#primaryimage","url":"https:\/\/www.guiaglbts.com.br\/blog\/wp-content\/uploads\/2020\/08\/imagem-11.jpg","contentUrl":"https:\/\/www.guiaglbts.com.br\/blog\/wp-content\/uploads\/2020\/08\/imagem-11.jpg","width":1080,"height":1080},{"@type":"BreadcrumbList","@id":"https:\/\/www.guiaglbts.com.br\/blog\/maite-transemprego-casa-da-maite-museu-da-pessoa-em-parceria-com-a-transempregos-quer-ampliar-sua-diversidade-buscando-tambem-profissionais-trans-e-abre-vagas-de-coordencao-de-comunicacao-e-coordena\/#breadcrumb","itemListElement":[{"@type":"ListItem","position":1,"name":"In\u00edcio","item":"https:\/\/www.guiaglbts.com.br\/blog\/"},{"@type":"ListItem","position":2,"name":"MAITE TRANSEMPREGO CASA DA MAITE: MUSEU DA PESSOA em parceria com a TRANSEMPREGOS, quer ampliar sua Diversidade buscando tamb\u00e9m profissionais TRANS e abre vagas de Coorden\u00e7\u00e3o de Comunica\u00e7\u00e3o e Coordena\u00e7\u00e3o de Social Media em S\u00c3O PAULO"}]},{"@type":"WebSite","@id":"https:\/\/www.guiaglbts.com.br\/blog\/#website","url":"https:\/\/www.guiaglbts.com.br\/blog\/","name":"Guia GLBTS","description":"Guia da Nany People","publisher":{"@id":"https:\/\/www.guiaglbts.com.br\/blog\/#organization"},"potentialAction":[{"@type":"SearchAction","target":{"@type":"EntryPoint","urlTemplate":"https:\/\/www.guiaglbts.com.br\/blog\/?s={search_term_string}"},"query-input":{"@type":"PropertyValueSpecification","valueRequired":true,"valueName":"search_term_string"}}],"inLanguage":"pt-BR"},{"@type":"Organization","@id":"https:\/\/www.guiaglbts.com.br\/blog\/#organization","name":"Guia GLBTS","url":"https:\/\/www.guiaglbts.com.br\/blog\/","logo":{"@type":"ImageObject","inLanguage":"pt-BR","@id":"https:\/\/www.guiaglbts.com.br\/blog\/#\/schema\/logo\/image\/","url":"https:\/\/www.guiaglbts.com.br\/blog\/wp-content\/uploads\/2025\/08\/logo_guia.png","contentUrl":"https:\/\/www.guiaglbts.com.br\/blog\/wp-content\/uploads\/2025\/08\/logo_guia.png","width":310,"height":78,"caption":"Guia GLBTS"},"image":{"@id":"https:\/\/www.guiaglbts.com.br\/blog\/#\/schema\/logo\/image\/"},"sameAs":["https:\/\/www.facebook.com\/guialgbtsclassificados","https:\/\/x.com\/GuiaLGBTS","https:\/\/www.instagram.com\/guiadananypeople\/","https:\/\/www.youtube.com\/user\/GuiaLGBTS"]},{"@type":"Person","@id":"https:\/\/www.guiaglbts.com.br\/blog\/#\/schema\/person\/ff6ebe0fe94614255f5795ea5e49f943","name":"Guia LGBTS","image":{"@type":"ImageObject","inLanguage":"pt-BR","@id":"https:\/\/secure.gravatar.com\/avatar\/208a93bfca4e77bb7adb63052c085d311fc94da511c45466139bb7737d3af921?s=96&d=mm&r=g","url":"https:\/\/secure.gravatar.com\/avatar\/208a93bfca4e77bb7adb63052c085d311fc94da511c45466139bb7737d3af921?s=96&d=mm&r=g","contentUrl":"https:\/\/secure.gravatar.com\/avatar\/208a93bfca4e77bb7adb63052c085d311fc94da511c45466139bb7737d3af921?s=96&d=mm&r=g","caption":"Guia LGBTS"},"url":"https:\/\/www.guiaglbts.com.br\/blog\/author\/admin\/"}]}},"_links":{"self":[{"href":"https:\/\/www.guiaglbts.com.br\/blog\/wp-json\/wp\/v2\/posts\/4508","targetHints":{"allow":["GET"]}}],"collection":[{"href":"https:\/\/www.guiaglbts.com.br\/blog\/wp-json\/wp\/v2\/posts"}],"about":[{"href":"https:\/\/www.guiaglbts.com.br\/blog\/wp-json\/wp\/v2\/types\/post"}],"author":[{"embeddable":true,"href":"https:\/\/www.guiaglbts.com.br\/blog\/wp-json\/wp\/v2\/users\/1"}],"replies":[{"embeddable":true,"href":"https:\/\/www.guiaglbts.com.br\/blog\/wp-json\/wp\/v2\/comments?post=4508"}],"version-history":[{"count":1,"href":"https:\/\/www.guiaglbts.com.br\/blog\/wp-json\/wp\/v2\/posts\/4508\/revisions"}],"predecessor-version":[{"id":4510,"href":"https:\/\/www.guiaglbts.com.br\/blog\/wp-json\/wp\/v2\/posts\/4508\/revisions\/4510"}],"wp:attachment":[{"href":"https:\/\/www.guiaglbts.com.br\/blog\/wp-json\/wp\/v2\/media?parent=4508"}],"wp:term":[{"taxonomy":"category","embeddable":true,"href":"https:\/\/www.guiaglbts.com.br\/blog\/wp-json\/wp\/v2\/categories?post=4508"},{"taxonomy":"post_tag","embeddable":true,"href":"https:\/\/www.guiaglbts.com.br\/blog\/wp-json\/wp\/v2\/tags?post=4508"}],"curies":[{"name":"wp","href":"https:\/\/api.w.org\/{rel}","templated":true}]}}