{"id":4209,"date":"2020-01-16T13:58:11","date_gmt":"2020-01-16T15:58:11","guid":{"rendered":"https:\/\/www.guiaglbts.com.br\/blog\/?p=4209"},"modified":"2020-01-16T13:58:11","modified_gmt":"2020-01-16T15:58:11","slug":"democracia-e-o-tema-da-parada-lgbt-de-sao-paulo-em-2020","status":"publish","type":"post","link":"https:\/\/www.guiaglbts.com.br\/blog\/democracia-e-o-tema-da-parada-lgbt-de-sao-paulo-em-2020\/","title":{"rendered":"Democracia \u00e9 o tema da parada LGBT de S\u00e3o Paulo em 2020"},"content":{"rendered":"<div><img fetchpriority=\"high\" decoding=\"async\" class=\"alignnone  wp-image-4210\" src=\"https:\/\/www.guiaglbts.com.br\/blog\/wp-content\/uploads\/2020\/01\/Untitled-69-1024x614.jpg\" alt=\"\" width=\"417\" height=\"250\" srcset=\"https:\/\/www.guiaglbts.com.br\/blog\/wp-content\/uploads\/2020\/01\/Untitled-69-1024x614.jpg 1024w, https:\/\/www.guiaglbts.com.br\/blog\/wp-content\/uploads\/2020\/01\/Untitled-69-1024x614-600x360.jpg 600w, https:\/\/www.guiaglbts.com.br\/blog\/wp-content\/uploads\/2020\/01\/Untitled-69-1024x614-300x180.jpg 300w, https:\/\/www.guiaglbts.com.br\/blog\/wp-content\/uploads\/2020\/01\/Untitled-69-1024x614-768x461.jpg 768w\" sizes=\"(max-width: 417px) 100vw, 417px\" \/><\/div>\n<div><span style=\"font-size: 16px;\">A Parada LGBT de S\u00e3o Paulo, a maior do mundo, definiu que o tema de 2020 ser\u00e1 \u201cDemocracia\u201d. Os recentes ataques \u00e1 comunidade LGBT e as elei\u00e7\u00f5es de 2020 foram os principais motivos que levaram o tema a se tornar vencedor. A outra proposta que estava concorrendo era de HIV e aids,\u00a0\u00a0mas decidiram deixar para o ano que vem, j\u00e1 que em 2021 completam-se 40 anos do in\u00edcio da epidemia da aids no mundo.<\/span><\/div>\n<div class=\"amp-wp-article-content\">\n<p>\u201cTendo em vista todo o cen\u00e1rio pol\u00edtico e social, e com o desmonte na \u00e1rea da sa\u00fade, na educa\u00e7\u00e3o e na cultura, que n\u00e3o atinge s\u00f3 a comunidade LGBT e, sim, toda a sociedade\u201d, disse o comunidade da\u00a0\u00a0Associa\u00e7\u00e3o da Parada do Orgulho LGBT de S\u00e3o Paulo, que abriu uma vota\u00e7\u00e3o para a escolha do slogan.<\/p>\n<p>Chegando em sua 24\u00aa, a parada de S\u00e3o Paulo se tornou uma manifesta\u00e7\u00e3o pol\u00edtica importante para o movimento LGBT. Temas como o casamento entre pessoas do mesmo sexo, a criminaliza\u00e7\u00e3o da LGBTfobia, direito das pessoas trans entre outros pontos foram pontos que ajudaram a pressionar a sociedade em decis\u00f5es positivas para a comunidade.<\/p>\n<p>Em 2019, o primeiro ano do mandato do presidente Jair Bolsonaro, que j\u00e1 se declarou como LGBTf\u00f3bico diversas vezes, a parada teve um tom politico muito maior que os anos anteriores. Cartazes e faixas repudiavam as falas do capit\u00e3o e exaltavam a decis\u00e3o do STF de criminalizar a LGBTfobia.<\/p>\n<p>O tema do ano anterior foi\u00a0<a href=\"https:\/\/www.cartacapital.com.br\/diversidade\/as-licoes-de-stonewall-a-parada-do-orgulho-lgbt\/\" target=\"_blank\" rel=\"noopener noreferrer\">a Revolta de Stonewall<\/a>, ocorrida em Nova York (EUA) em junho de 1969. Stonewall \u00e9 uma refer\u00eancia ao bar nova iorquino frequentado por membros da comunidade LGBTI+ (l\u00e9sbicas, gays, bissexuais e transg\u00eaneros), na d\u00e9cada de 1960, que resistiram a uma batida policial, gerando uma s\u00e9rie de manifesta\u00e7\u00f5es pela diversidade sexual. Um ano depois ocorria a primeira Parada do Orgulho Gay, em Nova York.<\/p>\n<p>Fonte: https:\/\/www-cartacapital-com-br.cdn.ampproject.org\/v\/s\/www.cartacapital.com.br\/diversidade\/democracia-e-o-tema-da-parada-lgbt-de-sao-paulo-em-2020\/amp\/?amp_js_v=0.1&amp;usqp=mq331AQCKAE%3D#origin=https%3A%2F%2Fwww.google.com&amp;prerenderSize=1&amp;visibilityState=prerender&amp;paddingTop=16&amp;p2r=0&amp;horizontalScrolling=0&amp;csi=1&amp;viewerUrl=https%3A%2F%2Fwww.google.com%2Famp%2Fs%2Fwww.cartacapital.com.br%2Fdiversidade%2Fdemocracia-e-o-tema-da-parada-lgbt-de-sao-paulo-em-2020%2Famp%2F&amp;history=1&amp;storage=1&amp;cid=1&amp;cap=navigateTo%2Ccid%2CfullReplaceHistory%2Cfragment%2CreplaceUrl%2Cswipe%2CiframeScroll<\/p>\n<\/div>\n","protected":false},"excerpt":{"rendered":"<p>A Parada LGBT de S\u00e3o Paulo, a maior do mundo, definiu que o tema de 2020 ser\u00e1 \u201cDemocracia\u201d. Os recentes ataques \u00e1 comunidade LGBT e as elei\u00e7\u00f5es de 2020 foram os principais motivos que levaram o tema a se tornar vencedor. A outra proposta que estava concorrendo era de HIV e aids,\u00a0\u00a0mas decidiram deixar para [&hellip;]<\/p>\n","protected":false},"author":1,"featured_media":0,"comment_status":"open","ping_status":"open","sticky":false,"template":"","format":"standard","meta":{"footnotes":""},"categories":[200],"tags":[],"class_list":["post-4209","post","type-post","status-publish","format-standard","hentry","category-na-midia"],"yoast_head":"<!-- This site is optimized with the Yoast SEO plugin v27.2 - https:\/\/yoast.com\/product\/yoast-seo-wordpress\/ -->\n<title>Democracia \u00e9 o tema da parada LGBT de S\u00e3o Paulo em 2020 - Guia GLBTS<\/title>\n<meta name=\"robots\" content=\"index, follow, max-snippet:-1, max-image-preview:large, max-video-preview:-1\" \/>\n<link rel=\"canonical\" href=\"https:\/\/www.guiaglbts.com.br\/blog\/democracia-e-o-tema-da-parada-lgbt-de-sao-paulo-em-2020\/\" \/>\n<meta property=\"og:locale\" content=\"pt_BR\" \/>\n<meta property=\"og:type\" content=\"article\" \/>\n<meta property=\"og:title\" content=\"Democracia \u00e9 o tema da parada LGBT de S\u00e3o Paulo em 2020 - Guia GLBTS\" \/>\n<meta property=\"og:description\" content=\"A Parada LGBT de S\u00e3o Paulo, a maior do mundo, definiu que o tema de 2020 ser\u00e1 \u201cDemocracia\u201d. Os recentes ataques \u00e1 comunidade LGBT e as elei\u00e7\u00f5es de 2020 foram os principais motivos que levaram o tema a se tornar vencedor. A outra proposta que estava concorrendo era de HIV e aids,\u00a0\u00a0mas decidiram deixar para [&hellip;]\" \/>\n<meta property=\"og:url\" content=\"https:\/\/www.guiaglbts.com.br\/blog\/democracia-e-o-tema-da-parada-lgbt-de-sao-paulo-em-2020\/\" \/>\n<meta property=\"og:site_name\" content=\"Guia GLBTS\" \/>\n<meta property=\"article:publisher\" content=\"https:\/\/www.facebook.com\/guialgbtsclassificados\" \/>\n<meta property=\"article:published_time\" content=\"2020-01-16T15:58:11+00:00\" \/>\n<meta property=\"og:image\" content=\"https:\/\/www.guiaglbts.com.br\/blog\/wp-content\/uploads\/2020\/01\/Untitled-69-1024x614.jpg\" \/>\n\t<meta property=\"og:image:width\" content=\"1024\" \/>\n\t<meta property=\"og:image:height\" content=\"614\" \/>\n\t<meta property=\"og:image:type\" content=\"image\/jpeg\" \/>\n<meta name=\"author\" content=\"Guia LGBTS\" \/>\n<meta name=\"twitter:card\" content=\"summary_large_image\" \/>\n<meta name=\"twitter:creator\" content=\"@GuiaLGBTS\" \/>\n<meta name=\"twitter:site\" content=\"@GuiaLGBTS\" \/>\n<meta name=\"twitter:label1\" content=\"Escrito por\" \/>\n\t<meta name=\"twitter:data1\" content=\"Guia LGBTS\" \/>\n\t<meta name=\"twitter:label2\" content=\"Est. tempo de leitura\" \/>\n\t<meta name=\"twitter:data2\" content=\"2 minutos\" \/>\n<script type=\"application\/ld+json\" class=\"yoast-schema-graph\">{\"@context\":\"https:\/\/schema.org\",\"@graph\":[{\"@type\":\"Article\",\"@id\":\"https:\/\/www.guiaglbts.com.br\/blog\/democracia-e-o-tema-da-parada-lgbt-de-sao-paulo-em-2020\/#article\",\"isPartOf\":{\"@id\":\"https:\/\/www.guiaglbts.com.br\/blog\/democracia-e-o-tema-da-parada-lgbt-de-sao-paulo-em-2020\/\"},\"author\":{\"name\":\"Guia LGBTS\",\"@id\":\"https:\/\/www.guiaglbts.com.br\/blog\/#\/schema\/person\/ff6ebe0fe94614255f5795ea5e49f943\"},\"headline\":\"Democracia \u00e9 o tema da parada LGBT de S\u00e3o Paulo em 2020\",\"datePublished\":\"2020-01-16T15:58:11+00:00\",\"mainEntityOfPage\":{\"@id\":\"https:\/\/www.guiaglbts.com.br\/blog\/democracia-e-o-tema-da-parada-lgbt-de-sao-paulo-em-2020\/\"},\"wordCount\":405,\"commentCount\":0,\"publisher\":{\"@id\":\"https:\/\/www.guiaglbts.com.br\/blog\/#organization\"},\"image\":{\"@id\":\"https:\/\/www.guiaglbts.com.br\/blog\/democracia-e-o-tema-da-parada-lgbt-de-sao-paulo-em-2020\/#primaryimage\"},\"thumbnailUrl\":\"https:\/\/www.guiaglbts.com.br\/blog\/wp-content\/uploads\/2020\/01\/Untitled-69-1024x614.jpg\",\"articleSection\":[\"Na M\u00eddia\"],\"inLanguage\":\"pt-BR\",\"potentialAction\":[{\"@type\":\"CommentAction\",\"name\":\"Comment\",\"target\":[\"https:\/\/www.guiaglbts.com.br\/blog\/democracia-e-o-tema-da-parada-lgbt-de-sao-paulo-em-2020\/#respond\"]}]},{\"@type\":\"WebPage\",\"@id\":\"https:\/\/www.guiaglbts.com.br\/blog\/democracia-e-o-tema-da-parada-lgbt-de-sao-paulo-em-2020\/\",\"url\":\"https:\/\/www.guiaglbts.com.br\/blog\/democracia-e-o-tema-da-parada-lgbt-de-sao-paulo-em-2020\/\",\"name\":\"Democracia \u00e9 o tema da parada LGBT de S\u00e3o Paulo em 2020 - Guia GLBTS\",\"isPartOf\":{\"@id\":\"https:\/\/www.guiaglbts.com.br\/blog\/#website\"},\"primaryImageOfPage\":{\"@id\":\"https:\/\/www.guiaglbts.com.br\/blog\/democracia-e-o-tema-da-parada-lgbt-de-sao-paulo-em-2020\/#primaryimage\"},\"image\":{\"@id\":\"https:\/\/www.guiaglbts.com.br\/blog\/democracia-e-o-tema-da-parada-lgbt-de-sao-paulo-em-2020\/#primaryimage\"},\"thumbnailUrl\":\"https:\/\/www.guiaglbts.com.br\/blog\/wp-content\/uploads\/2020\/01\/Untitled-69-1024x614.jpg\",\"datePublished\":\"2020-01-16T15:58:11+00:00\",\"breadcrumb\":{\"@id\":\"https:\/\/www.guiaglbts.com.br\/blog\/democracia-e-o-tema-da-parada-lgbt-de-sao-paulo-em-2020\/#breadcrumb\"},\"inLanguage\":\"pt-BR\",\"potentialAction\":[{\"@type\":\"ReadAction\",\"target\":[\"https:\/\/www.guiaglbts.com.br\/blog\/democracia-e-o-tema-da-parada-lgbt-de-sao-paulo-em-2020\/\"]}]},{\"@type\":\"ImageObject\",\"inLanguage\":\"pt-BR\",\"@id\":\"https:\/\/www.guiaglbts.com.br\/blog\/democracia-e-o-tema-da-parada-lgbt-de-sao-paulo-em-2020\/#primaryimage\",\"url\":\"https:\/\/www.guiaglbts.com.br\/blog\/wp-content\/uploads\/2020\/01\/Untitled-69-1024x614.jpg\",\"contentUrl\":\"https:\/\/www.guiaglbts.com.br\/blog\/wp-content\/uploads\/2020\/01\/Untitled-69-1024x614.jpg\",\"width\":1024,\"height\":614},{\"@type\":\"BreadcrumbList\",\"@id\":\"https:\/\/www.guiaglbts.com.br\/blog\/democracia-e-o-tema-da-parada-lgbt-de-sao-paulo-em-2020\/#breadcrumb\",\"itemListElement\":[{\"@type\":\"ListItem\",\"position\":1,\"name\":\"In\u00edcio\",\"item\":\"https:\/\/www.guiaglbts.com.br\/blog\/\"},{\"@type\":\"ListItem\",\"position\":2,\"name\":\"Democracia \u00e9 o tema da parada LGBT de S\u00e3o Paulo em 2020\"}]},{\"@type\":\"WebSite\",\"@id\":\"https:\/\/www.guiaglbts.com.br\/blog\/#website\",\"url\":\"https:\/\/www.guiaglbts.com.br\/blog\/\",\"name\":\"Guia GLBTS\",\"description\":\"Guia da Nany People\",\"publisher\":{\"@id\":\"https:\/\/www.guiaglbts.com.br\/blog\/#organization\"},\"potentialAction\":[{\"@type\":\"SearchAction\",\"target\":{\"@type\":\"EntryPoint\",\"urlTemplate\":\"https:\/\/www.guiaglbts.com.br\/blog\/?s={search_term_string}\"},\"query-input\":{\"@type\":\"PropertyValueSpecification\",\"valueRequired\":true,\"valueName\":\"search_term_string\"}}],\"inLanguage\":\"pt-BR\"},{\"@type\":\"Organization\",\"@id\":\"https:\/\/www.guiaglbts.com.br\/blog\/#organization\",\"name\":\"Guia GLBTS\",\"url\":\"https:\/\/www.guiaglbts.com.br\/blog\/\",\"logo\":{\"@type\":\"ImageObject\",\"inLanguage\":\"pt-BR\",\"@id\":\"https:\/\/www.guiaglbts.com.br\/blog\/#\/schema\/logo\/image\/\",\"url\":\"https:\/\/www.guiaglbts.com.br\/blog\/wp-content\/uploads\/2025\/08\/logo_guia.png\",\"contentUrl\":\"https:\/\/www.guiaglbts.com.br\/blog\/wp-content\/uploads\/2025\/08\/logo_guia.png\",\"width\":310,\"height\":78,\"caption\":\"Guia GLBTS\"},\"image\":{\"@id\":\"https:\/\/www.guiaglbts.com.br\/blog\/#\/schema\/logo\/image\/\"},\"sameAs\":[\"https:\/\/www.facebook.com\/guialgbtsclassificados\",\"https:\/\/x.com\/GuiaLGBTS\",\"https:\/\/www.instagram.com\/guiadananypeople\/\",\"https:\/\/www.youtube.com\/user\/GuiaLGBTS\"]},{\"@type\":\"Person\",\"@id\":\"https:\/\/www.guiaglbts.com.br\/blog\/#\/schema\/person\/ff6ebe0fe94614255f5795ea5e49f943\",\"name\":\"Guia LGBTS\",\"image\":{\"@type\":\"ImageObject\",\"inLanguage\":\"pt-BR\",\"@id\":\"https:\/\/secure.gravatar.com\/avatar\/208a93bfca4e77bb7adb63052c085d311fc94da511c45466139bb7737d3af921?s=96&d=mm&r=g\",\"url\":\"https:\/\/secure.gravatar.com\/avatar\/208a93bfca4e77bb7adb63052c085d311fc94da511c45466139bb7737d3af921?s=96&d=mm&r=g\",\"contentUrl\":\"https:\/\/secure.gravatar.com\/avatar\/208a93bfca4e77bb7adb63052c085d311fc94da511c45466139bb7737d3af921?s=96&d=mm&r=g\",\"caption\":\"Guia LGBTS\"},\"url\":\"https:\/\/www.guiaglbts.com.br\/blog\/author\/admin\/\"}]}<\/script>\n<!-- \/ Yoast SEO plugin. -->","yoast_head_json":{"title":"Democracia \u00e9 o tema da parada LGBT de S\u00e3o Paulo em 2020 - Guia GLBTS","robots":{"index":"index","follow":"follow","max-snippet":"max-snippet:-1","max-image-preview":"max-image-preview:large","max-video-preview":"max-video-preview:-1"},"canonical":"https:\/\/www.guiaglbts.com.br\/blog\/democracia-e-o-tema-da-parada-lgbt-de-sao-paulo-em-2020\/","og_locale":"pt_BR","og_type":"article","og_title":"Democracia \u00e9 o tema da parada LGBT de S\u00e3o Paulo em 2020 - Guia GLBTS","og_description":"A Parada LGBT de S\u00e3o Paulo, a maior do mundo, definiu que o tema de 2020 ser\u00e1 \u201cDemocracia\u201d. Os recentes ataques \u00e1 comunidade LGBT e as elei\u00e7\u00f5es de 2020 foram os principais motivos que levaram o tema a se tornar vencedor. A outra proposta que estava concorrendo era de HIV e aids,\u00a0\u00a0mas decidiram deixar para [&hellip;]","og_url":"https:\/\/www.guiaglbts.com.br\/blog\/democracia-e-o-tema-da-parada-lgbt-de-sao-paulo-em-2020\/","og_site_name":"Guia GLBTS","article_publisher":"https:\/\/www.facebook.com\/guialgbtsclassificados","article_published_time":"2020-01-16T15:58:11+00:00","og_image":[{"width":1024,"height":614,"url":"https:\/\/www.guiaglbts.com.br\/blog\/wp-content\/uploads\/2020\/01\/Untitled-69-1024x614.jpg","type":"image\/jpeg"}],"author":"Guia LGBTS","twitter_card":"summary_large_image","twitter_creator":"@GuiaLGBTS","twitter_site":"@GuiaLGBTS","twitter_misc":{"Escrito por":"Guia LGBTS","Est. tempo de leitura":"2 minutos"},"schema":{"@context":"https:\/\/schema.org","@graph":[{"@type":"Article","@id":"https:\/\/www.guiaglbts.com.br\/blog\/democracia-e-o-tema-da-parada-lgbt-de-sao-paulo-em-2020\/#article","isPartOf":{"@id":"https:\/\/www.guiaglbts.com.br\/blog\/democracia-e-o-tema-da-parada-lgbt-de-sao-paulo-em-2020\/"},"author":{"name":"Guia LGBTS","@id":"https:\/\/www.guiaglbts.com.br\/blog\/#\/schema\/person\/ff6ebe0fe94614255f5795ea5e49f943"},"headline":"Democracia \u00e9 o tema da parada LGBT de S\u00e3o Paulo em 2020","datePublished":"2020-01-16T15:58:11+00:00","mainEntityOfPage":{"@id":"https:\/\/www.guiaglbts.com.br\/blog\/democracia-e-o-tema-da-parada-lgbt-de-sao-paulo-em-2020\/"},"wordCount":405,"commentCount":0,"publisher":{"@id":"https:\/\/www.guiaglbts.com.br\/blog\/#organization"},"image":{"@id":"https:\/\/www.guiaglbts.com.br\/blog\/democracia-e-o-tema-da-parada-lgbt-de-sao-paulo-em-2020\/#primaryimage"},"thumbnailUrl":"https:\/\/www.guiaglbts.com.br\/blog\/wp-content\/uploads\/2020\/01\/Untitled-69-1024x614.jpg","articleSection":["Na M\u00eddia"],"inLanguage":"pt-BR","potentialAction":[{"@type":"CommentAction","name":"Comment","target":["https:\/\/www.guiaglbts.com.br\/blog\/democracia-e-o-tema-da-parada-lgbt-de-sao-paulo-em-2020\/#respond"]}]},{"@type":"WebPage","@id":"https:\/\/www.guiaglbts.com.br\/blog\/democracia-e-o-tema-da-parada-lgbt-de-sao-paulo-em-2020\/","url":"https:\/\/www.guiaglbts.com.br\/blog\/democracia-e-o-tema-da-parada-lgbt-de-sao-paulo-em-2020\/","name":"Democracia \u00e9 o tema da parada LGBT de S\u00e3o Paulo em 2020 - Guia GLBTS","isPartOf":{"@id":"https:\/\/www.guiaglbts.com.br\/blog\/#website"},"primaryImageOfPage":{"@id":"https:\/\/www.guiaglbts.com.br\/blog\/democracia-e-o-tema-da-parada-lgbt-de-sao-paulo-em-2020\/#primaryimage"},"image":{"@id":"https:\/\/www.guiaglbts.com.br\/blog\/democracia-e-o-tema-da-parada-lgbt-de-sao-paulo-em-2020\/#primaryimage"},"thumbnailUrl":"https:\/\/www.guiaglbts.com.br\/blog\/wp-content\/uploads\/2020\/01\/Untitled-69-1024x614.jpg","datePublished":"2020-01-16T15:58:11+00:00","breadcrumb":{"@id":"https:\/\/www.guiaglbts.com.br\/blog\/democracia-e-o-tema-da-parada-lgbt-de-sao-paulo-em-2020\/#breadcrumb"},"inLanguage":"pt-BR","potentialAction":[{"@type":"ReadAction","target":["https:\/\/www.guiaglbts.com.br\/blog\/democracia-e-o-tema-da-parada-lgbt-de-sao-paulo-em-2020\/"]}]},{"@type":"ImageObject","inLanguage":"pt-BR","@id":"https:\/\/www.guiaglbts.com.br\/blog\/democracia-e-o-tema-da-parada-lgbt-de-sao-paulo-em-2020\/#primaryimage","url":"https:\/\/www.guiaglbts.com.br\/blog\/wp-content\/uploads\/2020\/01\/Untitled-69-1024x614.jpg","contentUrl":"https:\/\/www.guiaglbts.com.br\/blog\/wp-content\/uploads\/2020\/01\/Untitled-69-1024x614.jpg","width":1024,"height":614},{"@type":"BreadcrumbList","@id":"https:\/\/www.guiaglbts.com.br\/blog\/democracia-e-o-tema-da-parada-lgbt-de-sao-paulo-em-2020\/#breadcrumb","itemListElement":[{"@type":"ListItem","position":1,"name":"In\u00edcio","item":"https:\/\/www.guiaglbts.com.br\/blog\/"},{"@type":"ListItem","position":2,"name":"Democracia \u00e9 o tema da parada LGBT de S\u00e3o Paulo em 2020"}]},{"@type":"WebSite","@id":"https:\/\/www.guiaglbts.com.br\/blog\/#website","url":"https:\/\/www.guiaglbts.com.br\/blog\/","name":"Guia GLBTS","description":"Guia da Nany People","publisher":{"@id":"https:\/\/www.guiaglbts.com.br\/blog\/#organization"},"potentialAction":[{"@type":"SearchAction","target":{"@type":"EntryPoint","urlTemplate":"https:\/\/www.guiaglbts.com.br\/blog\/?s={search_term_string}"},"query-input":{"@type":"PropertyValueSpecification","valueRequired":true,"valueName":"search_term_string"}}],"inLanguage":"pt-BR"},{"@type":"Organization","@id":"https:\/\/www.guiaglbts.com.br\/blog\/#organization","name":"Guia GLBTS","url":"https:\/\/www.guiaglbts.com.br\/blog\/","logo":{"@type":"ImageObject","inLanguage":"pt-BR","@id":"https:\/\/www.guiaglbts.com.br\/blog\/#\/schema\/logo\/image\/","url":"https:\/\/www.guiaglbts.com.br\/blog\/wp-content\/uploads\/2025\/08\/logo_guia.png","contentUrl":"https:\/\/www.guiaglbts.com.br\/blog\/wp-content\/uploads\/2025\/08\/logo_guia.png","width":310,"height":78,"caption":"Guia GLBTS"},"image":{"@id":"https:\/\/www.guiaglbts.com.br\/blog\/#\/schema\/logo\/image\/"},"sameAs":["https:\/\/www.facebook.com\/guialgbtsclassificados","https:\/\/x.com\/GuiaLGBTS","https:\/\/www.instagram.com\/guiadananypeople\/","https:\/\/www.youtube.com\/user\/GuiaLGBTS"]},{"@type":"Person","@id":"https:\/\/www.guiaglbts.com.br\/blog\/#\/schema\/person\/ff6ebe0fe94614255f5795ea5e49f943","name":"Guia LGBTS","image":{"@type":"ImageObject","inLanguage":"pt-BR","@id":"https:\/\/secure.gravatar.com\/avatar\/208a93bfca4e77bb7adb63052c085d311fc94da511c45466139bb7737d3af921?s=96&d=mm&r=g","url":"https:\/\/secure.gravatar.com\/avatar\/208a93bfca4e77bb7adb63052c085d311fc94da511c45466139bb7737d3af921?s=96&d=mm&r=g","contentUrl":"https:\/\/secure.gravatar.com\/avatar\/208a93bfca4e77bb7adb63052c085d311fc94da511c45466139bb7737d3af921?s=96&d=mm&r=g","caption":"Guia LGBTS"},"url":"https:\/\/www.guiaglbts.com.br\/blog\/author\/admin\/"}]}},"_links":{"self":[{"href":"https:\/\/www.guiaglbts.com.br\/blog\/wp-json\/wp\/v2\/posts\/4209","targetHints":{"allow":["GET"]}}],"collection":[{"href":"https:\/\/www.guiaglbts.com.br\/blog\/wp-json\/wp\/v2\/posts"}],"about":[{"href":"https:\/\/www.guiaglbts.com.br\/blog\/wp-json\/wp\/v2\/types\/post"}],"author":[{"embeddable":true,"href":"https:\/\/www.guiaglbts.com.br\/blog\/wp-json\/wp\/v2\/users\/1"}],"replies":[{"embeddable":true,"href":"https:\/\/www.guiaglbts.com.br\/blog\/wp-json\/wp\/v2\/comments?post=4209"}],"version-history":[{"count":1,"href":"https:\/\/www.guiaglbts.com.br\/blog\/wp-json\/wp\/v2\/posts\/4209\/revisions"}],"predecessor-version":[{"id":4211,"href":"https:\/\/www.guiaglbts.com.br\/blog\/wp-json\/wp\/v2\/posts\/4209\/revisions\/4211"}],"wp:attachment":[{"href":"https:\/\/www.guiaglbts.com.br\/blog\/wp-json\/wp\/v2\/media?parent=4209"}],"wp:term":[{"taxonomy":"category","embeddable":true,"href":"https:\/\/www.guiaglbts.com.br\/blog\/wp-json\/wp\/v2\/categories?post=4209"},{"taxonomy":"post_tag","embeddable":true,"href":"https:\/\/www.guiaglbts.com.br\/blog\/wp-json\/wp\/v2\/tags?post=4209"}],"curies":[{"name":"wp","href":"https:\/\/api.w.org\/{rel}","templated":true}]}}